{"id":53002,"date":"2023-01-08T10:34:26","date_gmt":"2023-01-08T15:34:26","guid":{"rendered":"https:\/\/l21.mx\/?p=53002"},"modified":"2023-01-09T10:35:57","modified_gmt":"2023-01-09T15:35:57","slug":"familias-disfrutan-del-domingo-con-rodando-por-solidaridad","status":"publish","type":"post","link":"https:\/\/l21.mx\/?p=53002","title":{"rendered":"Familias disfrutan del domingo con Rodando por Solidaridad"},"content":{"rendered":"<p>&nbsp;<\/p>\n<p>*La presidenta municipal Lili Campos continuar\u00e1 impulsando en este 2023, la activaci\u00f3n f\u00edsica en beneficio de las familias solidarenses con la biciruta<\/p>\n<p>Playa del Carmen, Solidaridad a 08 de enero.- Como parte de las actividades de activaci\u00f3n f\u00edsica, la sana convivencia y familiar que impulsa la presidenta municipal Lili Campos, este domingo de ocho a diez de la ma\u00f1ana; se llev\u00f3 con \u00e9xito la primera edici\u00f3n del 2023 del programa Rodando por Solidaridad.<\/p>\n<p><a href=\"https:\/\/l21.mx\/wp-content\/uploads\/2023\/01\/WhatsApp-Image-2023-01-08-at-14.09.28.jpeg\" data-rel=\"penci-gallery-image-content\" ><img fetchpriority=\"high\" decoding=\"async\" class=\"alignnone size-medium wp-image-53003\" src=\"https:\/\/l21.mx\/wp-content\/uploads\/2023\/01\/WhatsApp-Image-2023-01-08-at-14.09.28-300x199.jpeg\" alt=\"\" width=\"300\" height=\"199\" srcset=\"https:\/\/l21.mx\/wp-content\/uploads\/2023\/01\/WhatsApp-Image-2023-01-08-at-14.09.28-300x199.jpeg 300w, https:\/\/l21.mx\/wp-content\/uploads\/2023\/01\/WhatsApp-Image-2023-01-08-at-14.09.28-1024x678.jpeg 1024w, https:\/\/l21.mx\/wp-content\/uploads\/2023\/01\/WhatsApp-Image-2023-01-08-at-14.09.28-768x509.jpeg 768w, https:\/\/l21.mx\/wp-content\/uploads\/2023\/01\/WhatsApp-Image-2023-01-08-at-14.09.28-1200x795.jpeg 1200w, https:\/\/l21.mx\/wp-content\/uploads\/2023\/01\/WhatsApp-Image-2023-01-08-at-14.09.28-1170x775.jpeg 1170w, https:\/\/l21.mx\/wp-content\/uploads\/2023\/01\/WhatsApp-Image-2023-01-08-at-14.09.28-780x516.jpeg 780w, https:\/\/l21.mx\/wp-content\/uploads\/2023\/01\/WhatsApp-Image-2023-01-08-at-14.09.28-585x387.jpeg 585w, https:\/\/l21.mx\/wp-content\/uploads\/2023\/01\/WhatsApp-Image-2023-01-08-at-14.09.28-263x175.jpeg 263w, https:\/\/l21.mx\/wp-content\/uploads\/2023\/01\/WhatsApp-Image-2023-01-08-at-14.09.28.jpeg 1279w\" sizes=\"(max-width: 300px) 100vw, 300px\" \/><\/a><\/p>\n<p>El subdirector general del Instituto del Deporte Municipal (IDM), Javier Alvarado, dio el banderazo de salida de las bicicletas, patines, scooters y pedestres a nombre de Lili Campos y el titular del Instituto; Amador Guti\u00e9rrez Guigui, e inform\u00f3 que el compromiso de Lili Campo es realizar dicho programa cada primer domingo del mes.<\/p>\n<p>Decenas de familias e integrantes de la Academia Municipal de Patines sobre Ruedas, tomaron parte de la bici ruta establecida sobre la avenida Constituyentes con avenida 20 y calle 8 norte, resguardados por los elementos de la Direcci\u00f3n de Tr\u00e1nsito Municipal y de Protecci\u00f3n Civil.<\/p>\n","protected":false},"excerpt":{"rendered":"<p>&nbsp; *La presidenta municipal Lili Campos continuar\u00e1 impulsando en este 2023, la activaci\u00f3n f\u00edsica en beneficio&hellip;<\/p>\n","protected":false},"author":100,"featured_media":53004,"comment_status":"closed","ping_status":"closed","sticky":false,"template":"","format":"standard","meta":{"_acf_changed":false,"_lmt_disableupdate":"","_lmt_disable":"","_mbp_gutenberg_autopost":false,"footnotes":""},"categories":[1654],"tags":[],"class_list":["post-53002","post","type-post","status-publish","format-standard","has-post-thumbnail","hentry","category-solidaridad"],"acf":[],"_links":{"self":[{"href":"https:\/\/l21.mx\/index.php?rest_route=\/wp\/v2\/posts\/53002","targetHints":{"allow":["GET"]}}],"collection":[{"href":"https:\/\/l21.mx\/index.php?rest_route=\/wp\/v2\/posts"}],"about":[{"href":"https:\/\/l21.mx\/index.php?rest_route=\/wp\/v2\/types\/post"}],"author":[{"embeddable":true,"href":"https:\/\/l21.mx\/index.php?rest_route=\/wp\/v2\/users\/100"}],"replies":[{"embeddable":true,"href":"https:\/\/l21.mx\/index.php?rest_route=%2Fwp%2Fv2%2Fcomments&post=53002"}],"version-history":[{"count":0,"href":"https:\/\/l21.mx\/index.php?rest_route=\/wp\/v2\/posts\/53002\/revisions"}],"wp:featuredmedia":[{"embeddable":true,"href":"https:\/\/l21.mx\/index.php?rest_route=\/wp\/v2\/media\/53004"}],"wp:attachment":[{"href":"https:\/\/l21.mx\/index.php?rest_route=%2Fwp%2Fv2%2Fmedia&parent=53002"}],"wp:term":[{"taxonomy":"category","embeddable":true,"href":"https:\/\/l21.mx\/index.php?rest_route=%2Fwp%2Fv2%2Fcategories&post=53002"},{"taxonomy":"post_tag","embeddable":true,"href":"https:\/\/l21.mx\/index.php?rest_route=%2Fwp%2Fv2%2Ftags&post=53002"}],"curies":[{"name":"wp","href":"https:\/\/api.w.org\/{rel}","templated":true}]}}