{"id":53027,"date":"2023-01-11T13:22:36","date_gmt":"2023-01-11T18:22:36","guid":{"rendered":"https:\/\/l21.mx\/?p=53027"},"modified":"2023-01-11T13:22:36","modified_gmt":"2023-01-11T18:22:36","slug":"en-playa-del-carmen-renuevan-la-iluminacion-del-puente-a-desnivel","status":"publish","type":"post","link":"https:\/\/l21.mx\/?p=53027","title":{"rendered":"En Playa del Carmen renuevan la iluminaci\u00f3n del puente a desnivel"},"content":{"rendered":"<p>\u2022 Se instal\u00f3 la l\u00e1mpara 5 mil, con un sistema inteligente que permite aumentar o disminuir la intensidad, de acuerdo al aforo vehicular<\/p>\n<p><a href=\"https:\/\/l21.mx\/wp-content\/uploads\/2023\/01\/playa-del-carmen-luminaria-puente-3.jpeg\" data-rel=\"penci-gallery-image-content\" ><img fetchpriority=\"high\" decoding=\"async\" class=\"alignnone size-medium wp-image-53031\" src=\"https:\/\/l21.mx\/wp-content\/uploads\/2023\/01\/playa-del-carmen-luminaria-puente-3-300x212.jpeg\" alt=\"\" width=\"300\" height=\"212\" srcset=\"https:\/\/l21.mx\/wp-content\/uploads\/2023\/01\/playa-del-carmen-luminaria-puente-3-300x212.jpeg 300w, https:\/\/l21.mx\/wp-content\/uploads\/2023\/01\/playa-del-carmen-luminaria-puente-3-1024x722.jpeg 1024w, https:\/\/l21.mx\/wp-content\/uploads\/2023\/01\/playa-del-carmen-luminaria-puente-3-768x542.jpeg 768w, https:\/\/l21.mx\/wp-content\/uploads\/2023\/01\/playa-del-carmen-luminaria-puente-3-1200x847.jpeg 1200w, https:\/\/l21.mx\/wp-content\/uploads\/2023\/01\/playa-del-carmen-luminaria-puente-3-1170x825.jpeg 1170w, https:\/\/l21.mx\/wp-content\/uploads\/2023\/01\/playa-del-carmen-luminaria-puente-3-585x413.jpeg 585w, https:\/\/l21.mx\/wp-content\/uploads\/2023\/01\/playa-del-carmen-luminaria-puente-3.jpeg 1280w\" sizes=\"(max-width: 300px) 100vw, 300px\" \/><\/a><\/p>\n<p>Playa del Carmen, Solidaridad, 11 de enero del 2023.- El gobierno de Lili Campos renov\u00f3 la iluminaci\u00f3n sobre el puente a desnivel e instal\u00f3 la luminaria n\u00famero 5 mil, con sistema para bajar y subir la intensidad por las noches de acuerdo al aforo vehicular.<\/p>\n<p>\u00abSe colocaron 476 l\u00e1mparas nuevas sobre el puente a desnivel, entre la 11 sur y la Avenida Solidaridad, las l\u00e1mparas estaban da\u00f1adas o fundidas y la iluminaci\u00f3n era muy mal\u00bb explic\u00f3 afirm\u00f3 Lili Campos. A\u00f1adi\u00f3 que con estas acciones se brinda mayor seguridad vial, se reducen y previenen accidentes.<\/p>\n<p>Aclar\u00f3 que el mantenimiento es posible debido a que en fechas pasadas firm\u00f3 el convenio de colaboraci\u00f3n con la Secretar\u00eda de Infraestructura, Comunicaciones y Transportes (SICT) para tomar acciones directas sobre el puente a desnivel.<\/p>\n<p>Cabe recordar que el proyecto de iluminaci\u00f3n general contempla la colocaci\u00f3n de 7 mil luminarias, lo cual abarca avenidas primarias y del primer cuadro de la ciudad.<\/p>\n<p><a href=\"https:\/\/l21.mx\/wp-content\/uploads\/2023\/01\/playa-del-carmen-luminaria-puente-4.jpeg\" data-rel=\"penci-gallery-image-content\" ><img decoding=\"async\" class=\"alignnone size-medium wp-image-53028\" src=\"https:\/\/l21.mx\/wp-content\/uploads\/2023\/01\/playa-del-carmen-luminaria-puente-4-300x169.jpeg\" alt=\"\" width=\"300\" height=\"169\" srcset=\"https:\/\/l21.mx\/wp-content\/uploads\/2023\/01\/playa-del-carmen-luminaria-puente-4-300x169.jpeg 300w, https:\/\/l21.mx\/wp-content\/uploads\/2023\/01\/playa-del-carmen-luminaria-puente-4-1024x576.jpeg 1024w, https:\/\/l21.mx\/wp-content\/uploads\/2023\/01\/playa-del-carmen-luminaria-puente-4-768x432.jpeg 768w, https:\/\/l21.mx\/wp-content\/uploads\/2023\/01\/playa-del-carmen-luminaria-puente-4-1200x675.jpeg 1200w, https:\/\/l21.mx\/wp-content\/uploads\/2023\/01\/playa-del-carmen-luminaria-puente-4-1170x663.jpeg 1170w, https:\/\/l21.mx\/wp-content\/uploads\/2023\/01\/playa-del-carmen-luminaria-puente-4-585x329.jpeg 585w, https:\/\/l21.mx\/wp-content\/uploads\/2023\/01\/playa-del-carmen-luminaria-puente-4.jpeg 1280w\" sizes=\"(max-width: 300px) 100vw, 300px\" \/><\/a><\/p>\n<p>El titular de la secretar\u00eda de servicios p\u00fablicos, Benny Mill\u00e1n Parra, detall\u00f3 que las l\u00e1mparas son inteligentes o telegesti\u00f3n, con garant\u00eda extendida de 10 a\u00f1os en todos sus componentes, de 160 watts y 100 watts, con sistema para aumentar o disminuir la intensidad de iluminaci\u00f3n, las que son monitoreadas desde un centro de control, pudiendo detectar la falla de cualquier luminaria y hasta el robo de cables.<\/p>\n","protected":false},"excerpt":{"rendered":"<p>\u2022 Se instal\u00f3 la l\u00e1mpara 5 mil, con un sistema inteligente que permite aumentar o disminuir&hellip;<\/p>\n","protected":false},"author":100,"featured_media":53029,"comment_status":"closed","ping_status":"closed","sticky":false,"template":"","format":"standard","meta":{"_acf_changed":false,"_lmt_disableupdate":"","_lmt_disable":"","_mbp_gutenberg_autopost":false,"footnotes":""},"categories":[1654],"tags":[],"class_list":["post-53027","post","type-post","status-publish","format-standard","has-post-thumbnail","hentry","category-solidaridad"],"acf":[],"_links":{"self":[{"href":"https:\/\/l21.mx\/index.php?rest_route=\/wp\/v2\/posts\/53027","targetHints":{"allow":["GET"]}}],"collection":[{"href":"https:\/\/l21.mx\/index.php?rest_route=\/wp\/v2\/posts"}],"about":[{"href":"https:\/\/l21.mx\/index.php?rest_route=\/wp\/v2\/types\/post"}],"author":[{"embeddable":true,"href":"https:\/\/l21.mx\/index.php?rest_route=\/wp\/v2\/users\/100"}],"replies":[{"embeddable":true,"href":"https:\/\/l21.mx\/index.php?rest_route=%2Fwp%2Fv2%2Fcomments&post=53027"}],"version-history":[{"count":0,"href":"https:\/\/l21.mx\/index.php?rest_route=\/wp\/v2\/posts\/53027\/revisions"}],"wp:featuredmedia":[{"embeddable":true,"href":"https:\/\/l21.mx\/index.php?rest_route=\/wp\/v2\/media\/53029"}],"wp:attachment":[{"href":"https:\/\/l21.mx\/index.php?rest_route=%2Fwp%2Fv2%2Fmedia&parent=53027"}],"wp:term":[{"taxonomy":"category","embeddable":true,"href":"https:\/\/l21.mx\/index.php?rest_route=%2Fwp%2Fv2%2Fcategories&post=53027"},{"taxonomy":"post_tag","embeddable":true,"href":"https:\/\/l21.mx\/index.php?rest_route=%2Fwp%2Fv2%2Ftags&post=53027"}],"curies":[{"name":"wp","href":"https:\/\/api.w.org\/{rel}","templated":true}]}}