{"id":53124,"date":"2023-01-17T12:26:16","date_gmt":"2023-01-17T17:26:16","guid":{"rendered":"https:\/\/l21.mx\/?p=53124"},"modified":"2023-01-18T12:27:42","modified_gmt":"2023-01-18T17:27:42","slug":"tras-compromiso-con-lili-campos-aguakan-inicia-trabajos-en-el-servicio-de-agua","status":"publish","type":"post","link":"https:\/\/l21.mx\/?p=53124","title":{"rendered":"Tras compromiso con Lili Campos, Aguakan inicia trabajos en el servicio de agua"},"content":{"rendered":"<p>&nbsp;<\/p>\n<p>\u2022 Para que mejore el servicio en beneficio de las familias<\/p>\n<p>Playa del Carmen, Solidaridad, 17 de enero del 2023.- Desde el inicio de su administraci\u00f3n, Lili Campos ha buscado la soluci\u00f3n para que las y los solidarenses cuenten con buen servicio de agua potable, es por ello que Aguakan, tras la firme demanda de la mun\u00edcipe, realiz\u00f3 la instalaci\u00f3n de una v\u00e1lvula de seccionamiento de 30 pulgadas de di\u00e1metro en la zona de captaci\u00f3n y poder incorporar mayor volumen del l\u00edquido al sistema de distribuci\u00f3n.<\/p>\n<p><a href=\"https:\/\/l21.mx\/wp-content\/uploads\/2023\/01\/aguakan-playa-1.jpeg\" data-rel=\"penci-gallery-image-content\" ><img fetchpriority=\"high\" decoding=\"async\" class=\"alignnone size-medium wp-image-53126\" src=\"https:\/\/l21.mx\/wp-content\/uploads\/2023\/01\/aguakan-playa-1-300x212.jpeg\" alt=\"\" width=\"300\" height=\"212\" srcset=\"https:\/\/l21.mx\/wp-content\/uploads\/2023\/01\/aguakan-playa-1-300x212.jpeg 300w, https:\/\/l21.mx\/wp-content\/uploads\/2023\/01\/aguakan-playa-1-1024x722.jpeg 1024w, https:\/\/l21.mx\/wp-content\/uploads\/2023\/01\/aguakan-playa-1-768x542.jpeg 768w, https:\/\/l21.mx\/wp-content\/uploads\/2023\/01\/aguakan-playa-1-1200x847.jpeg 1200w, https:\/\/l21.mx\/wp-content\/uploads\/2023\/01\/aguakan-playa-1-1170x825.jpeg 1170w, https:\/\/l21.mx\/wp-content\/uploads\/2023\/01\/aguakan-playa-1-585x413.jpeg 585w, https:\/\/l21.mx\/wp-content\/uploads\/2023\/01\/aguakan-playa-1.jpeg 1280w\" sizes=\"(max-width: 300px) 100vw, 300px\" \/><\/a><\/p>\n<p>Personal de la empresa comenz\u00f3 con la instalaci\u00f3n de dos seccionadores de energ\u00eda en la l\u00ednea de media tensi\u00f3n en la zona Ejidal para poder energizar los nuevos aprovechamientos, as\u00ed como diversos trabajos de mantenimiento en la zona de captaci\u00f3n.<\/p>\n<p>Lili Campos destac\u00f3 que con estos trabajos y con la construcci\u00f3n de los nuevos cinco pozos se incrementar\u00e1 el abastecimiento a 200 litros por segundo en Playa del Carmen, permitiendo as\u00ed dar respuesta a la demanda de agua en los hogares de las y los solidarenses.<\/p>\n<p>Trabajadores de Aguakan mencionaron que este cierre temporal de agua, para la realizaci\u00f3n de trabajos, solo fue por este d\u00eda, por lo que garantizan que el d\u00eda de ma\u00f1ana el flujo de vital l\u00edquido se normalice este mi\u00e9rcoles. Requisito tambi\u00e9n solicitado por la presidenta municipal a fin de afectar lo menos posible a las y los usuarios.<\/p>\n","protected":false},"excerpt":{"rendered":"<p>&nbsp; \u2022 Para que mejore el servicio en beneficio de las familias Playa del Carmen, Solidaridad,&hellip;<\/p>\n","protected":false},"author":100,"featured_media":53125,"comment_status":"closed","ping_status":"closed","sticky":false,"template":"","format":"standard","meta":{"_acf_changed":false,"_lmt_disableupdate":"","_lmt_disable":"","_mbp_gutenberg_autopost":false,"footnotes":""},"categories":[1654],"tags":[],"class_list":["post-53124","post","type-post","status-publish","format-standard","has-post-thumbnail","hentry","category-solidaridad"],"acf":[],"_links":{"self":[{"href":"https:\/\/l21.mx\/index.php?rest_route=\/wp\/v2\/posts\/53124","targetHints":{"allow":["GET"]}}],"collection":[{"href":"https:\/\/l21.mx\/index.php?rest_route=\/wp\/v2\/posts"}],"about":[{"href":"https:\/\/l21.mx\/index.php?rest_route=\/wp\/v2\/types\/post"}],"author":[{"embeddable":true,"href":"https:\/\/l21.mx\/index.php?rest_route=\/wp\/v2\/users\/100"}],"replies":[{"embeddable":true,"href":"https:\/\/l21.mx\/index.php?rest_route=%2Fwp%2Fv2%2Fcomments&post=53124"}],"version-history":[{"count":0,"href":"https:\/\/l21.mx\/index.php?rest_route=\/wp\/v2\/posts\/53124\/revisions"}],"wp:featuredmedia":[{"embeddable":true,"href":"https:\/\/l21.mx\/index.php?rest_route=\/wp\/v2\/media\/53125"}],"wp:attachment":[{"href":"https:\/\/l21.mx\/index.php?rest_route=%2Fwp%2Fv2%2Fmedia&parent=53124"}],"wp:term":[{"taxonomy":"category","embeddable":true,"href":"https:\/\/l21.mx\/index.php?rest_route=%2Fwp%2Fv2%2Fcategories&post=53124"},{"taxonomy":"post_tag","embeddable":true,"href":"https:\/\/l21.mx\/index.php?rest_route=%2Fwp%2Fv2%2Ftags&post=53124"}],"curies":[{"name":"wp","href":"https:\/\/api.w.org\/{rel}","templated":true}]}}