{"id":53207,"date":"2023-01-24T21:49:34","date_gmt":"2023-01-25T02:49:34","guid":{"rendered":"https:\/\/l21.mx\/?p=53207"},"modified":"2023-01-24T21:49:34","modified_gmt":"2023-01-25T02:49:34","slug":"movilidad-es-prioridad-de-gobierno-municipal-de-lili-campos","status":"publish","type":"post","link":"https:\/\/l21.mx\/?p=53207","title":{"rendered":"Movilidad es prioridad de gobierno municipal de Lili Campos"},"content":{"rendered":"<p>&nbsp;<\/p>\n<p>\u2022 Comisi\u00f3n de Movilidad present\u00f3 campa\u00f1as de informaci\u00f3n a favor de la poblaci\u00f3n<\/p>\n<p>Playa del Carmen, Solidaridad, 24 de enero del 2023.- Con la finalidad de proteger y respetar la movilidad de las y los ciudadanos, el gobierno que encabeza la presidenta Lili Campos, a trav\u00e9s de la Comisi\u00f3n de Movilidad, presidida por el s\u00edndico, Adri\u00e1n P\u00e9rez Vera, present\u00f3 diversas campa\u00f1as e iniciativas a favor de la poblaci\u00f3n solidarense.<\/p>\n<p>Como es bien sabido, la movilidad es uno de los puntos ejes para el desarrollo de una buena ciudad, es por ello que durante la S\u00e9ptima Sesi\u00f3n Ordinaria de esta Comisi\u00f3n el secretario de Seguridad P\u00fablica, Ra\u00fal Tassinari y el director de Tr\u00e1nsito, Arturo Pech, dieron a conocer el objetivo de la campa\u00f1a de socializaci\u00f3n para que los automovilistas respeten los pasos de cebra y \u00e1reas confinadas para bicis y motocicletas en los cruces viales.<\/p>\n<p>Asimismo, Marco Antonio Berl\u00edn explic\u00f3 la iniciativa de reforma que present\u00f3 el s\u00edndico y el regidor Rodolfo del \u00c1ngel hace unos d\u00edas ante Cabildo, la cual proh\u00edbe que se estacionen veh\u00edculos de cuatro ruedas en las zonas marcadas o el pavimento de los cruces peatonales.<\/p>\n<p>Por \u00faltimo, en esta S\u00e9ptima Sesi\u00f3n Ordinaria de la Comisi\u00f3n de Movilidad, se design\u00f3 y tom\u00f3 protesta al ciudadano Samuel G\u00f3mez Mu\u00f1iz, como secretario t\u00e9cnico, con el fin de organizar y agilizar los trabajos que se designen a esa comisi\u00f3n.<\/p>\n<p><a href=\"https:\/\/l21.mx\/wp-content\/uploads\/2023\/01\/WhatsApp-Image-2023-01-24-at-15.07.26-1.jpeg\" data-rel=\"penci-gallery-image-content\" ><img fetchpriority=\"high\" decoding=\"async\" class=\"alignnone size-medium wp-image-53209\" src=\"https:\/\/l21.mx\/wp-content\/uploads\/2023\/01\/WhatsApp-Image-2023-01-24-at-15.07.26-1-300x214.jpeg\" alt=\"\" width=\"300\" height=\"214\" srcset=\"https:\/\/l21.mx\/wp-content\/uploads\/2023\/01\/WhatsApp-Image-2023-01-24-at-15.07.26-1-300x214.jpeg 300w, https:\/\/l21.mx\/wp-content\/uploads\/2023\/01\/WhatsApp-Image-2023-01-24-at-15.07.26-1-1024x729.jpeg 1024w, https:\/\/l21.mx\/wp-content\/uploads\/2023\/01\/WhatsApp-Image-2023-01-24-at-15.07.26-1-768x547.jpeg 768w, https:\/\/l21.mx\/wp-content\/uploads\/2023\/01\/WhatsApp-Image-2023-01-24-at-15.07.26-1-1200x854.jpeg 1200w, https:\/\/l21.mx\/wp-content\/uploads\/2023\/01\/WhatsApp-Image-2023-01-24-at-15.07.26-1-1170x833.jpeg 1170w, https:\/\/l21.mx\/wp-content\/uploads\/2023\/01\/WhatsApp-Image-2023-01-24-at-15.07.26-1-585x416.jpeg 585w, https:\/\/l21.mx\/wp-content\/uploads\/2023\/01\/WhatsApp-Image-2023-01-24-at-15.07.26-1.jpeg 1280w\" sizes=\"(max-width: 300px) 100vw, 300px\" \/><\/a><\/p>\n","protected":false},"excerpt":{"rendered":"<p>&nbsp; \u2022 Comisi\u00f3n de Movilidad present\u00f3 campa\u00f1as de informaci\u00f3n a favor de la poblaci\u00f3n Playa del&hellip;<\/p>\n","protected":false},"author":100,"featured_media":53208,"comment_status":"closed","ping_status":"closed","sticky":false,"template":"","format":"standard","meta":{"_acf_changed":false,"_lmt_disableupdate":"","_lmt_disable":"","_mbp_gutenberg_autopost":false,"footnotes":""},"categories":[1654],"tags":[],"class_list":["post-53207","post","type-post","status-publish","format-standard","has-post-thumbnail","hentry","category-solidaridad"],"acf":[],"_links":{"self":[{"href":"https:\/\/l21.mx\/index.php?rest_route=\/wp\/v2\/posts\/53207","targetHints":{"allow":["GET"]}}],"collection":[{"href":"https:\/\/l21.mx\/index.php?rest_route=\/wp\/v2\/posts"}],"about":[{"href":"https:\/\/l21.mx\/index.php?rest_route=\/wp\/v2\/types\/post"}],"author":[{"embeddable":true,"href":"https:\/\/l21.mx\/index.php?rest_route=\/wp\/v2\/users\/100"}],"replies":[{"embeddable":true,"href":"https:\/\/l21.mx\/index.php?rest_route=%2Fwp%2Fv2%2Fcomments&post=53207"}],"version-history":[{"count":0,"href":"https:\/\/l21.mx\/index.php?rest_route=\/wp\/v2\/posts\/53207\/revisions"}],"wp:featuredmedia":[{"embeddable":true,"href":"https:\/\/l21.mx\/index.php?rest_route=\/wp\/v2\/media\/53208"}],"wp:attachment":[{"href":"https:\/\/l21.mx\/index.php?rest_route=%2Fwp%2Fv2%2Fmedia&parent=53207"}],"wp:term":[{"taxonomy":"category","embeddable":true,"href":"https:\/\/l21.mx\/index.php?rest_route=%2Fwp%2Fv2%2Fcategories&post=53207"},{"taxonomy":"post_tag","embeddable":true,"href":"https:\/\/l21.mx\/index.php?rest_route=%2Fwp%2Fv2%2Ftags&post=53207"}],"curies":[{"name":"wp","href":"https:\/\/api.w.org\/{rel}","templated":true}]}}