{"id":53213,"date":"2023-01-25T19:33:39","date_gmt":"2023-01-26T00:33:39","guid":{"rendered":"https:\/\/l21.mx\/?p=53213"},"modified":"2023-01-25T19:33:39","modified_gmt":"2023-01-26T00:33:39","slug":"the-dolphin-company-conmemora-el-dia-mundial-de-la-educacion-ambiental","status":"publish","type":"post","link":"https:\/\/l21.mx\/?p=53213","title":{"rendered":"The Dolphin Company conmemora el D\u00eda Mundial de la Educaci\u00f3n Ambiental"},"content":{"rendered":"<p><strong><em>The Dolphin Company<\/em><\/strong>, operador de parques de presencia mundial, conmemor\u00f3 el <strong>D\u00eda Mundial de la Educaci\u00f3n Ambiental<\/strong> a trav\u00e9s de un evento gratuito durante el cual se presentaron las obras de teatro gui\u00f1ol \u2018Madre naturaleza\u2019 y \u2018Las aventuras en el oc\u00e9ano de Pinni, Tursi y Mydas\u2019 en el teatro de la Ciudad de Playa del Carmen.<\/p>\n<p>El 26 de enero de cada a\u00f1o se conmemora el <strong>D\u00eda Mundial de la Educaci\u00f3n Ambiental<\/strong>, con el objetivo de sensibilizar a las personas acerca de la importancia de su cuidado y el de las especies que habitan en \u00e9l, incentiv\u00e1ndolos a realizar peque\u00f1as acciones que contribuyan a grandes cambios en el planeta.<\/p>\n<p><a href=\"https:\/\/l21.mx\/wp-content\/uploads\/2023\/01\/Dia-Mundial-de-la-Educacion-Ambiental-5-scaled.jpeg\" data-rel=\"penci-gallery-image-content\" ><img fetchpriority=\"high\" decoding=\"async\" class=\"alignnone size-medium wp-image-53216\" src=\"https:\/\/l21.mx\/wp-content\/uploads\/2023\/01\/Dia-Mundial-de-la-Educacion-Ambiental-5-225x300.jpeg\" alt=\"\" width=\"225\" height=\"300\" srcset=\"https:\/\/l21.mx\/wp-content\/uploads\/2023\/01\/Dia-Mundial-de-la-Educacion-Ambiental-5-225x300.jpeg 225w, https:\/\/l21.mx\/wp-content\/uploads\/2023\/01\/Dia-Mundial-de-la-Educacion-Ambiental-5-768x1024.jpeg 768w, https:\/\/l21.mx\/wp-content\/uploads\/2023\/01\/Dia-Mundial-de-la-Educacion-Ambiental-5-1152x1536.jpeg 1152w, https:\/\/l21.mx\/wp-content\/uploads\/2023\/01\/Dia-Mundial-de-la-Educacion-Ambiental-5-1536x2048.jpeg 1536w, https:\/\/l21.mx\/wp-content\/uploads\/2023\/01\/Dia-Mundial-de-la-Educacion-Ambiental-5-675x900.jpeg 675w, https:\/\/l21.mx\/wp-content\/uploads\/2023\/01\/Dia-Mundial-de-la-Educacion-Ambiental-5-scaled.jpeg 1920w, https:\/\/l21.mx\/wp-content\/uploads\/2023\/01\/Dia-Mundial-de-la-Educacion-Ambiental-5-1170x1560.jpeg 1170w, https:\/\/l21.mx\/wp-content\/uploads\/2023\/01\/Dia-Mundial-de-la-Educacion-Ambiental-5-585x780.jpeg 585w\" sizes=\"(max-width: 225px) 100vw, 225px\" \/><\/a><\/p>\n<p>Al evento asistieron entre 600 y 700 ni\u00f1os, ni\u00f1as y adultos de m\u00e1s de diez escuelas diferentes y p\u00fablico general que pudieron disfrutar de estas obras originales, una pertenece al Mtro. Alejandro Herrera del DIF Solidaridad, y la otra a la se\u00f1ora Donna Kassewitz de <strong>The Dolphin Company<\/strong>.<\/p>\n<p><em>\u201cEstamos muy emocionados por este evento, la educaci\u00f3n ambiental es parte de la misi\u00f3n de <strong>The Dolphin Company<\/strong>, por lo que a trav\u00e9s de nuestro programa Amar es Educar desde hace varios a\u00f1os concientizamos a las personas acerca del cuidado de nuestro planeta a trav\u00e9s de actividades innovadoras y divertidas. Nos llena de orgullo anunciar que se trat\u00f3 de un evento gratuito, abierto al p\u00fablico general que no dud\u00f3 en venir a disfrutar estas bellas obras con mensaje medioambiental\u201d <\/em>coment\u00f3 <strong>Paula Lom\u00e1n, Coordinadora de Educaci\u00f3n Ambiental de The Dolphin Company<\/strong>.<\/p>\n<p><a href=\"https:\/\/l21.mx\/wp-content\/uploads\/2023\/01\/Dia-Mundial-de-la-Educacion-Ambiental-1-scaled.jpeg\" data-rel=\"penci-gallery-image-content\" ><img decoding=\"async\" class=\"alignnone size-medium wp-image-53214\" src=\"https:\/\/l21.mx\/wp-content\/uploads\/2023\/01\/Dia-Mundial-de-la-Educacion-Ambiental-1-300x225.jpeg\" alt=\"\" width=\"300\" height=\"225\" srcset=\"https:\/\/l21.mx\/wp-content\/uploads\/2023\/01\/Dia-Mundial-de-la-Educacion-Ambiental-1-300x225.jpeg 300w, https:\/\/l21.mx\/wp-content\/uploads\/2023\/01\/Dia-Mundial-de-la-Educacion-Ambiental-1-1024x768.jpeg 1024w, https:\/\/l21.mx\/wp-content\/uploads\/2023\/01\/Dia-Mundial-de-la-Educacion-Ambiental-1-768x576.jpeg 768w, https:\/\/l21.mx\/wp-content\/uploads\/2023\/01\/Dia-Mundial-de-la-Educacion-Ambiental-1-1536x1152.jpeg 1536w, https:\/\/l21.mx\/wp-content\/uploads\/2023\/01\/Dia-Mundial-de-la-Educacion-Ambiental-1-2048x1536.jpeg 2048w, https:\/\/l21.mx\/wp-content\/uploads\/2023\/01\/Dia-Mundial-de-la-Educacion-Ambiental-1-1200x900.jpeg 1200w, https:\/\/l21.mx\/wp-content\/uploads\/2023\/01\/Dia-Mundial-de-la-Educacion-Ambiental-1-1920x1440.jpeg 1920w, https:\/\/l21.mx\/wp-content\/uploads\/2023\/01\/Dia-Mundial-de-la-Educacion-Ambiental-1-1170x878.jpeg 1170w, https:\/\/l21.mx\/wp-content\/uploads\/2023\/01\/Dia-Mundial-de-la-Educacion-Ambiental-1-585x439.jpeg 585w\" sizes=\"(max-width: 300px) 100vw, 300px\" \/><\/a><\/p>\n<p><strong>The Dolphin Company<\/strong> agradeci\u00f3 el apoyo de Adriana Cazales y Rosita Escobedo, Directora General y Presidenta Honoraria del DIF Solidaridad, respectivamente. De igual forma, agradeci\u00f3 el apoyo de Rosa Vald\u00e9z, Directora del Teatro de la Ciudad de Playa del Carmen.<\/p>\n<p>###<\/p>\n","protected":false},"excerpt":{"rendered":"<p>The Dolphin Company, operador de parques de presencia mundial, conmemor\u00f3 el D\u00eda Mundial de la Educaci\u00f3n&hellip;<\/p>\n","protected":false},"author":100,"featured_media":53215,"comment_status":"closed","ping_status":"closed","sticky":false,"template":"","format":"standard","meta":{"_acf_changed":false,"_lmt_disableupdate":"","_lmt_disable":"","_mbp_gutenberg_autopost":false,"footnotes":""},"categories":[23],"tags":[],"class_list":["post-53213","post","type-post","status-publish","format-standard","has-post-thumbnail","hentry","category-noticias"],"acf":[],"_links":{"self":[{"href":"https:\/\/l21.mx\/index.php?rest_route=\/wp\/v2\/posts\/53213","targetHints":{"allow":["GET"]}}],"collection":[{"href":"https:\/\/l21.mx\/index.php?rest_route=\/wp\/v2\/posts"}],"about":[{"href":"https:\/\/l21.mx\/index.php?rest_route=\/wp\/v2\/types\/post"}],"author":[{"embeddable":true,"href":"https:\/\/l21.mx\/index.php?rest_route=\/wp\/v2\/users\/100"}],"replies":[{"embeddable":true,"href":"https:\/\/l21.mx\/index.php?rest_route=%2Fwp%2Fv2%2Fcomments&post=53213"}],"version-history":[{"count":0,"href":"https:\/\/l21.mx\/index.php?rest_route=\/wp\/v2\/posts\/53213\/revisions"}],"wp:featuredmedia":[{"embeddable":true,"href":"https:\/\/l21.mx\/index.php?rest_route=\/wp\/v2\/media\/53215"}],"wp:attachment":[{"href":"https:\/\/l21.mx\/index.php?rest_route=%2Fwp%2Fv2%2Fmedia&parent=53213"}],"wp:term":[{"taxonomy":"category","embeddable":true,"href":"https:\/\/l21.mx\/index.php?rest_route=%2Fwp%2Fv2%2Fcategories&post=53213"},{"taxonomy":"post_tag","embeddable":true,"href":"https:\/\/l21.mx\/index.php?rest_route=%2Fwp%2Fv2%2Ftags&post=53213"}],"curies":[{"name":"wp","href":"https:\/\/api.w.org\/{rel}","templated":true}]}}