{"id":53241,"date":"2023-01-28T21:41:25","date_gmt":"2023-01-29T02:41:25","guid":{"rendered":"https:\/\/l21.mx\/?p=53241"},"modified":"2023-01-28T21:41:25","modified_gmt":"2023-01-29T02:41:25","slug":"solidaridad-tendra-un-instituto-tecnologico-gastronomico-y-hotelero","status":"publish","type":"post","link":"https:\/\/l21.mx\/?p=53241","title":{"rendered":"Solidaridad tendr\u00e1 un Instituto Tecnol\u00f3gico Gastron\u00f3mico y Hotelero"},"content":{"rendered":"<p>&nbsp;<\/p>\n<p>\u2022 Ser\u00e1 \u00fanico en Am\u00e9rica Latina y para ello la presidenta Lili Campos firm\u00f3 el comodato para el terreno y coloc\u00f3 la primera piedra<\/p>\n<p>Playa del Carmen, Solidaridad, 28 de enero 223.- En beneficio de las y los estudiantes con vocaci\u00f3n gastron\u00f3mica y hotelera, el gobierno de Solidaridad, encabezado por Lili Campos, y la CROC nacional firmaron el comodato del terreno, y colocaron la primera piedra del Instituto Integral Tecnol\u00f3gico Gastron\u00f3mico y Hotelero, \u00fanico en su tipo en Am\u00e9rica Latina, en la alcald\u00eda de Puerto Aventuras.<\/p>\n<p><a href=\"https:\/\/l21.mx\/wp-content\/uploads\/2023\/01\/WhatsApp-Image-2023-01-28-at-15.30.10.jpeg\" data-rel=\"penci-gallery-image-content\" ><img fetchpriority=\"high\" decoding=\"async\" class=\"alignnone size-medium wp-image-53242\" src=\"https:\/\/l21.mx\/wp-content\/uploads\/2023\/01\/WhatsApp-Image-2023-01-28-at-15.30.10-300x200.jpeg\" alt=\"\" width=\"300\" height=\"200\" srcset=\"https:\/\/l21.mx\/wp-content\/uploads\/2023\/01\/WhatsApp-Image-2023-01-28-at-15.30.10-300x200.jpeg 300w, https:\/\/l21.mx\/wp-content\/uploads\/2023\/01\/WhatsApp-Image-2023-01-28-at-15.30.10-1024x682.jpeg 1024w, https:\/\/l21.mx\/wp-content\/uploads\/2023\/01\/WhatsApp-Image-2023-01-28-at-15.30.10-768x512.jpeg 768w, https:\/\/l21.mx\/wp-content\/uploads\/2023\/01\/WhatsApp-Image-2023-01-28-at-15.30.10-1200x800.jpeg 1200w, https:\/\/l21.mx\/wp-content\/uploads\/2023\/01\/WhatsApp-Image-2023-01-28-at-15.30.10-1170x780.jpeg 1170w, https:\/\/l21.mx\/wp-content\/uploads\/2023\/01\/WhatsApp-Image-2023-01-28-at-15.30.10-585x390.jpeg 585w, https:\/\/l21.mx\/wp-content\/uploads\/2023\/01\/WhatsApp-Image-2023-01-28-at-15.30.10-263x175.jpeg 263w, https:\/\/l21.mx\/wp-content\/uploads\/2023\/01\/WhatsApp-Image-2023-01-28-at-15.30.10.jpeg 1280w\" sizes=\"(max-width: 300px) 100vw, 300px\" \/><\/a><\/p>\n<p>Ante la representante de la gobernadora Mara Lezama, Flor Ruiz Cos\u00edo, secretaria del Trabajo y Previsi\u00f3n Social, y el l\u00edder nacional de la CROC, Isa\u00edas Gonz\u00e1lez Cuevas, la presidenta Lili Campos record\u00f3<br \/>\nque era un sue\u00f1o contar con una escuela preparatoria y de licenciaturas, abierta, con horarios flexibles para cualquier estudiante. \u00abEste sue\u00f1o se empieza a hacer realidad hoy; falta llevar la propuesta a nuestros diputados del Congreso del Estado. Lo har\u00e9 esta semana para que el comodato sea por 25 a\u00f1os, a favor de las y los solidarenses\u00bb a\u00f1adi\u00f3.<\/p>\n<p>Abund\u00f3 que ese sue\u00f1o, como el de contar con un Centro de Justicia para Mujeres V\u00edctimas de Violencia -que ser\u00e1 inaugurado el pr\u00f3ximo 2 de febrero y en su momento gestion\u00f3 la donaci\u00f3n del predio y luego el recurso para edificarlo- \u201ces el que nos tiene aqu\u00ed a todas y a todos reunidos\u00bb.<\/p>\n<p>Por su parte, Isa\u00edas Gonz\u00e1lez Cuevas mencion\u00f3 que este proyecto se concreta por gesti\u00f3n de Mart\u00edn de la Cruz, l\u00edder estatal de la CROC, el cual contar\u00e1 con un hotel-escuela de 50 habitaciones, escuela preparatoria y licenciaturas de gastronom\u00eda, psicolog\u00eda, idioma, agente de bienestar, gesti\u00f3n de capital humano, entre otras, proyecto en el que se invierten alrededor de 75 millones de pesos.<\/p>\n<p>Mart\u00edn de la Cruz, reconoci\u00f3 y respald\u00f3 el trabajo y programas del gobierno municipal que encabeza Lili Campos, por mantener las condiciones de seguridad para que las y los trabajadores se desarrollen de una manera segura y sus familias vivan tranquilas.<\/p>\n","protected":false},"excerpt":{"rendered":"<p>&nbsp; \u2022 Ser\u00e1 \u00fanico en Am\u00e9rica Latina y para ello la presidenta Lili Campos firm\u00f3 el&hellip;<\/p>\n","protected":false},"author":100,"featured_media":53243,"comment_status":"closed","ping_status":"closed","sticky":false,"template":"","format":"standard","meta":{"_acf_changed":false,"_lmt_disableupdate":"","_lmt_disable":"","_mbp_gutenberg_autopost":false,"footnotes":""},"categories":[23,1654],"tags":[],"class_list":["post-53241","post","type-post","status-publish","format-standard","has-post-thumbnail","hentry","category-noticias","category-solidaridad"],"acf":[],"_links":{"self":[{"href":"https:\/\/l21.mx\/index.php?rest_route=\/wp\/v2\/posts\/53241","targetHints":{"allow":["GET"]}}],"collection":[{"href":"https:\/\/l21.mx\/index.php?rest_route=\/wp\/v2\/posts"}],"about":[{"href":"https:\/\/l21.mx\/index.php?rest_route=\/wp\/v2\/types\/post"}],"author":[{"embeddable":true,"href":"https:\/\/l21.mx\/index.php?rest_route=\/wp\/v2\/users\/100"}],"replies":[{"embeddable":true,"href":"https:\/\/l21.mx\/index.php?rest_route=%2Fwp%2Fv2%2Fcomments&post=53241"}],"version-history":[{"count":0,"href":"https:\/\/l21.mx\/index.php?rest_route=\/wp\/v2\/posts\/53241\/revisions"}],"wp:featuredmedia":[{"embeddable":true,"href":"https:\/\/l21.mx\/index.php?rest_route=\/wp\/v2\/media\/53243"}],"wp:attachment":[{"href":"https:\/\/l21.mx\/index.php?rest_route=%2Fwp%2Fv2%2Fmedia&parent=53241"}],"wp:term":[{"taxonomy":"category","embeddable":true,"href":"https:\/\/l21.mx\/index.php?rest_route=%2Fwp%2Fv2%2Fcategories&post=53241"},{"taxonomy":"post_tag","embeddable":true,"href":"https:\/\/l21.mx\/index.php?rest_route=%2Fwp%2Fv2%2Ftags&post=53241"}],"curies":[{"name":"wp","href":"https:\/\/api.w.org\/{rel}","templated":true}]}}