{"id":53334,"date":"2023-02-01T13:19:27","date_gmt":"2023-02-01T18:19:27","guid":{"rendered":"https:\/\/l21.mx\/?p=53334"},"modified":"2023-02-01T13:19:27","modified_gmt":"2023-02-01T18:19:27","slug":"los-boscares-galardonan-los-mejores-impactos-positivos","status":"publish","type":"post","link":"https:\/\/l21.mx\/?p=53334","title":{"rendered":"Los B\u00f3scares galardonan los mejores impactos positivos"},"content":{"rendered":"<p>Entregan los galardones de la 5\u00aa edici\u00f3n de \u201cLos B\u00f3scares\u201d para reconocer los esfuerzos de las empresas en la conservaci\u00f3n ambiental<\/p>\n<p>&nbsp;<\/p>\n<p>Con el fin de reconocer a las mejores iniciativas empresariales a favor de los bosques, la asociaci\u00f3n civil Reforestamos M\u00e9xico llev\u00f3 a cabo la 5\u00aa. edici\u00f3n de \u201cLos B\u00f3scares\u201d.<\/p>\n<p>Para ello, se realiz\u00f3 un evento auspiciado por la Agencia Francesa de Desarrollo, el cual tuvo lugar en Casa de Francia y al que asistieron empresas nominadas, empresas francesas invitadas y organizaciones aliadas.<\/p>\n<p>Los B\u00f3scares cumplen cinco a\u00f1os reconociendo a los proyectos m\u00e1s sobresalientes del sector privado con impactos positivos en ecosistemas forestales del pa\u00eds. A trav\u00e9s de estos 5 a\u00f1os, se ha investigado informaci\u00f3n de m\u00e1s de 900 empresas en M\u00e9xico, Costa Rica, Colombia y Per\u00fa.<\/p>\n<p>&nbsp;<\/p>\n<h3><strong>32 iniciativas destacadas<\/strong><\/h3>\n<p>Para esta edici\u00f3n de Los B\u00f3scares, se realiz\u00f3 una convocatoria p\u00fablica a trav\u00e9s de la cual se recibieron 32 iniciativas empresariales en favor de la sostenibilidad forestal en M\u00e9xico.<\/p>\n<p>Como resultado de las aplicaciones recibidas, se seleccionaron 16 iniciativas que fueron nominadas a trav\u00e9s de cinco categor\u00edas y una menci\u00f3n especial, las cuales destacaron por su impacto positivo en aspectos ambientales y sociales, de innovaci\u00f3n, de gobernanza, as\u00ed como el involucramiento empresarial en los proyectos.<\/p>\n<p>Esta vez se conform\u00f3 un jurado evaluador independiente a los organizadores, integrado por la Iniciativa de Finanzas para la Biodiversidad del Programa de Naciones Unidas para el Desarrollo (BIOFIN-M\u00e9xico) y la Facultad de Responsabilidad Social de la Universidad An\u00e1huac, con el objetivo de dar transparencia a la entrega de reconocimientos.<\/p>\n<p>Ernesto Herrera, director general de Reforestamos M\u00e9xico felicit\u00f3 a todas las empresas nominadas y ganadoras por el trabajo realizado, y resalt\u00f3 parte del trabajo que realiza Reforestamos de la mano con el sector privado, para buscar m\u00e1s y mejores bosques para el desarrollo sostenible.<\/p>\n<p><a href=\"https:\/\/l21.mx\/wp-content\/uploads\/2023\/02\/boscares-13.jpg\" data-rel=\"penci-gallery-image-content\" ><img fetchpriority=\"high\" decoding=\"async\" class=\"alignnone size-medium wp-image-53324\" src=\"https:\/\/l21.mx\/wp-content\/uploads\/2023\/02\/boscares-13-300x224.jpg\" alt=\"\" width=\"300\" height=\"224\" srcset=\"https:\/\/l21.mx\/wp-content\/uploads\/2023\/02\/boscares-13-300x224.jpg 300w, https:\/\/l21.mx\/wp-content\/uploads\/2023\/02\/boscares-13-1024x765.jpg 1024w, https:\/\/l21.mx\/wp-content\/uploads\/2023\/02\/boscares-13-768x573.jpg 768w, https:\/\/l21.mx\/wp-content\/uploads\/2023\/02\/boscares-13-1200x896.jpg 1200w, https:\/\/l21.mx\/wp-content\/uploads\/2023\/02\/boscares-13-1170x874.jpg 1170w, https:\/\/l21.mx\/wp-content\/uploads\/2023\/02\/boscares-13-585x437.jpg 585w, https:\/\/l21.mx\/wp-content\/uploads\/2023\/02\/boscares-13.jpg 1500w\" sizes=\"(max-width: 300px) 100vw, 300px\" \/><\/a><\/p>\n<p><strong>::::::::::::::::::::::::<\/strong><\/p>\n<p><strong>Galardones<\/strong><\/p>\n<p><strong>\u00a0<\/strong><\/p>\n<p><strong><u>Categor\u00eda: Conservaci\u00f3n de bosques<\/u><\/strong><\/p>\n<p><strong>\u00a0<\/strong><strong>&#8211; Ganadora<\/strong>: Red Bio Terra por la iniciativa \u201cCharco Bendito\u201d; una alianza de 10 empresas comprometidas con la protecci\u00f3n de los recursos naturales, la rehabilitaci\u00f3n de las cuencas hidrol\u00f3gicas y la recuperaci\u00f3n de vol\u00famenes h\u00eddricos.<\/p>\n<p>&nbsp;<\/p>\n<p><strong><u>Categor\u00eda: Fomento al Manejo Forestal Sostenible<\/u><\/strong><\/p>\n<p><strong>&#8211; Ganadora<\/strong>: Asociaci\u00f3n de Silvicultores de la Regi\u00f3n Forestal Pachuca-Tulancingo, por el fortalecimiento del manejo forestal comunitario de la regi\u00f3n Pachuca-Tulancigo para la producci\u00f3n de bienes maderables y no maderables que contribuyen al equilibrio ecol\u00f3gico y al bienestar socioecon\u00f3mico de sus habitantes.<\/p>\n<p>&nbsp;<\/p>\n<p><a href=\"https:\/\/l21.mx\/wp-content\/uploads\/2023\/02\/Reforestacion-GDL-03.jpg\" data-rel=\"penci-gallery-image-content\" ><img decoding=\"async\" class=\"alignnone size-medium wp-image-53323\" src=\"https:\/\/l21.mx\/wp-content\/uploads\/2023\/02\/Reforestacion-GDL-03-300x161.jpg\" alt=\"\" width=\"300\" height=\"161\" srcset=\"https:\/\/l21.mx\/wp-content\/uploads\/2023\/02\/Reforestacion-GDL-03-300x161.jpg 300w, https:\/\/l21.mx\/wp-content\/uploads\/2023\/02\/Reforestacion-GDL-03-1024x550.jpg 1024w, https:\/\/l21.mx\/wp-content\/uploads\/2023\/02\/Reforestacion-GDL-03-768x412.jpg 768w, https:\/\/l21.mx\/wp-content\/uploads\/2023\/02\/Reforestacion-GDL-03-1200x644.jpg 1200w, https:\/\/l21.mx\/wp-content\/uploads\/2023\/02\/Reforestacion-GDL-03.jpg 1500w, https:\/\/l21.mx\/wp-content\/uploads\/2023\/02\/Reforestacion-GDL-03-1170x628.jpg 1170w, https:\/\/l21.mx\/wp-content\/uploads\/2023\/02\/Reforestacion-GDL-03-585x314.jpg 585w\" sizes=\"(max-width: 300px) 100vw, 300px\" \/><\/a><\/p>\n<p><strong><u>Categor\u00eda: Contribuci\u00f3n a la Restauraci\u00f3n Forestal<\/u><\/strong><\/p>\n<p><strong>&#8211; Ganadora:<\/strong> Ejido Verde, por el establecimiento de 4,577 hect\u00e1reas, en 2021, de plantaciones forestales comerciales de resina de pino en propiedades privadas y comunales, muchas de ellas en tierras degradadas, para generar prosperidad en ejidos y comunidades del estado de Michoac\u00e1n.<\/p>\n<p>&nbsp;<\/p>\n<p><strong><u>Categor\u00eda: Hero\u00ednas del bosque<\/u><\/strong><\/p>\n<p><strong>&#8211; Ganadora:<\/strong> Mujeres Unidas de las Milpas y Anexos de Tamazula (MUMAT), por la generaci\u00f3n de fuentes de empleo para grupos de mujeres vulnerables de la Regi\u00f3n Norte de Tamazula, Durango, a trav\u00e9s del aprovechamiento sustentable de residuos forestales para transformarlos en madera habilitada para tarima, duela para construcci\u00f3n, mango de escoba y trapeador y palillos de paleta.<\/p>\n<p>&nbsp;<\/p>\n<p><strong><u>Categor\u00eda: Bosques urbanos <\/u><\/strong><\/p>\n<p><strong>&#8211; Ganadora:<\/strong> Boehringer Ingelheim, por iniciativa \u201cReforestar para Respirar\u201d; jornada de reforestaci\u00f3n en la que, con ayuda de colaboradores, sus familiares y de sus aliados, han plantado m\u00e1s de 56 mil \u00e1rboles en diferentes zonas urbanas del pa\u00eds, para contribuir con la captura de gases de efecto invernadero y la mitigaci\u00f3n del cambio clim\u00e1tico.<\/p>\n<p>&nbsp;<\/p>\n<p><strong><u>Menci\u00f3n especial: Desarrollo de Comunidades Forestales Sostenibles<\/u><\/strong><\/p>\n<p><strong>&#8211; Empresa reconocida:<\/strong> American Express, por impulsar y fortalecer la cadena productiva de venta de \u00e1rboles de navidad y productos maderables en Villa del Carb\u00f3n, Estado de M\u00e9xico, as\u00ed como obtener la certificaci\u00f3n de manejo forestal y cadena de custodia bajo el est\u00e1ndar internacional del Forest Stewardship Council (FSC\u00ae), para crear alternativas de empleos a personas de la comunidad.<\/p>\n<p>&nbsp;<\/p>\n<p>&nbsp;<\/p>\n<p>&nbsp;<\/p>\n","protected":false},"excerpt":{"rendered":"<p>Entregan los galardones de la 5\u00aa edici\u00f3n de \u201cLos B\u00f3scares\u201d para reconocer los esfuerzos de las&hellip;<\/p>\n","protected":false},"author":100,"featured_media":53322,"comment_status":"closed","ping_status":"closed","sticky":false,"template":"","format":"standard","meta":{"_acf_changed":false,"_lmt_disableupdate":"","_lmt_disable":"","_mbp_gutenberg_autopost":false,"footnotes":""},"categories":[35],"tags":[],"class_list":["post-53334","post","type-post","status-publish","format-standard","has-post-thumbnail","hentry","category-responsabilidad-social"],"acf":[],"_links":{"self":[{"href":"https:\/\/l21.mx\/index.php?rest_route=\/wp\/v2\/posts\/53334","targetHints":{"allow":["GET"]}}],"collection":[{"href":"https:\/\/l21.mx\/index.php?rest_route=\/wp\/v2\/posts"}],"about":[{"href":"https:\/\/l21.mx\/index.php?rest_route=\/wp\/v2\/types\/post"}],"author":[{"embeddable":true,"href":"https:\/\/l21.mx\/index.php?rest_route=\/wp\/v2\/users\/100"}],"replies":[{"embeddable":true,"href":"https:\/\/l21.mx\/index.php?rest_route=%2Fwp%2Fv2%2Fcomments&post=53334"}],"version-history":[{"count":0,"href":"https:\/\/l21.mx\/index.php?rest_route=\/wp\/v2\/posts\/53334\/revisions"}],"wp:featuredmedia":[{"embeddable":true,"href":"https:\/\/l21.mx\/index.php?rest_route=\/wp\/v2\/media\/53322"}],"wp:attachment":[{"href":"https:\/\/l21.mx\/index.php?rest_route=%2Fwp%2Fv2%2Fmedia&parent=53334"}],"wp:term":[{"taxonomy":"category","embeddable":true,"href":"https:\/\/l21.mx\/index.php?rest_route=%2Fwp%2Fv2%2Fcategories&post=53334"},{"taxonomy":"post_tag","embeddable":true,"href":"https:\/\/l21.mx\/index.php?rest_route=%2Fwp%2Fv2%2Ftags&post=53334"}],"curies":[{"name":"wp","href":"https:\/\/api.w.org\/{rel}","templated":true}]}}