{"id":53338,"date":"2023-02-01T13:21:37","date_gmt":"2023-02-01T18:21:37","guid":{"rendered":"https:\/\/l21.mx\/?p=53338"},"modified":"2023-02-01T13:21:37","modified_gmt":"2023-02-01T18:21:37","slug":"aliados-financieros-serfimex-capital-celebra-aniversario","status":"publish","type":"post","link":"https:\/\/l21.mx\/?p=53338","title":{"rendered":"Aliados financieros, Serfimex Capital celebra aniversario"},"content":{"rendered":"<p>&nbsp;<\/p>\n<p>Serfimex Capital celebra su 13 aniversario y avanza porque entiende las necesidades de las empresas que buscan garantizar su liquidez y continuidad, impulsando la competitividad de su negocio<\/p>\n<p>&nbsp;<\/p>\n<p>L\u00edderes del sector financiero y de negocios de todo el pa\u00eds asistieron a la celebraci\u00f3n del d\u00e9cimo tercer aniversario de la instituci\u00f3n financiera Serfimex Capital.<\/p>\n<p>En el marco del evento realizaron el panel \u201cEscenarios Econ\u00f3micos 2023\u201d, en el que Daniel Becker Feldman, presidente de la Asociaci\u00f3n de Bancos de M\u00e9xico y Emilio Romano Mussali, director general de Bank of America Merrill Lynch M\u00e9xico, compartieron sus visiones y perspectivas para este a\u00f1o.<\/p>\n<p>Adem\u00e1s, el canciller mexicano, Marcelo Edrad, ofreci\u00f3 una conferencia acerca de oportunidades y retos del sector financiero.<\/p>\n<p>El director General de Serfimex Capital, Jos\u00e9 Achar, destac\u00f3 que la instituci\u00f3n financiera es s\u00f3lida y que ha sabido hacerle frente a la pandemia, con pol\u00edticas y decisiones certeras apoyando a muchas empresas mexicanas con l\u00edneas de financiamiento flexibles.<\/p>\n<p>A\u00f1adi\u00f3 que todo esto le ha permitido a la compa\u00f1\u00eda salir fortalecidos; \u201cy el resultado es muy claro, Serfimex vislumbra un M\u00e9xico lleno de oportunidades en el sector financiero y entiende que la falta de acceso al financiamiento es el principal factor limitante para el desarrollo de las empresas en nuestro pa\u00eds\u201d.<\/p>\n<p><a href=\"https:\/\/l21.mx\/wp-content\/uploads\/2023\/02\/Daniel-Becker-Feldman-2.jpg\" data-rel=\"penci-gallery-image-content\" ><img fetchpriority=\"high\" decoding=\"async\" class=\"alignnone size-medium wp-image-53316\" src=\"https:\/\/l21.mx\/wp-content\/uploads\/2023\/02\/Daniel-Becker-Feldman-2-300x199.jpg\" alt=\"\" width=\"300\" height=\"199\" srcset=\"https:\/\/l21.mx\/wp-content\/uploads\/2023\/02\/Daniel-Becker-Feldman-2-300x199.jpg 300w, https:\/\/l21.mx\/wp-content\/uploads\/2023\/02\/Daniel-Becker-Feldman-2-1024x680.jpg 1024w, https:\/\/l21.mx\/wp-content\/uploads\/2023\/02\/Daniel-Becker-Feldman-2-768x510.jpg 768w, https:\/\/l21.mx\/wp-content\/uploads\/2023\/02\/Daniel-Becker-Feldman-2-1200x797.jpg 1200w, https:\/\/l21.mx\/wp-content\/uploads\/2023\/02\/Daniel-Becker-Feldman-2-1170x777.jpg 1170w, https:\/\/l21.mx\/wp-content\/uploads\/2023\/02\/Daniel-Becker-Feldman-2-780x516.jpg 780w, https:\/\/l21.mx\/wp-content\/uploads\/2023\/02\/Daniel-Becker-Feldman-2-585x388.jpg 585w, https:\/\/l21.mx\/wp-content\/uploads\/2023\/02\/Daniel-Becker-Feldman-2-263x175.jpg 263w, https:\/\/l21.mx\/wp-content\/uploads\/2023\/02\/Daniel-Becker-Feldman-2.jpg 1500w\" sizes=\"(max-width: 300px) 100vw, 300px\" \/><\/a><\/p>\n<h3><strong>Actores de la BMV<\/strong><\/h3>\n<p>Mencion\u00f3 que gracias a la confianza de los inversionistas, de las casi 1,900 Sociedades Financieras de Objeto Multiple forman parte del 2% que ha logrado con \u00e9xito una colocaci\u00f3n de deuda en la Bolsa Mexicana de Valores.<\/p>\n<p>Romano Mussali subray\u00f3 que \u201cla econom\u00eda global se est\u00e1 cambiando de din\u00e1mica y en este reacomodo M\u00e9xico es claramente un ganador\u201d.<\/p>\n<p>Seg\u00fan \u00e9l, hoy se da un fen\u00f3meno: Estados Unidos y China ya no son compatibles desde el punto de vista geopol\u00edtico, y por otro lado Europa se dio cuenta que no tiene la independencia energ\u00e9tica que tiene el bloque de Norteam\u00e9rica.<\/p>\n<p>\u201cVemos que estos factores van a llevar a M\u00e9xico a un crecimiento por encima del promedio para los pr\u00f3ximo 30 a 50 a\u00f1os. Estamos muy optimistas en la parte de infraestructura, en bienes ra\u00edces industriales, temas farmac\u00e9uticos y turismo\u201d, coment\u00f3.<\/p>\n<p>&nbsp;<\/p>\n<h3><strong>Engranaje financiero<\/strong><\/h3>\n<p>Por su parte, Daniel Becker hizo \u00e9nfasis en que la banca se complementa con otros intermediarios financieros como son las Sofomes.<\/p>\n<p>Explic\u00f3 que en M\u00e9xico la penetraci\u00f3n de cr\u00e9dito bancario al sector productivo de nuestro pa\u00eds representa solamente el 21% de la banca. \u201cSumando a todos los intermediarios financieros, incluyendo a la banca de desarrollo e intermediarios financieros no bancarios, es de alrededor del 38%\u201d.<\/p>\n<p>Mientras que en otros pa\u00edses como Brasil o Chile pueden ser del 50% &#8211; 80% respectivamente, lo que se asocia a un tema de buscar un mejor estado de derecho que permita mayor recuperaci\u00f3n de garant\u00edas.<\/p>\n<p>&nbsp;<\/p>\n<p><strong><u>::::::::::::::::::::::::<\/u><\/strong><\/p>\n<p>2,000 mdp<\/p>\n<p>pretende colocar Serfimex Capital durante 2023, ya que goza de una liquidez y fortaleza para enfrentar su plan de expansi\u00f3n<\/p>\n<p>&nbsp;<\/p>\n<p><strong><u>:::::::::::::::::::::::::::::::::::::::::::::<\/u><\/strong><\/p>\n<blockquote><p>\u201cSerfimex vislumbra un M\u00e9xico lleno de oportunidades en el sector financiero y entiende que la falta de acceso al financiamiento es el principal factor limitante para el desarrollo de las empresas en nuestro pa\u00eds\u201d.<\/p>\n<p>Jos\u00e9 Achar<\/p>\n<p>Director general de Serfimex Capital<\/p><\/blockquote>\n<h3><strong>Confianza para las empresas<\/strong><\/h3>\n<ul>\n<li>* Serfimex se muestra ante los empresarios como un referente de confianza en productos como arrendamiento puro, cr\u00e9dito puente y cr\u00e9dito simple.<\/li>\n<li>* Ha desarrollado productos de nicho como <em>Vendor Program,<\/em> que tiene como objetivo convertirse en brazo financiero para otorgar opciones de financiamiento a sus clientes; as\u00ed como el m\u00e1s reciente, <em>Serfimex Solar,<\/em> que apoya a proveedores del sector energ\u00e9tico a financiar todo tipo de proyectos.<\/li>\n<li>* Su crecimiento de m\u00e1s del 48% en su cartera, no ser\u00eda posible sin el apoyo de aliados como Bancomext, Nafin, Sociedad Hipotecaria Federal, Banca comercial y de su reciente primera emisi\u00f3n de deuda en la BMV, con lo que goza de un una liquidez y fortaleza para enfrentar su plan de expansi\u00f3n, la cual le permitir\u00e1 colocar un monto de 2,000 millones de pesos durante 2023.<\/li>\n<\/ul>\n<p>&nbsp;<\/p>\n<p>&nbsp;<\/p>\n<p>&nbsp;<\/p>\n<p>&nbsp;<\/p>\n<p>&nbsp;<\/p>\n","protected":false},"excerpt":{"rendered":"<p>&nbsp; Serfimex Capital celebra su 13 aniversario y avanza porque entiende las necesidades de las empresas&hellip;<\/p>\n","protected":false},"author":100,"featured_media":53317,"comment_status":"closed","ping_status":"closed","sticky":false,"template":"","format":"standard","meta":{"_acf_changed":false,"_lmt_disableupdate":"","_lmt_disable":"","_mbp_gutenberg_autopost":false,"footnotes":""},"categories":[4],"tags":[],"class_list":["post-53338","post","type-post","status-publish","format-standard","has-post-thumbnail","hentry","category-empresas-y-negocios"],"acf":[],"_links":{"self":[{"href":"https:\/\/l21.mx\/index.php?rest_route=\/wp\/v2\/posts\/53338","targetHints":{"allow":["GET"]}}],"collection":[{"href":"https:\/\/l21.mx\/index.php?rest_route=\/wp\/v2\/posts"}],"about":[{"href":"https:\/\/l21.mx\/index.php?rest_route=\/wp\/v2\/types\/post"}],"author":[{"embeddable":true,"href":"https:\/\/l21.mx\/index.php?rest_route=\/wp\/v2\/users\/100"}],"replies":[{"embeddable":true,"href":"https:\/\/l21.mx\/index.php?rest_route=%2Fwp%2Fv2%2Fcomments&post=53338"}],"version-history":[{"count":0,"href":"https:\/\/l21.mx\/index.php?rest_route=\/wp\/v2\/posts\/53338\/revisions"}],"wp:featuredmedia":[{"embeddable":true,"href":"https:\/\/l21.mx\/index.php?rest_route=\/wp\/v2\/media\/53317"}],"wp:attachment":[{"href":"https:\/\/l21.mx\/index.php?rest_route=%2Fwp%2Fv2%2Fmedia&parent=53338"}],"wp:term":[{"taxonomy":"category","embeddable":true,"href":"https:\/\/l21.mx\/index.php?rest_route=%2Fwp%2Fv2%2Fcategories&post=53338"},{"taxonomy":"post_tag","embeddable":true,"href":"https:\/\/l21.mx\/index.php?rest_route=%2Fwp%2Fv2%2Ftags&post=53338"}],"curies":[{"name":"wp","href":"https:\/\/api.w.org\/{rel}","templated":true}]}}