{"id":53378,"date":"2023-02-01T13:32:56","date_gmt":"2023-02-01T18:32:56","guid":{"rendered":"https:\/\/l21.mx\/?p=53378"},"modified":"2023-02-01T13:32:56","modified_gmt":"2023-02-01T18:32:56","slug":"proyecto-sustentable-en-bacalar","status":"publish","type":"post","link":"https:\/\/l21.mx\/?p=53378","title":{"rendered":"Proyecto sustentable en Bacalar"},"content":{"rendered":"<p>Con una inversi\u00f3n de 26 millones de pesos del Gobierno de M\u00e9xico, abri\u00f3 sus puertas en Bacalar el Ecoparque, un proyecto innovador que conjunta el equilibrio entre el medio ambiente y el bienestar social para las familias quintanarroenses, con el fin de dar un impulso tur\u00edstico al sur de Quintana Roo.<\/p>\n<p>Esta nueva estructura impulsa actividades diversas, adem\u00e1s fomenta el cuidado del medio ambiente y la pr\u00e1ctica deportiva. Se trata de un espacio alberga una biodiversidad con especies de flora y fauna protegidas y ah\u00ed se procura la concientizaci\u00f3n de la poblaci\u00f3n para su conservaci\u00f3n, que es vital para el mantenimiento del ciclo hidrol\u00f3gico del sistema lagunar.<\/p>\n<p>El Ecoparque es un predio de casi nueve hect\u00e1reas, con un muelle de 800 metros de recorrido cuadrado de 200 metros por lado, que permite a los visitantes disfrutar de la biodiversidad; adem\u00e1s, un \u00e1rea de servicios, un aula, un laboratorio, puntos de venta y taquilla.<\/p>\n<p>Esta obra, en la que se invirtieron alrededor de 26 millones de pesos, refleja la importancia que tiene el sur para la transformaci\u00f3n y la prosperidad compartida que busca el gobierno del cambio verdadero de Mara Lezama, a fin de mejorar la econom\u00eda de quienes m\u00e1s lo necesitan.<\/p>\n<p>&nbsp;<\/p>\n","protected":false},"excerpt":{"rendered":"<p>Con una inversi\u00f3n de 26 millones de pesos del Gobierno de M\u00e9xico, abri\u00f3 sus puertas en&hellip;<\/p>\n","protected":false},"author":100,"featured_media":53358,"comment_status":"closed","ping_status":"closed","sticky":false,"template":"","format":"standard","meta":{"_acf_changed":false,"_lmt_disableupdate":"","_lmt_disable":"","_mbp_gutenberg_autopost":false,"footnotes":""},"categories":[38],"tags":[],"class_list":["post-53378","post","type-post","status-publish","format-standard","has-post-thumbnail","hentry","category-en-la-21-y-otras-latitudes"],"acf":[],"_links":{"self":[{"href":"https:\/\/l21.mx\/index.php?rest_route=\/wp\/v2\/posts\/53378","targetHints":{"allow":["GET"]}}],"collection":[{"href":"https:\/\/l21.mx\/index.php?rest_route=\/wp\/v2\/posts"}],"about":[{"href":"https:\/\/l21.mx\/index.php?rest_route=\/wp\/v2\/types\/post"}],"author":[{"embeddable":true,"href":"https:\/\/l21.mx\/index.php?rest_route=\/wp\/v2\/users\/100"}],"replies":[{"embeddable":true,"href":"https:\/\/l21.mx\/index.php?rest_route=%2Fwp%2Fv2%2Fcomments&post=53378"}],"version-history":[{"count":0,"href":"https:\/\/l21.mx\/index.php?rest_route=\/wp\/v2\/posts\/53378\/revisions"}],"wp:featuredmedia":[{"embeddable":true,"href":"https:\/\/l21.mx\/index.php?rest_route=\/wp\/v2\/media\/53358"}],"wp:attachment":[{"href":"https:\/\/l21.mx\/index.php?rest_route=%2Fwp%2Fv2%2Fmedia&parent=53378"}],"wp:term":[{"taxonomy":"category","embeddable":true,"href":"https:\/\/l21.mx\/index.php?rest_route=%2Fwp%2Fv2%2Fcategories&post=53378"},{"taxonomy":"post_tag","embeddable":true,"href":"https:\/\/l21.mx\/index.php?rest_route=%2Fwp%2Fv2%2Ftags&post=53378"}],"curies":[{"name":"wp","href":"https:\/\/api.w.org\/{rel}","templated":true}]}}