{"id":53391,"date":"2023-02-01T13:39:00","date_gmt":"2023-02-01T18:39:00","guid":{"rendered":"https:\/\/l21.mx\/?p=53391"},"modified":"2023-02-01T13:39:00","modified_gmt":"2023-02-01T18:39:00","slug":"grupo-riu-celebra-25-anos-en-mexico","status":"publish","type":"post","link":"https:\/\/l21.mx\/?p=53391","title":{"rendered":"Grupo Riu celebra 25 a\u00f1os en M\u00e9xico"},"content":{"rendered":"<p>&nbsp;<\/p>\n<p>M\u00e9xico es el principal destino internacional de Riu Hotels &amp; Resorts, con 22 hoteles en cinco estados mexicanos y, paralelamente, es el tercer mercado emisor para los hoteles de la cadena mallorquina, con m\u00e1s de 800 mil clientes procedentes de ese pa\u00eds en 2022.<\/p>\n<p>Con estas cifras el grupo Riu celebr\u00f3 sus primeros 25 a\u00f1os de iniciar operaciones en M\u00e9xico -en 1997- con el hotel Riu Yucat\u00e1n, en Quintana Roo, al que le siguieron centros de hospedaje de Baja California, Sinaloa, Jalisco y Nayarit, en los que la cadena ha sumado a lo largo de estos 25 a\u00f1os los 22 establecimientos que, en conjunto, suman 13 mil habitaciones y m\u00e1s de 10 mil empleados que representan el 40% de la plantilla mundial de Riu y el colectivo nacional m\u00e1s importante de la empresa.<\/p>\n<p>La celebraci\u00f3n fue con una gran fiesta en el hotel Riu Plaza Guadalajara, evento presidido por Miguel Torruco Marqu\u00e9s, secretario de Turismo de M\u00e9xico y por Carmen y Luis Riu, CEO de la cadena hotelera.<\/p>\n<p>Asistieron 300 personas entre autoridades, socios comerciales, importantes proveedores, sindicatos, directivos de Riu, miembros de la sociedad jalisque\u00f1a, as\u00ed como una gran representaci\u00f3n de la familia Riu.<\/p>\n","protected":false},"excerpt":{"rendered":"<p>&nbsp; M\u00e9xico es el principal destino internacional de Riu Hotels &amp; Resorts, con 22 hoteles en&hellip;<\/p>\n","protected":false},"author":100,"featured_media":53392,"comment_status":"closed","ping_status":"closed","sticky":false,"template":"","format":"standard","meta":{"_acf_changed":false,"_lmt_disableupdate":"","_lmt_disable":"","_mbp_gutenberg_autopost":false,"footnotes":""},"categories":[4,23],"tags":[],"class_list":["post-53391","post","type-post","status-publish","format-standard","has-post-thumbnail","hentry","category-empresas-y-negocios","category-noticias"],"acf":[],"_links":{"self":[{"href":"https:\/\/l21.mx\/index.php?rest_route=\/wp\/v2\/posts\/53391","targetHints":{"allow":["GET"]}}],"collection":[{"href":"https:\/\/l21.mx\/index.php?rest_route=\/wp\/v2\/posts"}],"about":[{"href":"https:\/\/l21.mx\/index.php?rest_route=\/wp\/v2\/types\/post"}],"author":[{"embeddable":true,"href":"https:\/\/l21.mx\/index.php?rest_route=\/wp\/v2\/users\/100"}],"replies":[{"embeddable":true,"href":"https:\/\/l21.mx\/index.php?rest_route=%2Fwp%2Fv2%2Fcomments&post=53391"}],"version-history":[{"count":0,"href":"https:\/\/l21.mx\/index.php?rest_route=\/wp\/v2\/posts\/53391\/revisions"}],"wp:featuredmedia":[{"embeddable":true,"href":"https:\/\/l21.mx\/index.php?rest_route=\/wp\/v2\/media\/53392"}],"wp:attachment":[{"href":"https:\/\/l21.mx\/index.php?rest_route=%2Fwp%2Fv2%2Fmedia&parent=53391"}],"wp:term":[{"taxonomy":"category","embeddable":true,"href":"https:\/\/l21.mx\/index.php?rest_route=%2Fwp%2Fv2%2Fcategories&post=53391"},{"taxonomy":"post_tag","embeddable":true,"href":"https:\/\/l21.mx\/index.php?rest_route=%2Fwp%2Fv2%2Ftags&post=53391"}],"curies":[{"name":"wp","href":"https:\/\/api.w.org\/{rel}","templated":true}]}}