{"id":53397,"date":"2023-02-01T17:00:09","date_gmt":"2023-02-01T22:00:09","guid":{"rendered":"https:\/\/l21.mx\/?p=53397"},"modified":"2023-02-01T17:01:34","modified_gmt":"2023-02-01T22:01:34","slug":"sabor-con-tradicion","status":"publish","type":"post","link":"https:\/\/l21.mx\/?p=53397","title":{"rendered":"Conde de Luna: Sabor con tradici\u00f3n"},"content":{"rendered":"<p><strong>Los embutidos <a href=\"http:\/\/www.condedeluna.com\" target=\"_blank\" rel=\"noopener\">Conde de Luna<\/a> destacan por su calidad y elaboraci\u00f3n artesanal <\/strong><br \/>\nCon una solidez de 21 a\u00f1os, la empresa Conde de Luna, orgullosamente mexicana, ofrece productos embutidos con todo el sabor espa\u00f1ol, que conquista a los paladares m\u00e1s exigentes.<br \/>\n\u201cCombinamos la experiencia y sabidur\u00eda acumuladas durante m\u00e1s de 100 a\u00f1os de elaboraci\u00f3n artesanal, con la tecnolog\u00eda m\u00e1s moderna en producci\u00f3n, garant\u00eda y seguridad alimentarias\u201d, expres\u00f3 Ignacio Guti\u00e9rrez Mor\u00e1n, director general de la compa\u00f1\u00eda.<br \/>\nA\u00f1adi\u00f3 que todos sus productos son hechos en M\u00e9xico; a Canc\u00fan llegaron en 2004, poco despu\u00e9s de su fundaci\u00f3n.<br \/>\nTienen fuerte presencia en el sureste del pa\u00eds; sobre todo en Canc\u00fan, se ubican en La Europea, en algunos hoteles y otros puntos de venta.<br \/>\nLa f\u00e1brica se ubica en el Estado de M\u00e9xico y desde ah\u00ed distribuyen a todas las ciudades del pa\u00eds. En total, generan 45 empleos directos y 150 indirectos.<\/p>\n<div data-sliderid=\"52482\" id=\"penci-post-gallery__52482\" class=\"penci-post-gallery-container justified column-3\" data-height=\"150\" data-margin=\"3\"><a class=\"penci-gallery-ite item-gallery-justified\" href=\"https:\/\/l21.mx\/wp-content\/uploads\/2023\/02\/conde-de-luna-embutidos-.14jpg.jpg\" data-rel=\"penci-gallery-image-content\" ><img decoding=\"async\" src=\"https:\/\/l21.mx\/wp-content\/uploads\/2023\/02\/conde-de-luna-embutidos-.14jpg-585x585.jpg\" alt=\"\" title=\"conde-de-luna-embutidos-.14jpg\"><\/a><a class=\"penci-gallery-ite item-gallery-justified\" href=\"https:\/\/l21.mx\/wp-content\/uploads\/2023\/02\/conde-de-luna-embutidos-.jpg\" data-rel=\"penci-gallery-image-content\" ><img decoding=\"async\" src=\"https:\/\/l21.mx\/wp-content\/uploads\/2023\/02\/conde-de-luna-embutidos--585x585.jpg\" alt=\"\" title=\"conde-de-luna-embutidos-\"><\/a><a class=\"penci-gallery-ite item-gallery-justified\" href=\"https:\/\/l21.mx\/wp-content\/uploads\/2023\/02\/conde-de-luna-embutidos-2.jpg\" data-rel=\"penci-gallery-image-content\" ><img decoding=\"async\" src=\"https:\/\/l21.mx\/wp-content\/uploads\/2023\/02\/conde-de-luna-embutidos-2-585x585.jpg\" alt=\"\" title=\"conde-de-luna-embutidos-2\"><\/a><a class=\"penci-gallery-ite item-gallery-justified\" href=\"https:\/\/l21.mx\/wp-content\/uploads\/2023\/02\/conde-de-luna-embutidos-3.jpg\" data-rel=\"penci-gallery-image-content\" ><img decoding=\"async\" src=\"https:\/\/l21.mx\/wp-content\/uploads\/2023\/02\/conde-de-luna-embutidos-3-585x585.jpg\" alt=\"\" title=\"conde-de-luna-embutidos-3\"><\/a><a class=\"penci-gallery-ite item-gallery-justified\" href=\"https:\/\/l21.mx\/wp-content\/uploads\/2023\/02\/conde-de-luna-embutidos-5.jpg\" data-rel=\"penci-gallery-image-content\" ><img decoding=\"async\" src=\"https:\/\/l21.mx\/wp-content\/uploads\/2023\/02\/conde-de-luna-embutidos-5-585x585.jpg\" alt=\"\" title=\"conde-de-luna-embutidos-5\"><\/a><a class=\"penci-gallery-ite item-gallery-justified\" href=\"https:\/\/l21.mx\/wp-content\/uploads\/2023\/02\/conde-de-luna-embutidos-6.jpg\" data-rel=\"penci-gallery-image-content\" ><img decoding=\"async\" src=\"https:\/\/l21.mx\/wp-content\/uploads\/2023\/02\/conde-de-luna-embutidos-6-585x585.jpg\" alt=\"\" title=\"conde-de-luna-embutidos-6\"><\/a><a class=\"penci-gallery-ite item-gallery-justified\" href=\"https:\/\/l21.mx\/wp-content\/uploads\/2023\/02\/conde-de-luna-embutidos-11.jpg\" data-rel=\"penci-gallery-image-content\" ><img decoding=\"async\" src=\"https:\/\/l21.mx\/wp-content\/uploads\/2023\/02\/conde-de-luna-embutidos-11-585x585.jpg\" alt=\"\" title=\"conde-de-luna-embutidos-11\"><\/a><a class=\"penci-gallery-ite item-gallery-justified\" href=\"https:\/\/l21.mx\/wp-content\/uploads\/2023\/02\/conde-de-luna-embutidos-12.jpg\" data-rel=\"penci-gallery-image-content\" ><img decoding=\"async\" src=\"https:\/\/l21.mx\/wp-content\/uploads\/2023\/02\/conde-de-luna-embutidos-12-585x585.jpg\" alt=\"\" title=\"conde-de-luna-embutidos-12\"><\/a><a class=\"penci-gallery-ite item-gallery-justified\" href=\"https:\/\/l21.mx\/wp-content\/uploads\/2023\/02\/conde-de-luna-embutidos-15.jpg\" data-rel=\"penci-gallery-image-content\" ><img decoding=\"async\" src=\"https:\/\/l21.mx\/wp-content\/uploads\/2023\/02\/conde-de-luna-embutidos-15-585x585.jpg\" alt=\"\" title=\"conde-de-luna-embutidos-15\"><\/a><a class=\"penci-gallery-ite item-gallery-justified\" href=\"https:\/\/l21.mx\/wp-content\/uploads\/2023\/02\/conde-de-luna-embutidos-16.jpg\" data-rel=\"penci-gallery-image-content\" ><img decoding=\"async\" src=\"https:\/\/l21.mx\/wp-content\/uploads\/2023\/02\/conde-de-luna-embutidos-16-585x585.jpg\" alt=\"\" title=\"conde-de-luna-embutidos-16\"><\/a><a class=\"penci-gallery-ite item-gallery-justified\" href=\"https:\/\/l21.mx\/wp-content\/uploads\/2023\/02\/conde-de-luna-embutidos-17.jpg\" data-rel=\"penci-gallery-image-content\" ><img decoding=\"async\" src=\"https:\/\/l21.mx\/wp-content\/uploads\/2023\/02\/conde-de-luna-embutidos-17-585x585.jpg\" alt=\"\" title=\"conde-de-luna-embutidos-17\"><\/a><a class=\"penci-gallery-ite item-gallery-justified\" href=\"https:\/\/l21.mx\/wp-content\/uploads\/2023\/02\/conde-de-luna-embutidos-21.jpg\" data-rel=\"penci-gallery-image-content\" ><img decoding=\"async\" src=\"https:\/\/l21.mx\/wp-content\/uploads\/2023\/02\/conde-de-luna-embutidos-21-585x585.jpg\" alt=\"\" title=\"conde-de-luna-embutidos-21\"><\/a><a class=\"penci-gallery-ite item-gallery-justified\" href=\"https:\/\/l21.mx\/wp-content\/uploads\/2023\/02\/conde-de-luna-embutidos-22.jpg\" data-rel=\"penci-gallery-image-content\" ><img decoding=\"async\" src=\"https:\/\/l21.mx\/wp-content\/uploads\/2023\/02\/conde-de-luna-embutidos-22-585x585.jpg\" alt=\"\" title=\"conde-de-luna-embutidos-22\"><\/a><\/div>\n<p><strong>Variedad y calidad<\/strong><br \/>\nGuti\u00e9rrez Mor\u00e1n coment\u00f3 que cuentan con un cat\u00e1logo amplio de alimentos maduros, semimaduros, frescos y cocidos, sumando en total 44 productos, entre los que destacan como los m\u00e1s buscados los maduros, chistorra y jam\u00f3n serrano.<br \/>\n\u201cTenemos la garant\u00eda de que se trata de un producto hecho artesanalmente, no tan industrializado, en los que encuentras los aut\u00e9nticos sabores de Espa\u00f1a y con materia prima de alt\u00edsima calidad\u201d, coment\u00f3.<br \/>\nComent\u00f3 que la ra\u00edz de Con de Luna proviene del norte de Espa\u00f1a, en las comarcas leonesas de Luna, Oma\u00f1a y Babia, una regi\u00f3n con un clima extremo y una tradici\u00f3n centenaria en la elaboraci\u00f3n artesanal de embutidos.<\/p>\n<p>Solidez y amplia presencia<br \/>\nDesde 2002, cuando se fund\u00f3 la empresa, r\u00e1pidamente destac\u00f3 en el mercado; creci\u00f3 y se consolid\u00f3, multiplicando su capacidad, pero conservando la esencia que les dio fama: Embutidos de aqu\u00ed con sabor de all\u00ed.<br \/>\nMencion\u00f3 que desde el principio tuvieron mucha aceptaci\u00f3n, con un crecimiento notable; \u201cobvio al principio, como en cualquier negocio fue muy r\u00e1pido, pero continuamos de manera sostenida con un crecimiento cada a\u00f1o de entre 15 y 20 por ciento\u201d.<br \/>\nRespecto a costos, dijo que son muy competitivos respecto a la oferta que hay en el mercado.<br \/>\nSubray\u00f3 que cuentan con la Certificaci\u00f3n BRC y est\u00e1n en proceso de certificaci\u00f3n TIFF.<br \/>\nSi bien dijo que la expectativa para este 2023 es crecer en n\u00famero de clientes, reconoci\u00f3 que a nivel global hay factores que pueden alentar este crecimiento.<br \/>\n\u201cSentimos que es un a\u00f1o un poco complicado, debido a c\u00f3mo se est\u00e1n comportando los mercados en el sector de alimentaci\u00f3n; para todo el sector, hay crisis alimentaria mundial, los precios est\u00e1n muy elevados\u201d, dijo.<br \/>\nA\u00f1adi\u00f3 que el producto que manejan es de lujo, no es de primera necesidad; \u201centonces eso nos pega un poco cuando el consumidor elige los productos para su hogar, si los recursos son limitados\u201d.<\/p>\n<p>&nbsp;<\/p>\n","protected":false},"excerpt":{"rendered":"<p>Los embutidos Conde de Luna destacan por su calidad y elaboraci\u00f3n artesanal Con una solidez de&hellip;<\/p>\n","protected":false},"author":95,"featured_media":53407,"comment_status":"closed","ping_status":"closed","sticky":false,"template":"","format":"standard","meta":{"_acf_changed":false,"_lmt_disableupdate":"","_lmt_disable":"","_mbp_gutenberg_autopost":false,"footnotes":""},"categories":[4,23],"tags":[],"class_list":["post-53397","post","type-post","status-publish","format-standard","has-post-thumbnail","hentry","category-empresas-y-negocios","category-noticias"],"acf":[],"_links":{"self":[{"href":"https:\/\/l21.mx\/index.php?rest_route=\/wp\/v2\/posts\/53397","targetHints":{"allow":["GET"]}}],"collection":[{"href":"https:\/\/l21.mx\/index.php?rest_route=\/wp\/v2\/posts"}],"about":[{"href":"https:\/\/l21.mx\/index.php?rest_route=\/wp\/v2\/types\/post"}],"author":[{"embeddable":true,"href":"https:\/\/l21.mx\/index.php?rest_route=\/wp\/v2\/users\/95"}],"replies":[{"embeddable":true,"href":"https:\/\/l21.mx\/index.php?rest_route=%2Fwp%2Fv2%2Fcomments&post=53397"}],"version-history":[{"count":0,"href":"https:\/\/l21.mx\/index.php?rest_route=\/wp\/v2\/posts\/53397\/revisions"}],"wp:featuredmedia":[{"embeddable":true,"href":"https:\/\/l21.mx\/index.php?rest_route=\/wp\/v2\/media\/53407"}],"wp:attachment":[{"href":"https:\/\/l21.mx\/index.php?rest_route=%2Fwp%2Fv2%2Fmedia&parent=53397"}],"wp:term":[{"taxonomy":"category","embeddable":true,"href":"https:\/\/l21.mx\/index.php?rest_route=%2Fwp%2Fv2%2Fcategories&post=53397"},{"taxonomy":"post_tag","embeddable":true,"href":"https:\/\/l21.mx\/index.php?rest_route=%2Fwp%2Fv2%2Ftags&post=53397"}],"curies":[{"name":"wp","href":"https:\/\/api.w.org\/{rel}","templated":true}]}}