{"id":53422,"date":"2023-02-01T17:18:46","date_gmt":"2023-02-01T22:18:46","guid":{"rendered":"https:\/\/l21.mx\/?p=53422"},"modified":"2023-02-01T17:19:17","modified_gmt":"2023-02-01T22:19:17","slug":"oferta-turistica-en-fitur-2023","status":"publish","type":"post","link":"https:\/\/l21.mx\/?p=53422","title":{"rendered":"Oferta tur\u00edstica en FITUR 2023"},"content":{"rendered":"<p><strong>La comitiva de M\u00e9xico en la <a href=\"https:\/\/www.ifema.es\/fitur\">FITUR 2023<\/a> realiz\u00f3 una intensa promoci\u00f3n de los destinos y atractivos del pa\u00eds; se concretaron importantes cosas positivas para el Caribe Mexicano<\/strong><\/p>\n<p>Con el prop\u00f3sito de motivar la llegada de turistas de Espa\u00f1a y de toda Europa, la comitiva de M\u00e9xico en FITUR 2023, integrada por 275 personas, entre autoridades de los tres \u00f3rdenes de gobierno, directivos de empresas y asociaciones, as\u00ed como prestadores de servicios tur\u00edsticos, expusieron las bondades que ofrecen los destinos mexicanos a los viajeros, en esta feria que reuni\u00f3 a m\u00e1s de 82 mil profesionales en la materia, proveniente de 131 pa\u00edses.<\/p>\n<p>En los \u2018corners\u2019 del pabell\u00f3n de M\u00e9xico se realizaron diferentes activaciones, las cuales mostraron la riqueza gastron\u00f3mica, art\u00edstica y cultural de nuestro pa\u00eds, as\u00ed como el ambiente de fiesta y color que lo caracteriza a nivel internacional, como un gran motivador de viaje.<\/p>\n<p>La inauguraci\u00f3n de esta feria tur\u00edstica fue encabezada por el Rey Don Felipe VI de Borb\u00f3n y durante el corte del list\u00f3n del pabell\u00f3n de M\u00e9xico, la ministra de Industria, Comercio y Turismo de Espa\u00f1a, Mar\u00eda Reyes Maroto, reconoci\u00f3 lo hecho desde el Gobierno de M\u00e9xico y por todos los asistentes de la delegaci\u00f3n mexicana, para que hoy el pa\u00eds sea uno de los destinos preferidos a nivel mundial.<\/p>\n<p>\u201cEl Tren Maya va a facilitar los viajes a los turistas y a la poblaci\u00f3n mexicana, con el impacto tan importante que va a tener, y tantos proyectos comunes que tenemos. As\u00ed que felicidades secretario Miguel por tus \u00e9xitos, que son los \u00e9xitos de M\u00e9xico y son los \u00e9xitos, tambi\u00e9n, del mundo\u201d, enfatiz\u00f3.<\/p>\n<p>El secretario de Turismo, Miguel Torruco Marqu\u00e9s, encabez\u00f3 la comitiva de M\u00e9xico integrada por representantes de 17 estados, tanto del sector p\u00fablico como privado, y atestigu\u00f3 los importantes acuerdos y convenios que celebraron los diferentes destinos del pa\u00eds para incentivar la llegada de turistas.<\/p>\n<p>Como parte del evento, el titular de Sectur particip\u00f3 en la XXVI Conferencia Iberoamericana de Ministros y Empresarios de Turismo, en donde destac\u00f3 que M\u00e9xico es un destino altamente competitivo para el Turismo de Reuniones, Congresos, Eventos, Ferias y Viajes de Incentivo (MICE, por sus siglas en ingl\u00e9s).<\/p>\n<p><strong>Diversificaci\u00f3n<\/strong><\/p>\n<p>La presencia de M\u00e9xico en FITUR 2023 cont\u00f3 con el apoyo de la Embajada de M\u00e9xico en Espa\u00f1a, encabezada por el embajador Quirino Ordaz Coppel, quien reconoci\u00f3 el trabajo realizado para impulsar la diversificaci\u00f3n de la actividad tur\u00edstica en todos los destinos de M\u00e9xico, a trav\u00e9s de acciones de promoci\u00f3n y desarrollo de productos y eventos.<\/p>\n<p>Al participar en el Foro \u201cOportunidades del Turismo Gastron\u00f3mico en la Regi\u00f3n Iberoamericana\u201d, organizado por la Secretar\u00eda General Iberoamericana, Torruco Marqu\u00e9s refiri\u00f3 que la industria restaurantera representa el 12.2% de los negocios de M\u00e9xico y poco m\u00e1s de 2 millones de empleos, de acuerdo con datos de la C\u00e1mara Nacional de la Industria Restaurantera y Alimentos Condimentados (Canirac).<\/p>\n<p>Se\u00f1al\u00f3 que, de cada 100 empresas dedicadas al negocio de alimentos y bebidas, 96 son microempresas, aportando 70 de cada 100 empleos y generando 56 de cada 100 pesos mexicanos.<\/p>\n<p>Agreg\u00f3 que la gastronom\u00eda mexicana es sin\u00f3nimo de identidad nacional, as\u00ed como un importante motivador de viaje y una gran oportunidad de desarrollo social y econ\u00f3mico. Asimismo, para la actividad tur\u00edstica, la gastronom\u00eda es un factor relevante, al ser un valor agregado y un elemento diferenciador reconocido a nivel nacional y m\u00e1s all\u00e1 de nuestras fronteras.<\/p>\n<p><strong>Puertas abiertas al turismo LGBTQ+<\/strong><\/p>\n<p>Reconoci\u00f3 la importancia del turismo LGBTQ+, que, de acuerdo con la OMT, representa m\u00e1s de 35 millones de viajeros en el mundo, gastan hasta un 15% m\u00e1s que los turistas de otros nichos de mercado y viajan en cualquier \u00e9poca del a\u00f1o, creciendo a un ritmo anual de 10.3%. \u201cEn M\u00e9xico, 5 millones de personas se identifican como parte de la poblaci\u00f3n LGBTQ+, de los cuales un 64.3% son econ\u00f3micamente activos\u201d, coment\u00f3.<\/p>\n<p>Al respecto, la ministra de Industria, Comercio y Turismo de Espa\u00f1a, Mar\u00eda Reyes Maroto, asegur\u00f3 que M\u00e9xico se ha convertido en el modelo a seguir en la inclusi\u00f3n y un ejemplo para el turismo LGBTQ+, mismo que Espa\u00f1a replicar\u00e1 gracias al convenio firmado en la materia.<\/p>\n<p><strong>Ardua labor<\/strong><\/p>\n<p>El presidente de la Asociaci\u00f3n de Secretarios de Turismo (ASETUR), Juan Enrique Su\u00e1rez del Real Tostado, destac\u00f3 la ardua labor de concentrar la gran oferta de M\u00e9xico en el pabell\u00f3n para hacer m\u00e1s promoci\u00f3n en el mercado espa\u00f1ol y europeo, uno de los principales emisores.<\/p>\n<p>\u201cEstar con el pabell\u00f3n m\u00e1s grande en la historia de FITUR nos ha permitido crear m\u00e1s convenios de colaboraci\u00f3n que generen un desarrollo para todos los destinos. Es una feria muy exitosa con un gran n\u00famero de acuerdos y resultados para cada uno de los estados que est\u00e1n representados\u201d, coment\u00f3.<\/p>\n<p>&nbsp;<\/p>\n<p>&nbsp;<\/p>\n<blockquote><p>\u201cEs momento para sumar esfuerzos en materia de promoci\u00f3n e intercambio de experiencias y buenas pr\u00e1cticas, a fin de ofrecer a nuestros visitantes productos integrados que respondan a las necesidades de un turista m\u00e1s informado y exigente\u201d.<\/p>\n<p><strong>Miguel Torruco,Titular de Sectur M\u00e9xico<\/strong><\/p><\/blockquote>\n<div data-sliderid=\"54696\" id=\"penci-post-gallery__54696\" class=\"penci-post-gallery-container justified column-3\" data-height=\"150\" data-margin=\"3\"><a class=\"penci-gallery-ite item-gallery-justified\" href=\"https:\/\/l21.mx\/wp-content\/uploads\/2023\/02\/ML-AlianzaEmbajada-03.jpeg\" data-rel=\"penci-gallery-image-content\" ><img decoding=\"async\" src=\"https:\/\/l21.mx\/wp-content\/uploads\/2023\/02\/ML-AlianzaEmbajada-03-585x341.jpeg\" alt=\"\" title=\"ML-AlianzaEmbajada-03\"><\/a><a class=\"penci-gallery-ite item-gallery-justified\" href=\"https:\/\/l21.mx\/wp-content\/uploads\/2023\/02\/fitur-inverotel.jpg\" data-rel=\"penci-gallery-image-content\" ><img decoding=\"async\" src=\"https:\/\/l21.mx\/wp-content\/uploads\/2023\/02\/fitur-inverotel-585x293.jpg\" alt=\"\" title=\"fitur inverotel\"><\/a><a class=\"penci-gallery-ite item-gallery-justified\" href=\"https:\/\/l21.mx\/wp-content\/uploads\/2023\/02\/FITUR-sectur-3.jpg\" data-rel=\"penci-gallery-image-content\" ><img decoding=\"async\" src=\"https:\/\/l21.mx\/wp-content\/uploads\/2023\/02\/FITUR-sectur-3-585x780.jpg\" alt=\"\" title=\"FITUR-sectur-(3)\"><\/a><a class=\"penci-gallery-ite item-gallery-justified\" href=\"https:\/\/l21.mx\/wp-content\/uploads\/2023\/02\/ML-Fitur-03.jpg\" data-rel=\"penci-gallery-image-content\" ><img decoding=\"async\" src=\"https:\/\/l21.mx\/wp-content\/uploads\/2023\/02\/ML-Fitur-03-585x439.jpg\" alt=\"\" title=\"ML-Fitur-03\"><\/a><a class=\"penci-gallery-ite item-gallery-justified\" href=\"https:\/\/l21.mx\/wp-content\/uploads\/2023\/02\/ML-Fitur-04.jpg\" data-rel=\"penci-gallery-image-content\" ><img decoding=\"async\" src=\"https:\/\/l21.mx\/wp-content\/uploads\/2023\/02\/ML-Fitur-04-585x439.jpg\" alt=\"\" title=\"ML-Fitur-04\"><\/a><a class=\"penci-gallery-ite item-gallery-justified\" href=\"https:\/\/l21.mx\/wp-content\/uploads\/2023\/02\/FITUR-sectur-4.jpg\" data-rel=\"penci-gallery-image-content\" ><img decoding=\"async\" src=\"https:\/\/l21.mx\/wp-content\/uploads\/2023\/02\/FITUR-sectur-4-585x439.jpg\" alt=\"\" title=\"FITUR-sectur-(4)\"><\/a><a class=\"penci-gallery-ite item-gallery-justified\" href=\"https:\/\/l21.mx\/wp-content\/uploads\/2023\/02\/FITUR-sectur-2.jpg\" data-rel=\"penci-gallery-image-content\" ><img decoding=\"async\" src=\"https:\/\/l21.mx\/wp-content\/uploads\/2023\/02\/FITUR-sectur-2-585x439.jpg\" alt=\"\" title=\"FITUR-sectur-(2)\"><\/a><a class=\"penci-gallery-ite item-gallery-justified\" href=\"https:\/\/l21.mx\/wp-content\/uploads\/2023\/02\/fitur-inverotel-5.jpg\" data-rel=\"penci-gallery-image-content\" ><img decoding=\"async\" src=\"https:\/\/l21.mx\/wp-content\/uploads\/2023\/02\/fitur-inverotel-5-585x363.jpg\" alt=\"\" title=\"fitur-inverotel-5\"><\/a><a class=\"penci-gallery-ite item-gallery-justified\" href=\"https:\/\/l21.mx\/wp-content\/uploads\/2023\/02\/ML-PremioDestino-02.jpg\" data-rel=\"penci-gallery-image-content\" ><img decoding=\"async\" src=\"https:\/\/l21.mx\/wp-content\/uploads\/2023\/02\/ML-PremioDestino-02-585x360.jpg\" alt=\"\" title=\"ML-PremioDestino-02\"><\/a><a class=\"penci-gallery-ite item-gallery-justified\" href=\"https:\/\/l21.mx\/wp-content\/uploads\/2023\/02\/festival-solidaridad-fitur-1.jpg\" data-rel=\"penci-gallery-image-content\" ><img decoding=\"async\" src=\"https:\/\/l21.mx\/wp-content\/uploads\/2023\/02\/festival-solidaridad-fitur-1-585x480.jpg\" alt=\"\" title=\"festival-solidaridad-fitur-(1)\"><\/a><a class=\"penci-gallery-ite item-gallery-justified\" href=\"https:\/\/l21.mx\/wp-content\/uploads\/2023\/02\/FITUR-sectur-6.jpg\" data-rel=\"penci-gallery-image-content\" ><img decoding=\"async\" src=\"https:\/\/l21.mx\/wp-content\/uploads\/2023\/02\/FITUR-sectur-6-585x390.jpg\" alt=\"\" title=\"FITUR-sectur-(6)\"><\/a><a class=\"penci-gallery-ite item-gallery-justified\" href=\"https:\/\/l21.mx\/wp-content\/uploads\/2023\/02\/FITUR-sectur-5.jpg\" data-rel=\"penci-gallery-image-content\" ><img decoding=\"async\" src=\"https:\/\/l21.mx\/wp-content\/uploads\/2023\/02\/FITUR-sectur-5-585x347.jpg\" alt=\"\" title=\"FITUR-sectur-(5)\"><\/a><a class=\"penci-gallery-ite item-gallery-justified\" href=\"https:\/\/l21.mx\/wp-content\/uploads\/2023\/02\/Fm8u_9NX0AUXU0E.jpg\" data-rel=\"penci-gallery-image-content\" ><img decoding=\"async\" src=\"https:\/\/l21.mx\/wp-content\/uploads\/2023\/02\/Fm8u_9NX0AUXU0E-585x585.jpg\" alt=\"\" title=\"Fm8u_9NX0AUXU0E\"><\/a><\/div>\n<ul>\n<li><strong>Solidez de M\u00e9xico<\/strong><\/li>\n<li><\/li>\n<li><strong>270 personas<\/strong><\/li>\n<li>integraron la delegaci\u00f3n de M\u00e9xico, entre autoridades de los tres \u00f3rdenes de gobierno y representantes del sector privado<\/li>\n<li><\/li>\n<li><strong>1, 111 metros<\/strong><\/li>\n<li>cuadrados ocup\u00f3 el pabell\u00f3n mexicano, el m\u00e1s grande de Am\u00e9rica Latina.<\/li>\n<li><\/li>\n<li><strong>+27 mil<\/strong><\/li>\n<li>418 millones de d\u00f3lares en ingreso de divisas por turismo recibi\u00f3 M\u00e9xico en 2022, 11.6% m\u00e1s que en el 2019<\/li>\n<li><\/li>\n<li><strong>1er. lugar<\/strong><\/li>\n<li>de Am\u00e9rica y 6\u00ba. en el mundo con mayor n\u00famero de sitios reconocidos como Patrimonio de la Humanidad<\/li>\n<li><\/li>\n<li><strong>10 destinos<\/strong><\/li>\n<li>mexicanos en el cat\u00e1logo de Ciudades Patrimonio, que posicionan a nuestro pa\u00eds en el 4\u00ba. lugar, s\u00f3lo despu\u00e9s de Italia, Francia y Espa\u00f1a.<\/li>\n<\/ul>\n<p>&nbsp;<\/p>\n<p><strong>Roo promueve sustentabilidad<\/strong><\/p>\n<p><strong>\u00a0<\/strong>A fin de fortalecer la colaboraci\u00f3n con el Consejo Mundial de Viajes y Turismo (WTTC) a trav\u00e9s del dise\u00f1o de pol\u00edticas p\u00fablicas orientadas a la seguridad tur\u00edstica, la sostenibilidad y la diversificaci\u00f3n de los destinos tur\u00edsticos del Caribe Mexicano, la gobernadora Mara Lezama Espinosa se reuni\u00f3 con Julia Simpson, CEO de la WTTC.<\/p>\n<p>Este Consejo es actor clave del turismo a nivel global para conocer las perspectivas de la actividad, tendencia en los mercados y los retos en la gesti\u00f3n de destinos, como los que Mara Lezama impulsa en el sur de Quintana Roo a fin de generar prosperidad compartida que se refleje directamente en las comunidades rurales y entornos urbanos.<\/p>\n<p>Mara Lezama y Julia Simpson hablaron de la diversificaci\u00f3n y sustentabilidad que se impulsa en Quintana Roo, en la que la WTTC est\u00e1 interesada porque son parte angular de la transformaci\u00f3n profunda para cambiarle la vida a las personas.<\/p>\n<p>La titular del Ejecutivo reconoci\u00f3 la excelente relaci\u00f3n que existe con la WTTC por lo que habr\u00e1 un trabajo intenso para su fortalecimiento, concretar sinergias para mejorar la industria tur\u00edstica con prosperidad compartida.<\/p>\n<p><strong>Proyectos de prosperidad<\/strong><\/p>\n<p>Lezama Espinosa invit\u00f3 a los turistas espa\u00f1oles a conocer los atractivos del estado que pr\u00f3ximamente estar\u00e1n conectados a trav\u00e9s del Tren Maya, proyecto emblem\u00e1tico del presidente Andr\u00e9s Manuel L\u00f3pez Obrador.<\/p>\n<p>Enfatiz\u00f3 la uni\u00f3n de esfuerzos con el Gobierno de M\u00e9xico promoviendo este importante proyecto y todos los destinos del Caribe mexicano.<\/p>\n<p>Apunt\u00f3 que junto con el nuevo aeropuerto internacional de Tulum y la inversi\u00f3n en las zonas arqueol\u00f3gicas se incrementar\u00e1 la afluencia tur\u00edstica en los diversos municipios con opciones para disfrutar de las maravillas que se tienen en Quintana Roo, lo que permitir\u00e1 que la prosperidad llegue a cada rinc\u00f3n.<\/p>\n<p>En la delegaci\u00f3n de Q. Roo, liderada por la gobernadora, participaron tambi\u00e9n Bernardo Cueto, secretario de Turismo; Javier Aranda, director general del Consejo de Promoci\u00f3n Tur\u00edstica de Quintana Roo; las presidentas municipales Atenea G\u00f3mez, de Isla Mujeres; Lili Campos Miranda, de Solidaridad; Blanca Merari Tziu, de Puerto Morelos; Ana Paty Peralta, de Benito Ju\u00e1rez; Juanita Alonso Marrufo, de Cozumel, Maricarmen Hern\u00e1ndez, de Felipe Carrillo Puerto y Yensunni Mart\u00ednez, de Oth\u00f3n P. Blanco.<\/p>\n<p>&nbsp;<\/p>\n<p><strong>Buenas noticias:\u00a0<\/strong><\/p>\n<h5><strong>* M\u00e1s hoteles<\/strong><\/h5>\n<p>La gobernadora de Quintana Roo, Mara Lezama, se reuni\u00f3 con\u00a0Mark Hoplamazian, presidente y CEO de Hyatt Hotel Coporation y Gonzalo del Pe\u00f3n, presidente del Grupo Inclusive Collection, Hyatt Americas &amp; Global Commercial, quienes reconocieron a Quintana Roo como un estado y destino seguro para la inversi\u00f3n, donde este 2023 abrir\u00e1n dos nuevos centros de hospedaje en Tulum e Isla Mujeres con 5 mil habitaciones.<\/p>\n<h5><strong>* Premio \u201cDestino l\u00edder en turismo de Am\u00e9rica y el Caribe\u201d <\/strong><\/h5>\n<p>La gobernadora Mara Lezama Espinosa recibi\u00f3 el premio Travellers Awards que otorga Periodista Digital a Quintana Roo como \u201cDestino l\u00edder en turismo de Am\u00e9rica y el Caribe\u201d.<\/p>\n<p>Este premio, es el reconocimiento del periodismo independiente m\u00e1s seguido por profesionales tur\u00edsticos, que m\u00e1s destaca con 16 millones de usuarios por mes.<\/p>\n<h5><strong>* Inverotel se <\/strong><strong>suma al Nuevo Acuerdo por el Bienestar y Desarrollo<\/strong><\/h5>\n<p>La Asociaci\u00f3n de Inversores Hoteleros de \u00c1mbito Internacional (Inverotel) que integra a 17 cadenas espa\u00f1olas y tiene 41 mil 797 habitaciones en Quintana Roo, se sum\u00f3 al Nuevo Acuerdo por el Bienestar y Desarrollo que promueve la gobernadora, Mara Lezama.<\/p>\n<p>Trabajar\u00e1n en la implementaci\u00f3n de la agenda a favor del desarrollo tur\u00edstico sostenible del estado con visi\u00f3n al 2030 y la responsabilidad social para que la prosperidad sea compartida.<\/p>\n<h5><strong>* M\u00e1s visitantes de Canad\u00e1 y Europa<\/strong><\/h5>\n<p>Mara Lezama sostuvo una productiva reuni\u00f3n con Jordi Pelfort, presidente de Blue Diamond, donde se dio a conocer que para este a\u00f1o se espera que la llegada de turismo canadiense se incremente hasta en un 250%.<\/p>\n<p>Al estrechar lazos con los grandes touroperadores europeos, se reuni\u00f3 con Juan Carlos Gonz\u00e1lez Mart\u00edn, DG de Grupo Avoris e Iberojet, donde anunciaron el vuelo directo de Iberojet desde Oporto, Portugal, hacia Canc\u00fan, en el primer semestre de este a\u00f1o, as\u00ed como la viabilidad de un vuelo de Madrid a Cozumel.<\/p>\n<p>&nbsp;<\/p>\n<h3><strong>Brilla Solidaridad en Espa\u00f1a <\/strong><\/h3>\n<p>Para promover, difundir e impulsar a la Riviera Maya, as\u00ed como las actividades por el 30 aniversario de Solidaridad, por primera vez Playa del Carmen ocup\u00f3 un \u00e1rea exclusiva en el pabell\u00f3n de M\u00e9xico y el Caribe, el m\u00e1s grande de Am\u00e9rica Latina en la Feria Internacional de Turismo (Fitur) 2023, encabezado por la presidenta municipal Lili Campos.<\/p>\n<p>La edil sostuvo una reuni\u00f3n con el alcalde de Valladolid, \u00d3scar Puente Santiago, y el de Algeciras, Jos\u00e9 Ignacio Landaluce Calleja, para colaborar de manera conjunta en materia de turismo, cultura y econom\u00eda.<\/p>\n<p>Playa del Carmen es el destino m\u00e1s visitado del estado y uno de los m\u00e1s reconocidos a nivel internacional, manteniendo una ocupaci\u00f3n hotelera por arriba del 80 por ciento en el 2022.<\/p>\n<p>Lili Campos sostuvo reuniones de trabajo con empresarios del sector tur\u00edstico, agencias de viaje y tour operadores.<\/p>\n<p>Durante el evento se present\u00f3 el Segundo Festival Gastron\u00f3mico, organizado por la Secretar\u00eda de Turismo Estatal, que este a\u00f1o se llevar\u00e1 a cabo en Solidaridad los d\u00edas 25 y 26 de febrero.<\/p>\n<p><strong>Alianzas<\/strong><\/p>\n<p>En otras actividades, la mun\u00edcipe tuvo una reuni\u00f3n con Roberto Monroy Garc\u00eda, secretario de Turismo del Estado de Michoac\u00e1n, as\u00ed como Thelma Aquique Arrieta, secretar\u00eda de Turismo de Morelia, con quien concert\u00f3 la firma en pr\u00f3ximas fechas del hermanamiento, el cual permitir\u00e1 consolidar la colaboraci\u00f3n intermunicipal en materia de turismo, cultura, econom\u00eda, educaci\u00f3n, entre otros rubros.<\/p>\n<p>Adem\u00e1s, el director de Desarrollo Econ\u00f3mico Ra\u00fal Aguilar, realiz\u00f3 gira de trabajo por Valladolid, Espa\u00f1a, para compartir experiencias con la concejala de Innovaci\u00f3n y Desarrollo Econ\u00f3mico, Mar\u00eda del Rosario Ch\u00e1vez Mu\u00f1oz, en el rubro de la municipalizaci\u00f3n de servicios como el agua, adem\u00e1s del manejo del comercio informal.<\/p>\n<p>&nbsp;<\/p>\n<h3><strong>Canc\u00fan abre puertas al turismo y la inversi\u00f3n<\/strong><\/h3>\n<p>Con un mensaje basado en los datos del \u00e9xito rotundo construido por todos en 2022, el a\u00f1o en que Canc\u00fan rebas\u00f3 sus propios r\u00e9cords, en su participaci\u00f3n en FITUR 2023, la presidenta municipal, Ana Patricia Peralta, abri\u00f3 la posibilidad de la primera oficina de representaci\u00f3n de la C\u00e1mara de Comercio, Industria y Servicios de Madrid en Latinoam\u00e9rica, un vuelo Ecuador-Canc\u00fan y la realizaci\u00f3n de una Cumbre de Turismo Social y Sostenible de la CEOE.<\/p>\n<p>Ana Patricia Peralta particip\u00f3 en distintas actividades y reuniones en la FITUR; firm\u00f3 un acuerdo de colaboraci\u00f3n con la C\u00e1mara de Comercio, Industria y Servicios de Madrid para que Canc\u00fan se convierta en la primera ciudad Latinoamericana en contar con una representaci\u00f3n de dicho organismo, con el fin de \u201cdar certeza comercial a la comunidad espa\u00f1ola en nuestra ciudad, captar m\u00e1s inversi\u00f3n y que los ciudadanos y turistas de ese pa\u00eds tengan un espacio al que recurrir si lo necesitan\u201d.<\/p>\n<p>Gestion\u00f3 con los integrantes de la Confederaci\u00f3n Espa\u00f1ola de Organizaciones Empresariales (CEOE) la realizaci\u00f3n de una Cumbre sobre Turismo Social y Sostenible en Canc\u00fan este mismo a\u00f1o, con el objetivo de analizar casos de \u00e9xito y buenas pr\u00e1cticas que sirven de modelos de soluci\u00f3n a los retos que enfrentan las ciudades tur\u00edsticas.<\/p>\n<p>Adem\u00e1s, se reuni\u00f3 con autoridades internacionales como la vicealcaldesa de Madrid, Bego\u00f1a Villac\u00eds S\u00e1nchez y Niels Olsen, ministro de Turismo de Ecuador, para iniciar acercamientos sobre una ruta a\u00e9rea que conecte a Canc\u00fan con dicho pa\u00eds.<\/p>\n<p>&nbsp;<\/p>\n<p>&nbsp;<\/p>\n<p>&nbsp;<\/p>\n","protected":false},"excerpt":{"rendered":"<p>La comitiva de M\u00e9xico en la FITUR 2023 realiz\u00f3 una intensa promoci\u00f3n de los destinos y&hellip;<\/p>\n","protected":false},"author":95,"featured_media":53430,"comment_status":"closed","ping_status":"closed","sticky":false,"template":"","format":"standard","meta":{"_acf_changed":false,"_lmt_disableupdate":"","_lmt_disable":"","_mbp_gutenberg_autopost":false,"footnotes":""},"categories":[23,19,853],"tags":[],"class_list":["post-53422","post","type-post","status-publish","format-standard","has-post-thumbnail","hentry","category-noticias","category-portada","category-portada-edicion-impresa"],"acf":[],"yoast_head":"<!-- This site is optimized with the Yoast SEO plugin v27.3 - https:\/\/yoast.com\/product\/yoast-seo-wordpress\/ -->\n<title>Oferta tur\u00edstica en FITUR 2023 | Revista Latitud 21<\/title>\n<meta name=\"description\" content=\"L21, Emprendedores y Negocios en el Caribe Mexicano, es la revista l\u00edder entre el Sector Empresarial y Tur\u00edstico del Caribe Mexicano.\" \/>\n<meta name=\"robots\" content=\"index, follow, max-snippet:-1, max-image-preview:large, max-video-preview:-1\" \/>\n<link rel=\"canonical\" href=\"https:\/\/l21.mx\/?p=53422\" \/>\n<meta name=\"twitter:card\" content=\"summary_large_image\" \/>\n<meta name=\"twitter:title\" content=\"Oferta tur\u00edstica en FITUR 2023 | Revista Latitud 21\" \/>\n<meta name=\"twitter:description\" content=\"L21, Emprendedores y Negocios en el Caribe Mexicano, es la revista l\u00edder entre el Sector Empresarial y Tur\u00edstico del Caribe Mexicano.\" \/>\n<meta name=\"twitter:image\" content=\"https:\/\/l21.mx\/wp-content\/uploads\/2023\/02\/festival-solidaridad-fitur-3.jpg\" \/>\n<meta name=\"twitter:creator\" content=\"@Latitud21mx\" \/>\n<meta name=\"twitter:site\" content=\"@Latitud21mx\" \/>\n<meta name=\"twitter:label1\" content=\"Escrito por\" \/>\n\t<meta name=\"twitter:data1\" content=\"ahernandez@latitud21.com.mx\" \/>\n\t<meta name=\"twitter:label2\" content=\"Tiempo de lectura\" \/>\n\t<meta name=\"twitter:data2\" content=\"10 minutos\" \/>\n<script type=\"application\/ld+json\" class=\"yoast-schema-graph\">{\"@context\":\"https:\\\/\\\/schema.org\",\"@graph\":[{\"@type\":\"Article\",\"@id\":\"https:\\\/\\\/l21.mx\\\/?p=53422#article\",\"isPartOf\":{\"@id\":\"https:\\\/\\\/l21.mx\\\/?p=53422\"},\"author\":{\"name\":\"ahernandez@latitud21.com.mx\",\"@id\":\"https:\\\/\\\/l21.mx\\\/#\\\/schema\\\/person\\\/b3cb342bb947a88e1fc27e05770479da\"},\"headline\":\"Oferta tur\u00edstica en FITUR 2023\",\"datePublished\":\"2023-02-01T22:18:46+00:00\",\"dateModified\":\"2023-02-01T22:19:17+00:00\",\"mainEntityOfPage\":{\"@id\":\"https:\\\/\\\/l21.mx\\\/?p=53422\"},\"wordCount\":2319,\"publisher\":{\"@id\":\"https:\\\/\\\/l21.mx\\\/#organization\"},\"image\":{\"@id\":\"https:\\\/\\\/l21.mx\\\/?p=53422#primaryimage\"},\"thumbnailUrl\":\"https:\\\/\\\/l21.mx\\\/wp-content\\\/uploads\\\/2023\\\/02\\\/festival-solidaridad-fitur-3.jpg\",\"articleSection\":[\"Noticias\",\"Portada\",\"Portada Edicion Impresa\"],\"inLanguage\":\"es\"},{\"@type\":\"WebPage\",\"@id\":\"https:\\\/\\\/l21.mx\\\/?p=53422\",\"url\":\"https:\\\/\\\/l21.mx\\\/?p=53422\",\"name\":\"Oferta tur\u00edstica en FITUR 2023 | Revista Latitud 21\",\"isPartOf\":{\"@id\":\"https:\\\/\\\/l21.mx\\\/#website\"},\"primaryImageOfPage\":{\"@id\":\"https:\\\/\\\/l21.mx\\\/?p=53422#primaryimage\"},\"image\":{\"@id\":\"https:\\\/\\\/l21.mx\\\/?p=53422#primaryimage\"},\"thumbnailUrl\":\"https:\\\/\\\/l21.mx\\\/wp-content\\\/uploads\\\/2023\\\/02\\\/festival-solidaridad-fitur-3.jpg\",\"datePublished\":\"2023-02-01T22:18:46+00:00\",\"dateModified\":\"2023-02-01T22:19:17+00:00\",\"description\":\"L21, Emprendedores y Negocios en el Caribe Mexicano, es la revista l\u00edder entre el Sector Empresarial y Tur\u00edstico del Caribe Mexicano.\",\"breadcrumb\":{\"@id\":\"https:\\\/\\\/l21.mx\\\/?p=53422#breadcrumb\"},\"inLanguage\":\"es\",\"potentialAction\":[{\"@type\":\"ReadAction\",\"target\":[\"https:\\\/\\\/l21.mx\\\/?p=53422\"]}]},{\"@type\":\"ImageObject\",\"inLanguage\":\"es\",\"@id\":\"https:\\\/\\\/l21.mx\\\/?p=53422#primaryimage\",\"url\":\"https:\\\/\\\/l21.mx\\\/wp-content\\\/uploads\\\/2023\\\/02\\\/festival-solidaridad-fitur-3.jpg\",\"contentUrl\":\"https:\\\/\\\/l21.mx\\\/wp-content\\\/uploads\\\/2023\\\/02\\\/festival-solidaridad-fitur-3.jpg\",\"width\":1500,\"height\":838},{\"@type\":\"BreadcrumbList\",\"@id\":\"https:\\\/\\\/l21.mx\\\/?p=53422#breadcrumb\",\"itemListElement\":[{\"@type\":\"ListItem\",\"position\":1,\"name\":\"Portada\",\"item\":\"https:\\\/\\\/l21.mx\\\/\"},{\"@type\":\"ListItem\",\"position\":2,\"name\":\"Oferta tur\u00edstica en FITUR 2023\"}]},{\"@type\":\"WebSite\",\"@id\":\"https:\\\/\\\/l21.mx\\\/#website\",\"url\":\"https:\\\/\\\/l21.mx\\\/\",\"name\":\"Revista Latitud 21\",\"description\":\"Emprendedores  y negocios en el Caribe Mexicano\",\"publisher\":{\"@id\":\"https:\\\/\\\/l21.mx\\\/#organization\"},\"potentialAction\":[{\"@type\":\"SearchAction\",\"target\":{\"@type\":\"EntryPoint\",\"urlTemplate\":\"https:\\\/\\\/l21.mx\\\/?s={search_term_string}\"},\"query-input\":{\"@type\":\"PropertyValueSpecification\",\"valueRequired\":true,\"valueName\":\"search_term_string\"}}],\"inLanguage\":\"es\"},{\"@type\":\"Organization\",\"@id\":\"https:\\\/\\\/l21.mx\\\/#organization\",\"name\":\"Grupo Editorial Latitud 21 SA de CV\",\"url\":\"https:\\\/\\\/l21.mx\\\/\",\"logo\":{\"@type\":\"ImageObject\",\"inLanguage\":\"es\",\"@id\":\"https:\\\/\\\/l21.mx\\\/#\\\/schema\\\/logo\\\/image\\\/\",\"url\":\"https:\\\/\\\/l21.mx\\\/wp-content\\\/uploads\\\/2020\\\/10\\\/logo-l21-baja.jpg\",\"contentUrl\":\"https:\\\/\\\/l21.mx\\\/wp-content\\\/uploads\\\/2020\\\/10\\\/logo-l21-baja.jpg\",\"width\":250,\"height\":250,\"caption\":\"Grupo Editorial Latitud 21 SA de CV\"},\"image\":{\"@id\":\"https:\\\/\\\/l21.mx\\\/#\\\/schema\\\/logo\\\/image\\\/\"},\"sameAs\":[\"https:\\\/\\\/www.facebook.com\\\/RevistaLatitud21\\\/\",\"https:\\\/\\\/x.com\\\/Latitud21mx\"]},{\"@type\":\"Person\",\"@id\":\"https:\\\/\\\/l21.mx\\\/#\\\/schema\\\/person\\\/b3cb342bb947a88e1fc27e05770479da\",\"name\":\"ahernandez@latitud21.com.mx\",\"url\":\"https:\\\/\\\/l21.mx\\\/?author=95\"}]}<\/script>\n<!-- \/ Yoast SEO plugin. -->","yoast_head_json":{"title":"Oferta tur\u00edstica en FITUR 2023 | Revista Latitud 21","description":"L21, Emprendedores y Negocios en el Caribe Mexicano, es la revista l\u00edder entre el Sector Empresarial y Tur\u00edstico del Caribe Mexicano.","robots":{"index":"index","follow":"follow","max-snippet":"max-snippet:-1","max-image-preview":"max-image-preview:large","max-video-preview":"max-video-preview:-1"},"canonical":"https:\/\/l21.mx\/?p=53422","twitter_card":"summary_large_image","twitter_title":"Oferta tur\u00edstica en FITUR 2023 | Revista Latitud 21","twitter_description":"L21, Emprendedores y Negocios en el Caribe Mexicano, es la revista l\u00edder entre el Sector Empresarial y Tur\u00edstico del Caribe Mexicano.","twitter_image":"https:\/\/l21.mx\/wp-content\/uploads\/2023\/02\/festival-solidaridad-fitur-3.jpg","twitter_creator":"@Latitud21mx","twitter_site":"@Latitud21mx","twitter_misc":{"Escrito por":"ahernandez@latitud21.com.mx","Tiempo de lectura":"10 minutos"},"schema":{"@context":"https:\/\/schema.org","@graph":[{"@type":"Article","@id":"https:\/\/l21.mx\/?p=53422#article","isPartOf":{"@id":"https:\/\/l21.mx\/?p=53422"},"author":{"name":"ahernandez@latitud21.com.mx","@id":"https:\/\/l21.mx\/#\/schema\/person\/b3cb342bb947a88e1fc27e05770479da"},"headline":"Oferta tur\u00edstica en FITUR 2023","datePublished":"2023-02-01T22:18:46+00:00","dateModified":"2023-02-01T22:19:17+00:00","mainEntityOfPage":{"@id":"https:\/\/l21.mx\/?p=53422"},"wordCount":2319,"publisher":{"@id":"https:\/\/l21.mx\/#organization"},"image":{"@id":"https:\/\/l21.mx\/?p=53422#primaryimage"},"thumbnailUrl":"https:\/\/l21.mx\/wp-content\/uploads\/2023\/02\/festival-solidaridad-fitur-3.jpg","articleSection":["Noticias","Portada","Portada Edicion Impresa"],"inLanguage":"es"},{"@type":"WebPage","@id":"https:\/\/l21.mx\/?p=53422","url":"https:\/\/l21.mx\/?p=53422","name":"Oferta tur\u00edstica en FITUR 2023 | Revista Latitud 21","isPartOf":{"@id":"https:\/\/l21.mx\/#website"},"primaryImageOfPage":{"@id":"https:\/\/l21.mx\/?p=53422#primaryimage"},"image":{"@id":"https:\/\/l21.mx\/?p=53422#primaryimage"},"thumbnailUrl":"https:\/\/l21.mx\/wp-content\/uploads\/2023\/02\/festival-solidaridad-fitur-3.jpg","datePublished":"2023-02-01T22:18:46+00:00","dateModified":"2023-02-01T22:19:17+00:00","description":"L21, Emprendedores y Negocios en el Caribe Mexicano, es la revista l\u00edder entre el Sector Empresarial y Tur\u00edstico del Caribe Mexicano.","breadcrumb":{"@id":"https:\/\/l21.mx\/?p=53422#breadcrumb"},"inLanguage":"es","potentialAction":[{"@type":"ReadAction","target":["https:\/\/l21.mx\/?p=53422"]}]},{"@type":"ImageObject","inLanguage":"es","@id":"https:\/\/l21.mx\/?p=53422#primaryimage","url":"https:\/\/l21.mx\/wp-content\/uploads\/2023\/02\/festival-solidaridad-fitur-3.jpg","contentUrl":"https:\/\/l21.mx\/wp-content\/uploads\/2023\/02\/festival-solidaridad-fitur-3.jpg","width":1500,"height":838},{"@type":"BreadcrumbList","@id":"https:\/\/l21.mx\/?p=53422#breadcrumb","itemListElement":[{"@type":"ListItem","position":1,"name":"Portada","item":"https:\/\/l21.mx\/"},{"@type":"ListItem","position":2,"name":"Oferta tur\u00edstica en FITUR 2023"}]},{"@type":"WebSite","@id":"https:\/\/l21.mx\/#website","url":"https:\/\/l21.mx\/","name":"Revista Latitud 21","description":"Emprendedores  y negocios en el Caribe Mexicano","publisher":{"@id":"https:\/\/l21.mx\/#organization"},"potentialAction":[{"@type":"SearchAction","target":{"@type":"EntryPoint","urlTemplate":"https:\/\/l21.mx\/?s={search_term_string}"},"query-input":{"@type":"PropertyValueSpecification","valueRequired":true,"valueName":"search_term_string"}}],"inLanguage":"es"},{"@type":"Organization","@id":"https:\/\/l21.mx\/#organization","name":"Grupo Editorial Latitud 21 SA de CV","url":"https:\/\/l21.mx\/","logo":{"@type":"ImageObject","inLanguage":"es","@id":"https:\/\/l21.mx\/#\/schema\/logo\/image\/","url":"https:\/\/l21.mx\/wp-content\/uploads\/2020\/10\/logo-l21-baja.jpg","contentUrl":"https:\/\/l21.mx\/wp-content\/uploads\/2020\/10\/logo-l21-baja.jpg","width":250,"height":250,"caption":"Grupo Editorial Latitud 21 SA de CV"},"image":{"@id":"https:\/\/l21.mx\/#\/schema\/logo\/image\/"},"sameAs":["https:\/\/www.facebook.com\/RevistaLatitud21\/","https:\/\/x.com\/Latitud21mx"]},{"@type":"Person","@id":"https:\/\/l21.mx\/#\/schema\/person\/b3cb342bb947a88e1fc27e05770479da","name":"ahernandez@latitud21.com.mx","url":"https:\/\/l21.mx\/?author=95"}]}},"amp_enabled":true,"_links":{"self":[{"href":"https:\/\/l21.mx\/index.php?rest_route=\/wp\/v2\/posts\/53422","targetHints":{"allow":["GET"]}}],"collection":[{"href":"https:\/\/l21.mx\/index.php?rest_route=\/wp\/v2\/posts"}],"about":[{"href":"https:\/\/l21.mx\/index.php?rest_route=\/wp\/v2\/types\/post"}],"author":[{"embeddable":true,"href":"https:\/\/l21.mx\/index.php?rest_route=\/wp\/v2\/users\/95"}],"replies":[{"embeddable":true,"href":"https:\/\/l21.mx\/index.php?rest_route=%2Fwp%2Fv2%2Fcomments&post=53422"}],"version-history":[{"count":1,"href":"https:\/\/l21.mx\/index.php?rest_route=\/wp\/v2\/posts\/53422\/revisions"}],"predecessor-version":[{"id":53437,"href":"https:\/\/l21.mx\/index.php?rest_route=\/wp\/v2\/posts\/53422\/revisions\/53437"}],"wp:featuredmedia":[{"embeddable":true,"href":"https:\/\/l21.mx\/index.php?rest_route=\/wp\/v2\/media\/53430"}],"wp:attachment":[{"href":"https:\/\/l21.mx\/index.php?rest_route=%2Fwp%2Fv2%2Fmedia&parent=53422"}],"wp:term":[{"taxonomy":"category","embeddable":true,"href":"https:\/\/l21.mx\/index.php?rest_route=%2Fwp%2Fv2%2Fcategories&post=53422"},{"taxonomy":"post_tag","embeddable":true,"href":"https:\/\/l21.mx\/index.php?rest_route=%2Fwp%2Fv2%2Ftags&post=53422"}],"curies":[{"name":"wp","href":"https:\/\/api.w.org\/{rel}","templated":true}]}}