{"id":53440,"date":"2023-02-01T17:22:07","date_gmt":"2023-02-01T22:22:07","guid":{"rendered":"https:\/\/l21.mx\/?p=53440"},"modified":"2023-02-01T17:22:07","modified_gmt":"2023-02-01T22:22:07","slug":"el-desastre-que-viene-va-a-durar-decadas","status":"publish","type":"post","link":"https:\/\/l21.mx\/?p=53440","title":{"rendered":"El desastre que viene\u00a0va a durar d\u00e9cadas"},"content":{"rendered":"<ul>\n<li><b>Canela fina<\/b><\/li>\n<li><b>Rub\u00e9n Cort\u00e9s<\/b><\/li>\n<li>Periodista y escritor<\/li>\n<li>Twitter @Ruben_Cortes<span class=\"Apple-converted-space\">\u00a0<\/span><\/li>\n<\/ul>\n<p>&nbsp;<\/p>\n<p><b>U<\/b>n desastre, porque el gobierno est\u00e1 pidiendo prestado para poder regalar ese dinero, a cambio de poder mantener la presidencia en 2024. La deuda de este gobierno aument\u00f3 127 por ciento; mientras con Pe\u00f1a fue de 19.3 y con Calder\u00f3n de 56.2 por ciento.<\/p>\n<p>Hay millones de familias mexicanas a las cuales les entran, hoy, hasta 10 salarios mensuales en lana regalada del gobierno. En las que menos entra, llega al menos el dinero de una beca. Y son 22 millones de mexicanos beneficiados de esa manera.<\/p>\n<p>Es dinero pedido prestado para regalar: habr\u00e1 que pagarlo ma\u00f1ana y no tendr\u00e1n m\u00e1s para regalar. A esos 22 millones les importa un bledo el ma\u00f1ana, porque su lema es \u201cDios provee\u201d, que se parece al del presidente, con su \u201cdonde come uno comen dos\u201d.<\/p>\n<p>Por eso, es un desastre cantado. Porque, peor a\u00fan, ese dinero prestado para regalar (un bill\u00f3n 170 mil millones de pesos en 2023, seg\u00fan Hacienda) no alcanza ni en las suertudas familias donde llegan juntos todos los programas sociales cada mes.<\/p>\n<p>Terrible, pues tampoco alcanza el dinero regalado que les llega de Estados Unidos en remesas de paisanos: 58 mil millones de d\u00f3lares. Las familias mexicanas m\u00e1s pobres est\u00e1n retacadas de lana regalada. Pero es lana que esas familias no se ganan con empleos.<\/p>\n<p>Pero no les alcanza: a\u00fan regalando lana adentro, y recibiendo lana regalada de afuera, M\u00e9xico registra con este gobierno los mayores niveles de pobreza en seis a\u00f1os: la gente con carencias graves pas\u00f3 del 42 por ciento al 44 por ciento, seg\u00fan Coneval.<\/p>\n<p>Y prefieren huir del pa\u00eds, aunque mueran en el intento: al tratar de cruzar a Estados Unidos, muere un migrante a diario, a veces dos, y la mayor\u00eda son mexicanos. S\u00f3lo por el cruce de Tijuana a San Diego, murieron 42 migrantes mexicanos el a\u00f1o pasado.<\/p>\n<p>Ah, y de donde m\u00e1s huyen del para\u00edso del dinero regalado del gobierno es, parad\u00f3jicamente, de donde m\u00e1s dinero regala el gobierno y que son, adem\u00e1s, los que m\u00e1s visita el mandatario, para anunciar m\u00e1s dinero regalado, a cambio de votos en 2024.<\/p>\n<p>El registro oficial indica que, de donde m\u00e1s escapan para buscar mejor vida en Estados Unidos, es de Chiapas (11.5 por ciento de los detenidos en la frontera estadounidense), Oaxaca (11 por ciento) y Guerrero (10.7\u202fpor ciento).<\/p>\n<p>Prefieren tomar la lana regalada aqu\u00ed, para largarse y buscarla donde tienen que gan\u00e1rsela a sangre, sudor y l\u00e1grimas.<\/p>\n<p>Un drama.<span class=\"Apple-converted-space\">\u00a0 \u00a0<\/span><\/p>\n","protected":false},"excerpt":{"rendered":"<p>Canela fina Rub\u00e9n Cort\u00e9s Periodista y escritor Twitter @Ruben_Cortes\u00a0 &nbsp; Un desastre, porque el gobierno est\u00e1&hellip;<\/p>\n","protected":false},"author":95,"featured_media":49550,"comment_status":"closed","ping_status":"closed","sticky":false,"template":"","format":"standard","meta":{"_acf_changed":false,"_lmt_disableupdate":"","_lmt_disable":"","_mbp_gutenberg_autopost":false,"footnotes":""},"categories":[1009],"tags":[],"class_list":["post-53440","post","type-post","status-publish","format-standard","has-post-thumbnail","hentry","category-ruben-cortes"],"acf":[],"yoast_head":"<!-- This site is optimized with the Yoast SEO plugin v27.3 - https:\/\/yoast.com\/product\/yoast-seo-wordpress\/ -->\n<title>El desastre que viene\u00a0va a durar d\u00e9cadas | Revista Latitud 21<\/title>\n<meta name=\"description\" content=\"L21, Emprendedores y Negocios en el Caribe Mexicano, es la revista l\u00edder entre el Sector Empresarial y Tur\u00edstico del Caribe Mexicano.\" \/>\n<meta name=\"robots\" content=\"index, follow, max-snippet:-1, max-image-preview:large, max-video-preview:-1\" \/>\n<link rel=\"canonical\" href=\"https:\/\/l21.mx\/?p=53440\" \/>\n<meta name=\"twitter:card\" content=\"summary_large_image\" \/>\n<meta name=\"twitter:title\" content=\"El desastre que viene\u00a0va a durar d\u00e9cadas | Revista Latitud 21\" \/>\n<meta name=\"twitter:description\" content=\"L21, Emprendedores y Negocios en el Caribe Mexicano, es la revista l\u00edder entre el Sector Empresarial y Tur\u00edstico del Caribe Mexicano.\" \/>\n<meta name=\"twitter:image\" content=\"https:\/\/l21.mx\/wp-content\/uploads\/2021\/04\/ruben-cortes-canela-fina.jpg\" \/>\n<meta name=\"twitter:creator\" content=\"@Latitud21mx\" \/>\n<meta name=\"twitter:site\" content=\"@Latitud21mx\" \/>\n<meta name=\"twitter:label1\" content=\"Escrito por\" \/>\n\t<meta name=\"twitter:data1\" content=\"ahernandez@latitud21.com.mx\" \/>\n\t<meta name=\"twitter:label2\" content=\"Tiempo de lectura\" \/>\n\t<meta name=\"twitter:data2\" content=\"2 minutos\" \/>\n<script type=\"application\/ld+json\" class=\"yoast-schema-graph\">{\"@context\":\"https:\\\/\\\/schema.org\",\"@graph\":[{\"@type\":\"Article\",\"@id\":\"https:\\\/\\\/l21.mx\\\/?p=53440#article\",\"isPartOf\":{\"@id\":\"https:\\\/\\\/l21.mx\\\/?p=53440\"},\"author\":{\"name\":\"ahernandez@latitud21.com.mx\",\"@id\":\"https:\\\/\\\/l21.mx\\\/#\\\/schema\\\/person\\\/b3cb342bb947a88e1fc27e05770479da\"},\"headline\":\"El desastre que viene\u00a0va a durar d\u00e9cadas\",\"datePublished\":\"2023-02-01T22:22:07+00:00\",\"mainEntityOfPage\":{\"@id\":\"https:\\\/\\\/l21.mx\\\/?p=53440\"},\"wordCount\":442,\"publisher\":{\"@id\":\"https:\\\/\\\/l21.mx\\\/#organization\"},\"image\":{\"@id\":\"https:\\\/\\\/l21.mx\\\/?p=53440#primaryimage\"},\"thumbnailUrl\":\"https:\\\/\\\/l21.mx\\\/wp-content\\\/uploads\\\/2021\\\/04\\\/ruben-cortes-canela-fina.jpg\",\"articleSection\":[\"Rub\u00e9n Cort\u00e9s\"],\"inLanguage\":\"es\"},{\"@type\":\"WebPage\",\"@id\":\"https:\\\/\\\/l21.mx\\\/?p=53440\",\"url\":\"https:\\\/\\\/l21.mx\\\/?p=53440\",\"name\":\"El desastre que viene\u00a0va a durar d\u00e9cadas | Revista Latitud 21\",\"isPartOf\":{\"@id\":\"https:\\\/\\\/l21.mx\\\/#website\"},\"primaryImageOfPage\":{\"@id\":\"https:\\\/\\\/l21.mx\\\/?p=53440#primaryimage\"},\"image\":{\"@id\":\"https:\\\/\\\/l21.mx\\\/?p=53440#primaryimage\"},\"thumbnailUrl\":\"https:\\\/\\\/l21.mx\\\/wp-content\\\/uploads\\\/2021\\\/04\\\/ruben-cortes-canela-fina.jpg\",\"datePublished\":\"2023-02-01T22:22:07+00:00\",\"description\":\"L21, Emprendedores y Negocios en el Caribe Mexicano, es la revista l\u00edder entre el Sector Empresarial y Tur\u00edstico del Caribe Mexicano.\",\"breadcrumb\":{\"@id\":\"https:\\\/\\\/l21.mx\\\/?p=53440#breadcrumb\"},\"inLanguage\":\"es\",\"potentialAction\":[{\"@type\":\"ReadAction\",\"target\":[\"https:\\\/\\\/l21.mx\\\/?p=53440\"]}]},{\"@type\":\"ImageObject\",\"inLanguage\":\"es\",\"@id\":\"https:\\\/\\\/l21.mx\\\/?p=53440#primaryimage\",\"url\":\"https:\\\/\\\/l21.mx\\\/wp-content\\\/uploads\\\/2021\\\/04\\\/ruben-cortes-canela-fina.jpg\",\"contentUrl\":\"https:\\\/\\\/l21.mx\\\/wp-content\\\/uploads\\\/2021\\\/04\\\/ruben-cortes-canela-fina.jpg\",\"width\":\"900\",\"height\":\"599\"},{\"@type\":\"BreadcrumbList\",\"@id\":\"https:\\\/\\\/l21.mx\\\/?p=53440#breadcrumb\",\"itemListElement\":[{\"@type\":\"ListItem\",\"position\":1,\"name\":\"Portada\",\"item\":\"https:\\\/\\\/l21.mx\\\/\"},{\"@type\":\"ListItem\",\"position\":2,\"name\":\"El desastre que viene\u00a0va a durar d\u00e9cadas\"}]},{\"@type\":\"WebSite\",\"@id\":\"https:\\\/\\\/l21.mx\\\/#website\",\"url\":\"https:\\\/\\\/l21.mx\\\/\",\"name\":\"Revista Latitud 21\",\"description\":\"Emprendedores  y negocios en el Caribe Mexicano\",\"publisher\":{\"@id\":\"https:\\\/\\\/l21.mx\\\/#organization\"},\"potentialAction\":[{\"@type\":\"SearchAction\",\"target\":{\"@type\":\"EntryPoint\",\"urlTemplate\":\"https:\\\/\\\/l21.mx\\\/?s={search_term_string}\"},\"query-input\":{\"@type\":\"PropertyValueSpecification\",\"valueRequired\":true,\"valueName\":\"search_term_string\"}}],\"inLanguage\":\"es\"},{\"@type\":\"Organization\",\"@id\":\"https:\\\/\\\/l21.mx\\\/#organization\",\"name\":\"Grupo Editorial Latitud 21 SA de CV\",\"url\":\"https:\\\/\\\/l21.mx\\\/\",\"logo\":{\"@type\":\"ImageObject\",\"inLanguage\":\"es\",\"@id\":\"https:\\\/\\\/l21.mx\\\/#\\\/schema\\\/logo\\\/image\\\/\",\"url\":\"https:\\\/\\\/l21.mx\\\/wp-content\\\/uploads\\\/2020\\\/10\\\/logo-l21-baja.jpg\",\"contentUrl\":\"https:\\\/\\\/l21.mx\\\/wp-content\\\/uploads\\\/2020\\\/10\\\/logo-l21-baja.jpg\",\"width\":250,\"height\":250,\"caption\":\"Grupo Editorial Latitud 21 SA de CV\"},\"image\":{\"@id\":\"https:\\\/\\\/l21.mx\\\/#\\\/schema\\\/logo\\\/image\\\/\"},\"sameAs\":[\"https:\\\/\\\/www.facebook.com\\\/RevistaLatitud21\\\/\",\"https:\\\/\\\/x.com\\\/Latitud21mx\"]},{\"@type\":\"Person\",\"@id\":\"https:\\\/\\\/l21.mx\\\/#\\\/schema\\\/person\\\/b3cb342bb947a88e1fc27e05770479da\",\"name\":\"ahernandez@latitud21.com.mx\",\"url\":\"https:\\\/\\\/l21.mx\\\/?author=95\"}]}<\/script>\n<!-- \/ Yoast SEO plugin. -->","yoast_head_json":{"title":"El desastre que viene\u00a0va a durar d\u00e9cadas | Revista Latitud 21","description":"L21, Emprendedores y Negocios en el Caribe Mexicano, es la revista l\u00edder entre el Sector Empresarial y Tur\u00edstico del Caribe Mexicano.","robots":{"index":"index","follow":"follow","max-snippet":"max-snippet:-1","max-image-preview":"max-image-preview:large","max-video-preview":"max-video-preview:-1"},"canonical":"https:\/\/l21.mx\/?p=53440","twitter_card":"summary_large_image","twitter_title":"El desastre que viene\u00a0va a durar d\u00e9cadas | Revista Latitud 21","twitter_description":"L21, Emprendedores y Negocios en el Caribe Mexicano, es la revista l\u00edder entre el Sector Empresarial y Tur\u00edstico del Caribe Mexicano.","twitter_image":"https:\/\/l21.mx\/wp-content\/uploads\/2021\/04\/ruben-cortes-canela-fina.jpg","twitter_creator":"@Latitud21mx","twitter_site":"@Latitud21mx","twitter_misc":{"Escrito por":"ahernandez@latitud21.com.mx","Tiempo de lectura":"2 minutos"},"schema":{"@context":"https:\/\/schema.org","@graph":[{"@type":"Article","@id":"https:\/\/l21.mx\/?p=53440#article","isPartOf":{"@id":"https:\/\/l21.mx\/?p=53440"},"author":{"name":"ahernandez@latitud21.com.mx","@id":"https:\/\/l21.mx\/#\/schema\/person\/b3cb342bb947a88e1fc27e05770479da"},"headline":"El desastre que viene\u00a0va a durar d\u00e9cadas","datePublished":"2023-02-01T22:22:07+00:00","mainEntityOfPage":{"@id":"https:\/\/l21.mx\/?p=53440"},"wordCount":442,"publisher":{"@id":"https:\/\/l21.mx\/#organization"},"image":{"@id":"https:\/\/l21.mx\/?p=53440#primaryimage"},"thumbnailUrl":"https:\/\/l21.mx\/wp-content\/uploads\/2021\/04\/ruben-cortes-canela-fina.jpg","articleSection":["Rub\u00e9n Cort\u00e9s"],"inLanguage":"es"},{"@type":"WebPage","@id":"https:\/\/l21.mx\/?p=53440","url":"https:\/\/l21.mx\/?p=53440","name":"El desastre que viene\u00a0va a durar d\u00e9cadas | Revista Latitud 21","isPartOf":{"@id":"https:\/\/l21.mx\/#website"},"primaryImageOfPage":{"@id":"https:\/\/l21.mx\/?p=53440#primaryimage"},"image":{"@id":"https:\/\/l21.mx\/?p=53440#primaryimage"},"thumbnailUrl":"https:\/\/l21.mx\/wp-content\/uploads\/2021\/04\/ruben-cortes-canela-fina.jpg","datePublished":"2023-02-01T22:22:07+00:00","description":"L21, Emprendedores y Negocios en el Caribe Mexicano, es la revista l\u00edder entre el Sector Empresarial y Tur\u00edstico del Caribe Mexicano.","breadcrumb":{"@id":"https:\/\/l21.mx\/?p=53440#breadcrumb"},"inLanguage":"es","potentialAction":[{"@type":"ReadAction","target":["https:\/\/l21.mx\/?p=53440"]}]},{"@type":"ImageObject","inLanguage":"es","@id":"https:\/\/l21.mx\/?p=53440#primaryimage","url":"https:\/\/l21.mx\/wp-content\/uploads\/2021\/04\/ruben-cortes-canela-fina.jpg","contentUrl":"https:\/\/l21.mx\/wp-content\/uploads\/2021\/04\/ruben-cortes-canela-fina.jpg","width":"900","height":"599"},{"@type":"BreadcrumbList","@id":"https:\/\/l21.mx\/?p=53440#breadcrumb","itemListElement":[{"@type":"ListItem","position":1,"name":"Portada","item":"https:\/\/l21.mx\/"},{"@type":"ListItem","position":2,"name":"El desastre que viene\u00a0va a durar d\u00e9cadas"}]},{"@type":"WebSite","@id":"https:\/\/l21.mx\/#website","url":"https:\/\/l21.mx\/","name":"Revista Latitud 21","description":"Emprendedores  y negocios en el Caribe Mexicano","publisher":{"@id":"https:\/\/l21.mx\/#organization"},"potentialAction":[{"@type":"SearchAction","target":{"@type":"EntryPoint","urlTemplate":"https:\/\/l21.mx\/?s={search_term_string}"},"query-input":{"@type":"PropertyValueSpecification","valueRequired":true,"valueName":"search_term_string"}}],"inLanguage":"es"},{"@type":"Organization","@id":"https:\/\/l21.mx\/#organization","name":"Grupo Editorial Latitud 21 SA de CV","url":"https:\/\/l21.mx\/","logo":{"@type":"ImageObject","inLanguage":"es","@id":"https:\/\/l21.mx\/#\/schema\/logo\/image\/","url":"https:\/\/l21.mx\/wp-content\/uploads\/2020\/10\/logo-l21-baja.jpg","contentUrl":"https:\/\/l21.mx\/wp-content\/uploads\/2020\/10\/logo-l21-baja.jpg","width":250,"height":250,"caption":"Grupo Editorial Latitud 21 SA de CV"},"image":{"@id":"https:\/\/l21.mx\/#\/schema\/logo\/image\/"},"sameAs":["https:\/\/www.facebook.com\/RevistaLatitud21\/","https:\/\/x.com\/Latitud21mx"]},{"@type":"Person","@id":"https:\/\/l21.mx\/#\/schema\/person\/b3cb342bb947a88e1fc27e05770479da","name":"ahernandez@latitud21.com.mx","url":"https:\/\/l21.mx\/?author=95"}]}},"amp_enabled":true,"_links":{"self":[{"href":"https:\/\/l21.mx\/index.php?rest_route=\/wp\/v2\/posts\/53440","targetHints":{"allow":["GET"]}}],"collection":[{"href":"https:\/\/l21.mx\/index.php?rest_route=\/wp\/v2\/posts"}],"about":[{"href":"https:\/\/l21.mx\/index.php?rest_route=\/wp\/v2\/types\/post"}],"author":[{"embeddable":true,"href":"https:\/\/l21.mx\/index.php?rest_route=\/wp\/v2\/users\/95"}],"replies":[{"embeddable":true,"href":"https:\/\/l21.mx\/index.php?rest_route=%2Fwp%2Fv2%2Fcomments&post=53440"}],"version-history":[{"count":1,"href":"https:\/\/l21.mx\/index.php?rest_route=\/wp\/v2\/posts\/53440\/revisions"}],"predecessor-version":[{"id":53441,"href":"https:\/\/l21.mx\/index.php?rest_route=\/wp\/v2\/posts\/53440\/revisions\/53441"}],"wp:featuredmedia":[{"embeddable":true,"href":"https:\/\/l21.mx\/index.php?rest_route=\/wp\/v2\/media\/49550"}],"wp:attachment":[{"href":"https:\/\/l21.mx\/index.php?rest_route=%2Fwp%2Fv2%2Fmedia&parent=53440"}],"wp:term":[{"taxonomy":"category","embeddable":true,"href":"https:\/\/l21.mx\/index.php?rest_route=%2Fwp%2Fv2%2Fcategories&post=53440"},{"taxonomy":"post_tag","embeddable":true,"href":"https:\/\/l21.mx\/index.php?rest_route=%2Fwp%2Fv2%2Ftags&post=53440"}],"curies":[{"name":"wp","href":"https:\/\/api.w.org\/{rel}","templated":true}]}}