{"id":53664,"date":"2023-02-08T15:50:56","date_gmt":"2023-02-08T20:50:56","guid":{"rendered":"https:\/\/l21.mx\/?p=53664"},"modified":"2023-02-08T15:50:56","modified_gmt":"2023-02-08T20:50:56","slug":"lili-campos-fortalece-seguridad-y-servicios-publicos","status":"publish","type":"post","link":"https:\/\/l21.mx\/?p=53664","title":{"rendered":"Lili Campos fortalece seguridad y servicios p\u00fablicos"},"content":{"rendered":"<p>&nbsp;<\/p>\n<p>\u2022 Durante esta administraci\u00f3n se ha incrementado el equipo y motopatrullas en Seguridad P\u00fablica y camiones recolectores de basura en Servicios P\u00fablicos, para atender mejor a la gente<\/p>\n<p><a href=\"https:\/\/l21.mx\/wp-content\/uploads\/2023\/02\/WhatsApp-Image-2023-02-08-at-15.05.55.jpeg\" data-rel=\"penci-gallery-image-content\" ><img fetchpriority=\"high\" decoding=\"async\" class=\"alignnone size-medium wp-image-53666\" src=\"https:\/\/l21.mx\/wp-content\/uploads\/2023\/02\/WhatsApp-Image-2023-02-08-at-15.05.55-300x200.jpeg\" alt=\"\" width=\"300\" height=\"200\" srcset=\"https:\/\/l21.mx\/wp-content\/uploads\/2023\/02\/WhatsApp-Image-2023-02-08-at-15.05.55-300x200.jpeg 300w, https:\/\/l21.mx\/wp-content\/uploads\/2023\/02\/WhatsApp-Image-2023-02-08-at-15.05.55-1024x683.jpeg 1024w, https:\/\/l21.mx\/wp-content\/uploads\/2023\/02\/WhatsApp-Image-2023-02-08-at-15.05.55-768x512.jpeg 768w, https:\/\/l21.mx\/wp-content\/uploads\/2023\/02\/WhatsApp-Image-2023-02-08-at-15.05.55-585x390.jpeg 585w, https:\/\/l21.mx\/wp-content\/uploads\/2023\/02\/WhatsApp-Image-2023-02-08-at-15.05.55-263x175.jpeg 263w, https:\/\/l21.mx\/wp-content\/uploads\/2023\/02\/WhatsApp-Image-2023-02-08-at-15.05.55.jpeg 1086w\" sizes=\"(max-width: 300px) 100vw, 300px\" \/><\/a><\/p>\n<p>Playa del Carmen, Solidaridad, 8 de febrero del 2023.- El gobierno municipal de Lili Campos impulsa la renovaci\u00f3n de Solidaridad y con trabajo en equipo avanza en temas de seguridad, como por ejemplo al incrementar de 20 motopatrullas a 314, con la construcci\u00f3n de filtros en puntos de calor de la ciudad, para la protecci\u00f3n de la gente.<\/p>\n<p><a href=\"https:\/\/l21.mx\/wp-content\/uploads\/2023\/02\/WhatsApp-Image-2023-02-08-at-15.05.22.jpeg\" data-rel=\"penci-gallery-image-content\" ><img decoding=\"async\" class=\"alignnone size-medium wp-image-53665\" src=\"https:\/\/l21.mx\/wp-content\/uploads\/2023\/02\/WhatsApp-Image-2023-02-08-at-15.05.22-300x200.jpeg\" alt=\"\" width=\"300\" height=\"200\" srcset=\"https:\/\/l21.mx\/wp-content\/uploads\/2023\/02\/WhatsApp-Image-2023-02-08-at-15.05.22-300x200.jpeg 300w, https:\/\/l21.mx\/wp-content\/uploads\/2023\/02\/WhatsApp-Image-2023-02-08-at-15.05.22-1024x682.jpeg 1024w, https:\/\/l21.mx\/wp-content\/uploads\/2023\/02\/WhatsApp-Image-2023-02-08-at-15.05.22-768x511.jpeg 768w, https:\/\/l21.mx\/wp-content\/uploads\/2023\/02\/WhatsApp-Image-2023-02-08-at-15.05.22-1200x799.jpeg 1200w, https:\/\/l21.mx\/wp-content\/uploads\/2023\/02\/WhatsApp-Image-2023-02-08-at-15.05.22-1170x779.jpeg 1170w, https:\/\/l21.mx\/wp-content\/uploads\/2023\/02\/WhatsApp-Image-2023-02-08-at-15.05.22-585x389.jpeg 585w, https:\/\/l21.mx\/wp-content\/uploads\/2023\/02\/WhatsApp-Image-2023-02-08-at-15.05.22-263x175.jpeg 263w, https:\/\/l21.mx\/wp-content\/uploads\/2023\/02\/WhatsApp-Image-2023-02-08-at-15.05.22.jpeg 1280w\" sizes=\"(max-width: 300px) 100vw, 300px\" \/><\/a><\/p>\n<p>En entrevista, Lili Campos enfatiz\u00f3 que el tema de seguridad es importante, pues representa tranquilidad para el turismo, en las casas; es construcci\u00f3n de la paz. \u201cFortalecemos la seguridad con la construcci\u00f3n de tres filtros en puntos que marca el mapa de calor, como en los accesos a Canc\u00fan-Playa del Carmen, Tulum-Playa del Carmen y Valladolid-Playa del Carmen, as\u00ed como Villas del Sol, para garantizar una estancia segura para visitantes y locales\u201d, indic\u00f3 la presidenta municipal.<\/p>\n<p>Adem\u00e1s, Lili Campos renueva la imagen urbana y los servicios p\u00fablicos, al pasar de 8 a 56 camiones de recolecci\u00f3n de basura en 56 rutas. En la zona tur\u00edstica y comercial se trabaja las 24 horas los 365 d\u00edas del a\u00f1o. Ahora tambi\u00e9n se cuenta con dos barredoras que atienden la zona tur\u00edstica y principales avenidas de la ciudad.<\/p>\n","protected":false},"excerpt":{"rendered":"<p>&nbsp; \u2022 Durante esta administraci\u00f3n se ha incrementado el equipo y motopatrullas en Seguridad P\u00fablica y&hellip;<\/p>\n","protected":false},"author":100,"featured_media":53667,"comment_status":"closed","ping_status":"closed","sticky":false,"template":"","format":"standard","meta":{"_acf_changed":false,"_lmt_disableupdate":"","_lmt_disable":"","_mbp_gutenberg_autopost":false,"footnotes":""},"categories":[1654],"tags":[],"class_list":["post-53664","post","type-post","status-publish","format-standard","has-post-thumbnail","hentry","category-solidaridad"],"acf":[],"_links":{"self":[{"href":"https:\/\/l21.mx\/index.php?rest_route=\/wp\/v2\/posts\/53664","targetHints":{"allow":["GET"]}}],"collection":[{"href":"https:\/\/l21.mx\/index.php?rest_route=\/wp\/v2\/posts"}],"about":[{"href":"https:\/\/l21.mx\/index.php?rest_route=\/wp\/v2\/types\/post"}],"author":[{"embeddable":true,"href":"https:\/\/l21.mx\/index.php?rest_route=\/wp\/v2\/users\/100"}],"replies":[{"embeddable":true,"href":"https:\/\/l21.mx\/index.php?rest_route=%2Fwp%2Fv2%2Fcomments&post=53664"}],"version-history":[{"count":0,"href":"https:\/\/l21.mx\/index.php?rest_route=\/wp\/v2\/posts\/53664\/revisions"}],"wp:featuredmedia":[{"embeddable":true,"href":"https:\/\/l21.mx\/index.php?rest_route=\/wp\/v2\/media\/53667"}],"wp:attachment":[{"href":"https:\/\/l21.mx\/index.php?rest_route=%2Fwp%2Fv2%2Fmedia&parent=53664"}],"wp:term":[{"taxonomy":"category","embeddable":true,"href":"https:\/\/l21.mx\/index.php?rest_route=%2Fwp%2Fv2%2Fcategories&post=53664"},{"taxonomy":"post_tag","embeddable":true,"href":"https:\/\/l21.mx\/index.php?rest_route=%2Fwp%2Fv2%2Ftags&post=53664"}],"curies":[{"name":"wp","href":"https:\/\/api.w.org\/{rel}","templated":true}]}}