{"id":53685,"date":"2023-02-11T11:02:07","date_gmt":"2023-02-11T16:02:07","guid":{"rendered":"https:\/\/l21.mx\/?p=53685"},"modified":"2023-02-11T11:02:07","modified_gmt":"2023-02-11T16:02:07","slug":"avanza-mejoramiento-de-zonas-arqueologicas-en-quintana-roo","status":"publish","type":"post","link":"https:\/\/l21.mx\/?p=53685","title":{"rendered":"Avanza mejoramiento de zonas arqueol\u00f3gicas en Quintana Roo"},"content":{"rendered":"<div class=\"header-standard header-classic single-header\">\n<h1 class=\"post-title single-post-title entry-title\"><\/h1>\n<\/div>\n<div class=\"post-box-meta-single\"><\/div>\n<div class=\"post-entry blockquote-style-2\">\n<div id=\"penci-post-entry-inner\" class=\"inner-post-entry entry-content\">\n<p>La gobernadora, Mara Lezama y Diego Prieto, titular del INAH, dan seguimiento al programa que contempla mil mdp para el estado<\/p>\n<p><a href=\"https:\/\/l21.mx\/wp-content\/uploads\/2023\/02\/inah-tren-maya-2.jpg\" data-rel=\"penci-gallery-image-content\" ><img fetchpriority=\"high\" decoding=\"async\" class=\"alignnone size-medium wp-image-53686\" src=\"https:\/\/l21.mx\/wp-content\/uploads\/2023\/02\/inah-tren-maya-2-300x200.jpg\" alt=\"\" width=\"300\" height=\"200\" srcset=\"https:\/\/l21.mx\/wp-content\/uploads\/2023\/02\/inah-tren-maya-2-300x200.jpg 300w, https:\/\/l21.mx\/wp-content\/uploads\/2023\/02\/inah-tren-maya-2-1024x684.jpg 1024w, https:\/\/l21.mx\/wp-content\/uploads\/2023\/02\/inah-tren-maya-2-768x513.jpg 768w, https:\/\/l21.mx\/wp-content\/uploads\/2023\/02\/inah-tren-maya-2-1536x1025.jpg 1536w, https:\/\/l21.mx\/wp-content\/uploads\/2023\/02\/inah-tren-maya-2-1200x801.jpg 1200w, https:\/\/l21.mx\/wp-content\/uploads\/2023\/02\/inah-tren-maya-2-1170x781.jpg 1170w, https:\/\/l21.mx\/wp-content\/uploads\/2023\/02\/inah-tren-maya-2-585x390.jpg 585w, https:\/\/l21.mx\/wp-content\/uploads\/2023\/02\/inah-tren-maya-2-263x175.jpg 263w, https:\/\/l21.mx\/wp-content\/uploads\/2023\/02\/inah-tren-maya-2.jpg 1600w\" sizes=\"(max-width: 300px) 100vw, 300px\" \/><\/a><\/p>\n<p>M\u00e9rida.- La gobernadora Mara Lezama Espinosa se reuni\u00f3 con el director general del Instituto Nacional de Antropolog\u00eda e Historia (INAH) Diego Prieto Hern\u00e1ndez, para revisar juntos los avances del Programa de Mejoramiento de Zonas Arqueol\u00f3gicas (Promeza) que contempla mil millones de pesos de inversi\u00f3n para 10 de las 13 que tiene Quintana Roo.<\/p>\n<p>La intervenci\u00f3n y acciones de restauraci\u00f3n de estas zonas arqueol\u00f3gicas, permitir\u00e1n impulsar el turismo.<\/p>\n<p>La atenci\u00f3n de estas zonas arqueol\u00f3gicas permitir\u00e1 beneficiar a las familias de las comunidades rurales del sur, disminuir las brechas de desigualdad con prosperidad compartida, como se establece en el Nuevo Acuerdo por el Bienestar y Desarrollo de Quintana Roo que impulsa Mara Lezama.<\/p>\n<p><a href=\"https:\/\/l21.mx\/wp-content\/uploads\/2023\/02\/inah-tren-maya-3.jpg\" data-rel=\"penci-gallery-image-content\" ><img decoding=\"async\" class=\"alignnone size-medium wp-image-53687\" src=\"https:\/\/l21.mx\/wp-content\/uploads\/2023\/02\/inah-tren-maya-3-300x200.jpg\" alt=\"\" width=\"300\" height=\"200\" srcset=\"https:\/\/l21.mx\/wp-content\/uploads\/2023\/02\/inah-tren-maya-3-300x200.jpg 300w, https:\/\/l21.mx\/wp-content\/uploads\/2023\/02\/inah-tren-maya-3-1024x684.jpg 1024w, https:\/\/l21.mx\/wp-content\/uploads\/2023\/02\/inah-tren-maya-3-768x513.jpg 768w, https:\/\/l21.mx\/wp-content\/uploads\/2023\/02\/inah-tren-maya-3-1536x1025.jpg 1536w, https:\/\/l21.mx\/wp-content\/uploads\/2023\/02\/inah-tren-maya-3-1200x801.jpg 1200w, https:\/\/l21.mx\/wp-content\/uploads\/2023\/02\/inah-tren-maya-3-1170x781.jpg 1170w, https:\/\/l21.mx\/wp-content\/uploads\/2023\/02\/inah-tren-maya-3-585x390.jpg 585w, https:\/\/l21.mx\/wp-content\/uploads\/2023\/02\/inah-tren-maya-3-263x175.jpg 263w, https:\/\/l21.mx\/wp-content\/uploads\/2023\/02\/inah-tren-maya-3.jpg 1600w\" sizes=\"(max-width: 300px) 100vw, 300px\" \/><\/a><\/p>\n<p>Entre los temas que se revisaron en esta reuni\u00f3n est\u00e1 el planteamiento de construir un parador tur\u00edstico en Morocoy para exhibir y comercializar los productos que elaboran los habitantes de la comunidad.<\/p>\n<p>Con el programa Promeza se trabajar\u00e1 las zonas de Tulum, Muyil, Xel-h\u00e1, Paamul II, Oxtankah, Chacchoben, Dzibanch\u00e9, Ichkabal, Kohunlich y El Meco.<\/p>\n<\/div>\n<\/div>\n","protected":false},"excerpt":{"rendered":"<p>La gobernadora, Mara Lezama y Diego Prieto, titular del INAH, dan seguimiento al programa que contempla&hellip;<\/p>\n","protected":false},"author":100,"featured_media":53688,"comment_status":"closed","ping_status":"closed","sticky":false,"template":"","format":"standard","meta":{"_acf_changed":false,"_lmt_disableupdate":"","_lmt_disable":"","_mbp_gutenberg_autopost":false,"footnotes":""},"categories":[23,1656],"tags":[],"class_list":["post-53685","post","type-post","status-publish","format-standard","has-post-thumbnail","hentry","category-noticias","category-quintana-roo"],"acf":[],"_links":{"self":[{"href":"https:\/\/l21.mx\/index.php?rest_route=\/wp\/v2\/posts\/53685","targetHints":{"allow":["GET"]}}],"collection":[{"href":"https:\/\/l21.mx\/index.php?rest_route=\/wp\/v2\/posts"}],"about":[{"href":"https:\/\/l21.mx\/index.php?rest_route=\/wp\/v2\/types\/post"}],"author":[{"embeddable":true,"href":"https:\/\/l21.mx\/index.php?rest_route=\/wp\/v2\/users\/100"}],"replies":[{"embeddable":true,"href":"https:\/\/l21.mx\/index.php?rest_route=%2Fwp%2Fv2%2Fcomments&post=53685"}],"version-history":[{"count":0,"href":"https:\/\/l21.mx\/index.php?rest_route=\/wp\/v2\/posts\/53685\/revisions"}],"wp:featuredmedia":[{"embeddable":true,"href":"https:\/\/l21.mx\/index.php?rest_route=\/wp\/v2\/media\/53688"}],"wp:attachment":[{"href":"https:\/\/l21.mx\/index.php?rest_route=%2Fwp%2Fv2%2Fmedia&parent=53685"}],"wp:term":[{"taxonomy":"category","embeddable":true,"href":"https:\/\/l21.mx\/index.php?rest_route=%2Fwp%2Fv2%2Fcategories&post=53685"},{"taxonomy":"post_tag","embeddable":true,"href":"https:\/\/l21.mx\/index.php?rest_route=%2Fwp%2Fv2%2Ftags&post=53685"}],"curies":[{"name":"wp","href":"https:\/\/api.w.org\/{rel}","templated":true}]}}