{"id":53692,"date":"2023-02-10T11:02:48","date_gmt":"2023-02-10T16:02:48","guid":{"rendered":"https:\/\/l21.mx\/?p=53692"},"modified":"2023-02-11T11:03:50","modified_gmt":"2023-02-11T16:03:50","slug":"refuerzan-seguridad-con-mas-policias-preparados-en-solidaridad","status":"publish","type":"post","link":"https:\/\/l21.mx\/?p=53692","title":{"rendered":"Refuerzan seguridad con m\u00e1s polic\u00edas preparados en Solidaridad"},"content":{"rendered":"<p>&nbsp;<\/p>\n<p>\u2022 La presidenta Lili Campos encabez\u00f3 la ceremonia de graduaci\u00f3n de 25 nuevos polic\u00edas que se suman a las acciones de protecci\u00f3n y seguridad para la ciudadan\u00eda<\/p>\n<p>Playa del Carmen, Solidaridad, 10 de febrero de 2023.- La presidenta municipal Lili Campos encabez\u00f3 la ceremonia de graduaci\u00f3n de 25 nuevos polic\u00edas que se suman, y contar ahora con 978 elementos de la Secretar\u00eda de Seguridad P\u00fablica y Tr\u00e1nsito Municipal, a fin de reforzar las acciones de protecci\u00f3n y seguir avanzando en la construcci\u00f3n de la paz a favor de las familias solidarenses.<\/p>\n<p>Al dar la bienvenida a los nuevos elementos, Lili Campos les pidi\u00f3 sentirse orgullosos de pertenecer a la mejor corporaci\u00f3n de seguridad municipal que hoy tiene Quintana Roo. \u201cCon el esfuerzo de todos, ahora contamos con 978 elementos y 314 patrullas; la polic\u00eda se fortalece tanto en equipo como en conocimiento. Es un suceso importante porque se blinda m\u00e1s Solidaridad y con ello protegemos m\u00e1s a nuestras familias\u201d enfatiz\u00f3.<\/p>\n<p><a href=\"https:\/\/l21.mx\/wp-content\/uploads\/2023\/02\/WhatsApp-Image-2023-02-10-at-14.43.04.jpeg\" data-rel=\"penci-gallery-image-content\" ><img fetchpriority=\"high\" decoding=\"async\" class=\"alignnone size-medium wp-image-53694\" src=\"https:\/\/l21.mx\/wp-content\/uploads\/2023\/02\/WhatsApp-Image-2023-02-10-at-14.43.04-300x200.jpeg\" alt=\"\" width=\"300\" height=\"200\" srcset=\"https:\/\/l21.mx\/wp-content\/uploads\/2023\/02\/WhatsApp-Image-2023-02-10-at-14.43.04-300x200.jpeg 300w, https:\/\/l21.mx\/wp-content\/uploads\/2023\/02\/WhatsApp-Image-2023-02-10-at-14.43.04-1024x682.jpeg 1024w, https:\/\/l21.mx\/wp-content\/uploads\/2023\/02\/WhatsApp-Image-2023-02-10-at-14.43.04-768x512.jpeg 768w, https:\/\/l21.mx\/wp-content\/uploads\/2023\/02\/WhatsApp-Image-2023-02-10-at-14.43.04-1200x800.jpeg 1200w, https:\/\/l21.mx\/wp-content\/uploads\/2023\/02\/WhatsApp-Image-2023-02-10-at-14.43.04-1170x780.jpeg 1170w, https:\/\/l21.mx\/wp-content\/uploads\/2023\/02\/WhatsApp-Image-2023-02-10-at-14.43.04-585x390.jpeg 585w, https:\/\/l21.mx\/wp-content\/uploads\/2023\/02\/WhatsApp-Image-2023-02-10-at-14.43.04-263x175.jpeg 263w, https:\/\/l21.mx\/wp-content\/uploads\/2023\/02\/WhatsApp-Image-2023-02-10-at-14.43.04.jpeg 1280w\" sizes=\"(max-width: 300px) 100vw, 300px\" \/><\/a><\/p>\n<p>Durante la ceremonia, el secretario de Seguridad P\u00fablica y Tr\u00e1nsito Municipal, Ra\u00fal Tassinari, destac\u00f3 que es una prioridad elevar los est\u00e1ndares de la corporaci\u00f3n y poner al servicio de las y los solidarenses una polic\u00eda digna y confiable. Explic\u00f3 que como parte de su preparaci\u00f3n, los nuevos polic\u00edas recibieron 41 materias en un periodo de 486 horas, entre las que destacan uso de armas, mediaci\u00f3n y manejo de conflictos, atenci\u00f3n a v\u00edctimas, derechos humanos, perspectiva de g\u00e9nero, entre otros.<\/p>\n<p>La reci\u00e9n graduada polic\u00eda municipal, Nabar Dom\u00ednguez Lucefina, hizo p\u00fablico el compromiso de sus compa\u00f1eros de trabajar por la protecci\u00f3n y la seguridad de la ciudadan\u00eda. \u201cEs un orgullo para m\u00ed ser mujer polic\u00eda, ya que hoy el gobierno que encabeza Lili Campos reconoce nuestra labor en la funci\u00f3n policial\u201d, destac\u00f3.<\/p>\n<p>Durante el evento estuvieron presentes James Tobin, invitado permanente de la sociedad civil del Consejo Municipal de Seguridad P\u00fablica; inspector Jos\u00e9 Francisco Sol\u00eds Hau, encargado de la base de la Polic\u00eda Estatal; Jos\u00e9 Carlos Villarreal Rosillo, Vicefiscal de la FGE; capit\u00e1n de nav\u00edo Efra\u00edn Tortoledo Ruiz, representante de la 9\u00aa Regi\u00f3n Naval; capit\u00e1n de infanter\u00eda Alberto Merl\u00edn Mendoza, por la 34\u00aa Zona Militar; Karen Rom\u00e1n, secretaria t\u00e9cnica de la Mesa Regional de Construcci\u00f3n de Paz; s\u00edndico municipal, Adri\u00e1n Vera, y la secretaria general del Ayuntamiento, Kira Iris.<\/p>\n","protected":false},"excerpt":{"rendered":"<p>&nbsp; \u2022 La presidenta Lili Campos encabez\u00f3 la ceremonia de graduaci\u00f3n de 25 nuevos polic\u00edas que&hellip;<\/p>\n","protected":false},"author":100,"featured_media":53693,"comment_status":"closed","ping_status":"closed","sticky":false,"template":"","format":"standard","meta":{"_acf_changed":false,"_lmt_disableupdate":"","_lmt_disable":"","_mbp_gutenberg_autopost":false,"footnotes":""},"categories":[1654],"tags":[],"class_list":["post-53692","post","type-post","status-publish","format-standard","has-post-thumbnail","hentry","category-solidaridad"],"acf":[],"_links":{"self":[{"href":"https:\/\/l21.mx\/index.php?rest_route=\/wp\/v2\/posts\/53692","targetHints":{"allow":["GET"]}}],"collection":[{"href":"https:\/\/l21.mx\/index.php?rest_route=\/wp\/v2\/posts"}],"about":[{"href":"https:\/\/l21.mx\/index.php?rest_route=\/wp\/v2\/types\/post"}],"author":[{"embeddable":true,"href":"https:\/\/l21.mx\/index.php?rest_route=\/wp\/v2\/users\/100"}],"replies":[{"embeddable":true,"href":"https:\/\/l21.mx\/index.php?rest_route=%2Fwp%2Fv2%2Fcomments&post=53692"}],"version-history":[{"count":0,"href":"https:\/\/l21.mx\/index.php?rest_route=\/wp\/v2\/posts\/53692\/revisions"}],"wp:featuredmedia":[{"embeddable":true,"href":"https:\/\/l21.mx\/index.php?rest_route=\/wp\/v2\/media\/53693"}],"wp:attachment":[{"href":"https:\/\/l21.mx\/index.php?rest_route=%2Fwp%2Fv2%2Fmedia&parent=53692"}],"wp:term":[{"taxonomy":"category","embeddable":true,"href":"https:\/\/l21.mx\/index.php?rest_route=%2Fwp%2Fv2%2Fcategories&post=53692"},{"taxonomy":"post_tag","embeddable":true,"href":"https:\/\/l21.mx\/index.php?rest_route=%2Fwp%2Fv2%2Ftags&post=53692"}],"curies":[{"name":"wp","href":"https:\/\/api.w.org\/{rel}","templated":true}]}}