{"id":53716,"date":"2023-02-12T21:42:22","date_gmt":"2023-02-13T02:42:22","guid":{"rendered":"https:\/\/l21.mx\/?p=53716"},"modified":"2023-02-12T21:42:22","modified_gmt":"2023-02-13T02:42:22","slug":"representantes-de-la-embajada-de-japon-visitan-solidaridad","status":"publish","type":"post","link":"https:\/\/l21.mx\/?p=53716","title":{"rendered":"Representantes de la embajada de Jap\u00f3n visitan Solidaridad"},"content":{"rendered":"<p>&nbsp;<\/p>\n<p>\u2022 Con la representaci\u00f3n de la presidenta Lili Campos, la secretaria de Turismo de Solidaridad explic\u00f3 el procedimiento de atenci\u00f3n a los visitantes por cualquier incidente<\/p>\n<p>Playa del Carmen, Quintana Roo, a 12 de febrero de 2023.- En representaci\u00f3n de la presidenta Lili Campos, la secretaria de turismo en Solidaridad Samaria Angulo Sala dio la bienvenida a representantes de la Embajada de Jap\u00f3n, quienes visitaron el Centro de Atenci\u00f3n y Protecci\u00f3n al Turista (CAPTA), la Direcci\u00f3n de Asuntos Nacionales e Internacionales (DANeI) y la Fiscal\u00eda del Ministerio P\u00fablico Adscrito a la Unidad de Atenci\u00f3n al Turista.<\/p>\n<p>Angulo Salas acompa\u00f1\u00f3 a la agregada consular y su asistente, Anju Ishikawa y Chihiro, al recorrido por las tres instancias mencionadas a fin de que conocieran las instalaciones, la forma en que operan y manera en que se brinda la atenci\u00f3n y servicio a sus connacionales japoneses, desde solicitar informaci\u00f3n, apoyo en el tr\u00e1mite de documentos, denuncias por cualquier incidente y\/o infractores.<\/p>\n<p><a href=\"https:\/\/l21.mx\/wp-content\/uploads\/2023\/02\/WhatsApp-Image-2023-02-12-at-17.48.06.jpeg\" data-rel=\"penci-gallery-image-content\" ><img fetchpriority=\"high\" decoding=\"async\" class=\"alignnone size-medium wp-image-53717\" src=\"https:\/\/l21.mx\/wp-content\/uploads\/2023\/02\/WhatsApp-Image-2023-02-12-at-17.48.06-300x211.jpeg\" alt=\"\" width=\"300\" height=\"211\" srcset=\"https:\/\/l21.mx\/wp-content\/uploads\/2023\/02\/WhatsApp-Image-2023-02-12-at-17.48.06-300x211.jpeg 300w, https:\/\/l21.mx\/wp-content\/uploads\/2023\/02\/WhatsApp-Image-2023-02-12-at-17.48.06-1024x721.jpeg 1024w, https:\/\/l21.mx\/wp-content\/uploads\/2023\/02\/WhatsApp-Image-2023-02-12-at-17.48.06-768x540.jpeg 768w, https:\/\/l21.mx\/wp-content\/uploads\/2023\/02\/WhatsApp-Image-2023-02-12-at-17.48.06-1536x1081.jpeg 1536w, https:\/\/l21.mx\/wp-content\/uploads\/2023\/02\/WhatsApp-Image-2023-02-12-at-17.48.06-1200x845.jpeg 1200w, https:\/\/l21.mx\/wp-content\/uploads\/2023\/02\/WhatsApp-Image-2023-02-12-at-17.48.06-1170x823.jpeg 1170w, https:\/\/l21.mx\/wp-content\/uploads\/2023\/02\/WhatsApp-Image-2023-02-12-at-17.48.06-585x412.jpeg 585w, https:\/\/l21.mx\/wp-content\/uploads\/2023\/02\/WhatsApp-Image-2023-02-12-at-17.48.06.jpeg 1600w\" sizes=\"(max-width: 300px) 100vw, 300px\" \/><\/a><\/p>\n<p>El secretario de Justicia C\u00edvica y Convivencia Humana Joel Su\u00e1rez explic\u00f3 a detalle a las autoridades diplom\u00e1ticas el procedimiento y condiciones en que se brinda la justicia c\u00edvica y la mediaci\u00f3n a infractores. Se destac\u00f3 la importancia de tener cerca a la Fiscal\u00eda del Ministerio P\u00fablico Adscrito a la Unidad de Atenci\u00f3n al Turista de la FGE de Quintana Roo y el CAPTA, al brindar a los extranjeros atenci\u00f3n inmediata, aunado al apoyo que se requiera, al existir coordinaci\u00f3n entre ambas instancias.<\/p>\n<p>Al final de este recorrido por las instancias municipales, se entreg\u00f3 a los diplom\u00e1ticos una escultura a escala del escudo de Solidaridad conocido como \u201cLa Moneda\u201d, s\u00edmbolo con tradici\u00f3n en esta ciudad. En reciprocidad, compartieron obsequios representativos del Pueblo del Sol Naciente. En este recorrido participaron tambi\u00e9n Leticia Chaverri, titular de la Unidad de Atenci\u00f3n al Migrante, y el director de Polic\u00eda Tur\u00edstica, Osiris de Jes\u00fas Ceballos D\u00edaz.<\/p>\n","protected":false},"excerpt":{"rendered":"<p>&nbsp; \u2022 Con la representaci\u00f3n de la presidenta Lili Campos, la secretaria de Turismo de Solidaridad&hellip;<\/p>\n","protected":false},"author":100,"featured_media":53718,"comment_status":"closed","ping_status":"closed","sticky":false,"template":"","format":"standard","meta":{"_acf_changed":false,"_lmt_disableupdate":"","_lmt_disable":"","_mbp_gutenberg_autopost":false,"footnotes":""},"categories":[1654],"tags":[],"class_list":["post-53716","post","type-post","status-publish","format-standard","has-post-thumbnail","hentry","category-solidaridad"],"acf":[],"_links":{"self":[{"href":"https:\/\/l21.mx\/index.php?rest_route=\/wp\/v2\/posts\/53716","targetHints":{"allow":["GET"]}}],"collection":[{"href":"https:\/\/l21.mx\/index.php?rest_route=\/wp\/v2\/posts"}],"about":[{"href":"https:\/\/l21.mx\/index.php?rest_route=\/wp\/v2\/types\/post"}],"author":[{"embeddable":true,"href":"https:\/\/l21.mx\/index.php?rest_route=\/wp\/v2\/users\/100"}],"replies":[{"embeddable":true,"href":"https:\/\/l21.mx\/index.php?rest_route=%2Fwp%2Fv2%2Fcomments&post=53716"}],"version-history":[{"count":0,"href":"https:\/\/l21.mx\/index.php?rest_route=\/wp\/v2\/posts\/53716\/revisions"}],"wp:featuredmedia":[{"embeddable":true,"href":"https:\/\/l21.mx\/index.php?rest_route=\/wp\/v2\/media\/53718"}],"wp:attachment":[{"href":"https:\/\/l21.mx\/index.php?rest_route=%2Fwp%2Fv2%2Fmedia&parent=53716"}],"wp:term":[{"taxonomy":"category","embeddable":true,"href":"https:\/\/l21.mx\/index.php?rest_route=%2Fwp%2Fv2%2Fcategories&post=53716"},{"taxonomy":"post_tag","embeddable":true,"href":"https:\/\/l21.mx\/index.php?rest_route=%2Fwp%2Fv2%2Ftags&post=53716"}],"curies":[{"name":"wp","href":"https:\/\/api.w.org\/{rel}","templated":true}]}}