{"id":53758,"date":"2023-02-14T09:39:56","date_gmt":"2023-02-14T14:39:56","guid":{"rendered":"https:\/\/l21.mx\/?p=53758"},"modified":"2023-02-15T09:43:15","modified_gmt":"2023-02-15T14:43:15","slug":"arranca-el-carnaval-de-fantasia-en-playa-del-carmen","status":"publish","type":"post","link":"https:\/\/l21.mx\/?p=53758","title":{"rendered":"Arranca el Carnaval de Fantas\u00eda en Playa del Carmen"},"content":{"rendered":"<p>&nbsp;<\/p>\n<p>\u2022 Con alegr\u00eda y entusiasmo, la presidenta Lili Campos puso en marcha el \u201cCarnaval Playa del Carmen 2023\u201d ante habitantes y visitantes<\/p>\n<p><a href=\"https:\/\/l21.mx\/wp-content\/uploads\/2023\/02\/WhatsApp-Image-2023-02-14-at-21.49.52.jpeg\" data-rel=\"penci-gallery-image-content\" ><img decoding=\"async\" class=\"alignnone size-medium wp-image-53762\" src=\"https:\/\/l21.mx\/wp-content\/uploads\/2023\/02\/WhatsApp-Image-2023-02-14-at-21.49.52-300x164.jpeg\" alt=\"\" width=\"300\" height=\"164\" srcset=\"https:\/\/l21.mx\/wp-content\/uploads\/2023\/02\/WhatsApp-Image-2023-02-14-at-21.49.52-300x164.jpeg 300w, https:\/\/l21.mx\/wp-content\/uploads\/2023\/02\/WhatsApp-Image-2023-02-14-at-21.49.52-1024x561.jpeg 1024w, https:\/\/l21.mx\/wp-content\/uploads\/2023\/02\/WhatsApp-Image-2023-02-14-at-21.49.52-768x421.jpeg 768w, https:\/\/l21.mx\/wp-content\/uploads\/2023\/02\/WhatsApp-Image-2023-02-14-at-21.49.52-1200x657.jpeg 1200w, https:\/\/l21.mx\/wp-content\/uploads\/2023\/02\/WhatsApp-Image-2023-02-14-at-21.49.52-1170x641.jpeg 1170w, https:\/\/l21.mx\/wp-content\/uploads\/2023\/02\/WhatsApp-Image-2023-02-14-at-21.49.52-585x320.jpeg 585w, https:\/\/l21.mx\/wp-content\/uploads\/2023\/02\/WhatsApp-Image-2023-02-14-at-21.49.52.jpeg 1280w\" sizes=\"(max-width: 300px) 100vw, 300px\" \/><\/a><\/p>\n<p>Playa del Carmen, Solidaridad, 14 de febrero del 2023.- Ante habitantes y visitantes, la presidenta Lili Campos inaugur\u00f3 el \u201cCarnaval Playa del Carmen 2023\u201d, un carnaval de fantas\u00eda, con derroche de alegr\u00eda y diversi\u00f3n con la participaci\u00f3n de los reyes, reinas y sus comparsas. Para cerrar la noche con el concierto del invitado especial, Mario Bautista.<\/p>\n<p>Durante la presentaci\u00f3n, Lili Campos asegur\u00f3 que \u00abrenovando con alegr\u00eda, tendremos ocho d\u00edas de fiesta, conciertos, bailes y tres paseos de las comparsas desde la avenida 34 sobre toda la 5ta Avenida, hasta la Ju\u00e1rez y de aqu\u00ed hasta la plaza c\u00edvica 28 de Julio.<\/p>\n<p>\u201cEs un carnaval sin alcohol, de los solidarenses para los solidarenses\u201d dijo la Presidenta Municipal.<\/p>\n<p><a href=\"https:\/\/l21.mx\/wp-content\/uploads\/2023\/02\/WhatsApp-Image-2023-02-14-at-21.49.53.jpeg\" data-rel=\"penci-gallery-image-content\" ><img fetchpriority=\"high\" decoding=\"async\" class=\"alignnone size-medium wp-image-53761\" src=\"https:\/\/l21.mx\/wp-content\/uploads\/2023\/02\/WhatsApp-Image-2023-02-14-at-21.49.53-300x200.jpeg\" alt=\"\" width=\"300\" height=\"200\" srcset=\"https:\/\/l21.mx\/wp-content\/uploads\/2023\/02\/WhatsApp-Image-2023-02-14-at-21.49.53-300x200.jpeg 300w, https:\/\/l21.mx\/wp-content\/uploads\/2023\/02\/WhatsApp-Image-2023-02-14-at-21.49.53-1024x682.jpeg 1024w, https:\/\/l21.mx\/wp-content\/uploads\/2023\/02\/WhatsApp-Image-2023-02-14-at-21.49.53-768x512.jpeg 768w, https:\/\/l21.mx\/wp-content\/uploads\/2023\/02\/WhatsApp-Image-2023-02-14-at-21.49.53-1200x800.jpeg 1200w, https:\/\/l21.mx\/wp-content\/uploads\/2023\/02\/WhatsApp-Image-2023-02-14-at-21.49.53-1170x780.jpeg 1170w, https:\/\/l21.mx\/wp-content\/uploads\/2023\/02\/WhatsApp-Image-2023-02-14-at-21.49.53-585x390.jpeg 585w, https:\/\/l21.mx\/wp-content\/uploads\/2023\/02\/WhatsApp-Image-2023-02-14-at-21.49.53-263x175.jpeg 263w, https:\/\/l21.mx\/wp-content\/uploads\/2023\/02\/WhatsApp-Image-2023-02-14-at-21.49.53.jpeg 1280w\" sizes=\"(max-width: 300px) 100vw, 300px\" \/><\/a><\/p>\n<p>La primera noche del carnaval fue amenizada por los reyes y reinas Cristel Le\u00f3n Alipi, la reina de la Colosio y su comparsa \u201cLos Invasores\u201d, los reyes juveniles electos; Angel Tinal y Miledy Concepci\u00f3n, cerrando la noche con la presentaci\u00f3n del joven cantante Mario Bautista.<\/p>\n<p>En estas fiestas carnestolendas participan 14 comparsas, con un total de 385 integrantes, en las categor\u00edas: juvenil y libre, participando en los paseos los d\u00edas s\u00e1bado, domingo y martes a partir de las 18 horas. La coronaci\u00f3n de los Reyes y Reinas electos ser\u00e1 la noche del jueves a las 22 horas.<\/p>\n<p><a href=\"https:\/\/l21.mx\/wp-content\/uploads\/2023\/02\/WhatsApp-Image-2023-02-14-at-23.55.03.jpeg\" data-rel=\"penci-gallery-image-content\" ><img decoding=\"async\" class=\"alignnone size-medium wp-image-53760\" src=\"https:\/\/l21.mx\/wp-content\/uploads\/2023\/02\/WhatsApp-Image-2023-02-14-at-23.55.03-300x200.jpeg\" alt=\"\" width=\"300\" height=\"200\" srcset=\"https:\/\/l21.mx\/wp-content\/uploads\/2023\/02\/WhatsApp-Image-2023-02-14-at-23.55.03-300x200.jpeg 300w, https:\/\/l21.mx\/wp-content\/uploads\/2023\/02\/WhatsApp-Image-2023-02-14-at-23.55.03-1024x682.jpeg 1024w, https:\/\/l21.mx\/wp-content\/uploads\/2023\/02\/WhatsApp-Image-2023-02-14-at-23.55.03-768x512.jpeg 768w, https:\/\/l21.mx\/wp-content\/uploads\/2023\/02\/WhatsApp-Image-2023-02-14-at-23.55.03-1200x800.jpeg 1200w, https:\/\/l21.mx\/wp-content\/uploads\/2023\/02\/WhatsApp-Image-2023-02-14-at-23.55.03-1170x780.jpeg 1170w, https:\/\/l21.mx\/wp-content\/uploads\/2023\/02\/WhatsApp-Image-2023-02-14-at-23.55.03-585x390.jpeg 585w, https:\/\/l21.mx\/wp-content\/uploads\/2023\/02\/WhatsApp-Image-2023-02-14-at-23.55.03-263x175.jpeg 263w, https:\/\/l21.mx\/wp-content\/uploads\/2023\/02\/WhatsApp-Image-2023-02-14-at-23.55.03.jpeg 1280w\" sizes=\"(max-width: 300px) 100vw, 300px\" \/><\/a><\/p>\n","protected":false},"excerpt":{"rendered":"<p>&nbsp; \u2022 Con alegr\u00eda y entusiasmo, la presidenta Lili Campos puso en marcha el \u201cCarnaval Playa&hellip;<\/p>\n","protected":false},"author":100,"featured_media":53759,"comment_status":"closed","ping_status":"closed","sticky":false,"template":"","format":"standard","meta":{"_acf_changed":false,"_lmt_disableupdate":"","_lmt_disable":"","_mbp_gutenberg_autopost":false,"footnotes":""},"categories":[1654],"tags":[],"class_list":["post-53758","post","type-post","status-publish","format-standard","has-post-thumbnail","hentry","category-solidaridad"],"acf":[],"_links":{"self":[{"href":"https:\/\/l21.mx\/index.php?rest_route=\/wp\/v2\/posts\/53758","targetHints":{"allow":["GET"]}}],"collection":[{"href":"https:\/\/l21.mx\/index.php?rest_route=\/wp\/v2\/posts"}],"about":[{"href":"https:\/\/l21.mx\/index.php?rest_route=\/wp\/v2\/types\/post"}],"author":[{"embeddable":true,"href":"https:\/\/l21.mx\/index.php?rest_route=\/wp\/v2\/users\/100"}],"replies":[{"embeddable":true,"href":"https:\/\/l21.mx\/index.php?rest_route=%2Fwp%2Fv2%2Fcomments&post=53758"}],"version-history":[{"count":0,"href":"https:\/\/l21.mx\/index.php?rest_route=\/wp\/v2\/posts\/53758\/revisions"}],"wp:featuredmedia":[{"embeddable":true,"href":"https:\/\/l21.mx\/index.php?rest_route=\/wp\/v2\/media\/53759"}],"wp:attachment":[{"href":"https:\/\/l21.mx\/index.php?rest_route=%2Fwp%2Fv2%2Fmedia&parent=53758"}],"wp:term":[{"taxonomy":"category","embeddable":true,"href":"https:\/\/l21.mx\/index.php?rest_route=%2Fwp%2Fv2%2Fcategories&post=53758"},{"taxonomy":"post_tag","embeddable":true,"href":"https:\/\/l21.mx\/index.php?rest_route=%2Fwp%2Fv2%2Ftags&post=53758"}],"curies":[{"name":"wp","href":"https:\/\/api.w.org\/{rel}","templated":true}]}}