{"id":53784,"date":"2023-02-17T08:29:52","date_gmt":"2023-02-17T13:29:52","guid":{"rendered":"https:\/\/l21.mx\/?p=53784"},"modified":"2023-02-17T08:29:52","modified_gmt":"2023-02-17T13:29:52","slug":"bacalar-con-su-gastronomia-y-bellezas-naturales-se-presenta-con-exito-en-punto-mexico","status":"publish","type":"post","link":"https:\/\/l21.mx\/?p=53784","title":{"rendered":"Bacalar con su gastronom\u00eda y bellezas naturales se presenta con \u00e9xito en Punto M\u00e9xico"},"content":{"rendered":"<p>&nbsp;<\/p>\n<p>-Se inaugur\u00f3 con \u00e9xito la Exposici\u00f3n Artesanal de Bacalar en la Ciudad de M\u00e9xico.<\/p>\n<p>Ciudad de M\u00e9xico.- Para dar a conocer la gastronom\u00eda t\u00edpica y los diferentes atractivos naturales del municipio de Bacalar \u201cPueblo M\u00e1gico\u201d fue inaugurada la Exposici\u00f3n Artesanal y Gastron\u00f3mica en el Punto M\u00e9xico, espacio exhibici\u00f3n de la Secretar\u00eda Federal de Turismo en la capital del pa\u00eds.<\/p>\n<p><a href=\"https:\/\/l21.mx\/wp-content\/uploads\/2023\/02\/WhatsApp-Image-2023-02-16-at-12.04.04.jpeg\" data-rel=\"penci-gallery-image-content\" ><img fetchpriority=\"high\" decoding=\"async\" class=\"alignnone size-medium wp-image-53787\" src=\"https:\/\/l21.mx\/wp-content\/uploads\/2023\/02\/WhatsApp-Image-2023-02-16-at-12.04.04-300x225.jpeg\" alt=\"\" width=\"300\" height=\"225\" srcset=\"https:\/\/l21.mx\/wp-content\/uploads\/2023\/02\/WhatsApp-Image-2023-02-16-at-12.04.04-300x225.jpeg 300w, https:\/\/l21.mx\/wp-content\/uploads\/2023\/02\/WhatsApp-Image-2023-02-16-at-12.04.04-768x576.jpeg 768w, https:\/\/l21.mx\/wp-content\/uploads\/2023\/02\/WhatsApp-Image-2023-02-16-at-12.04.04-585x439.jpeg 585w, https:\/\/l21.mx\/wp-content\/uploads\/2023\/02\/WhatsApp-Image-2023-02-16-at-12.04.04.jpeg 1024w\" sizes=\"(max-width: 300px) 100vw, 300px\" \/><\/a><\/p>\n<p>La titular de la Representaci\u00f3n del Gobierno del Estado en la Ciudad de M\u00e9xico, Euterpe Guti\u00e9rrez Valasis explic\u00f3 que es prioridad para la gobernadora Mara Lezama Espinosa que el turismo llegue a todos los municipios de Quintana Roo de manera sostenible, sustentable, respetuosa del medio ambiente y la prosperidad sea compartida como se establece en el Nuevo Acuerdo por el Bienestar y Desarrollo.<\/p>\n<p>Durante la inauguraci\u00f3n de la Exposici\u00f3n Artesanal y Gastron\u00f3mica en el Punto M\u00e9xico, espacio de exhibici\u00f3n de la Secretar\u00eda Federal de Turismo, particip\u00f3 el presidente municipal de Bacalar, Jos\u00e9 Alfredo Contreras M\u00e9ndez, quien junto con Euterpe Guti\u00e9rrez recibi\u00f3 a los invitados de las diversas entidades del pa\u00eds con una degustaci\u00f3n de la gastronom\u00eda t\u00edpica del Pueblo M\u00e1gico.<\/p>\n<p>Guti\u00e9rrez Valasis dijo que tambi\u00e9n fue inaugurada la muestra artesanal del municipio y la exposici\u00f3n fotogr\u00e1fica del artista Guido Farina, y se presentaron los libros \u201cDesde el azul\u201d, \u201cPor cada azul\u201d y \u201cApenas toco el mar y se oscurece\u201d del profesor y compositor Ram\u00f3n Iv\u00e1n Su\u00e1rez Caamal.<\/p>\n<p><a href=\"https:\/\/l21.mx\/wp-content\/uploads\/2023\/02\/WhatsApp-Image-2023-02-16-at-12.04.02-1.jpeg\" data-rel=\"penci-gallery-image-content\" ><img decoding=\"async\" class=\"alignnone size-medium wp-image-53785\" src=\"https:\/\/l21.mx\/wp-content\/uploads\/2023\/02\/WhatsApp-Image-2023-02-16-at-12.04.02-1-300x225.jpeg\" alt=\"\" width=\"300\" height=\"225\" srcset=\"https:\/\/l21.mx\/wp-content\/uploads\/2023\/02\/WhatsApp-Image-2023-02-16-at-12.04.02-1-300x225.jpeg 300w, https:\/\/l21.mx\/wp-content\/uploads\/2023\/02\/WhatsApp-Image-2023-02-16-at-12.04.02-1-768x576.jpeg 768w, https:\/\/l21.mx\/wp-content\/uploads\/2023\/02\/WhatsApp-Image-2023-02-16-at-12.04.02-1-585x439.jpeg 585w, https:\/\/l21.mx\/wp-content\/uploads\/2023\/02\/WhatsApp-Image-2023-02-16-at-12.04.02-1.jpeg 1024w\" sizes=\"(max-width: 300px) 100vw, 300px\" \/><\/a><\/p>\n<p>Para concluir se exhibieron maderas preciosas representativas de Bacalar y se platic\u00f3 sobre el proceso de tallado.<\/p>\n<p>Al evento acudieron los diputados federales por Quintana Roo, Anah\u00ed Gonz\u00e1lez y Alberto Bat\u00fan, as\u00ed como los representantes de los estados de Oaxaca, Tlaxcala, Quer\u00e9taro, Veracruz, Chihuahua, Nayarit, Colima, Coahuila, San Luis Potos\u00ed, Jalisco y Nuevo Le\u00f3n e invitados.<\/p>\n","protected":false},"excerpt":{"rendered":"<p>&nbsp; -Se inaugur\u00f3 con \u00e9xito la Exposici\u00f3n Artesanal de Bacalar en la Ciudad de M\u00e9xico. Ciudad&hellip;<\/p>\n","protected":false},"author":100,"featured_media":53786,"comment_status":"closed","ping_status":"closed","sticky":false,"template":"","format":"standard","meta":{"_acf_changed":false,"_lmt_disableupdate":"","_lmt_disable":"","_mbp_gutenberg_autopost":false,"footnotes":""},"categories":[1656,8],"tags":[],"class_list":["post-53784","post","type-post","status-publish","format-standard","has-post-thumbnail","hentry","category-quintana-roo","category-turismo"],"acf":[],"_links":{"self":[{"href":"https:\/\/l21.mx\/index.php?rest_route=\/wp\/v2\/posts\/53784","targetHints":{"allow":["GET"]}}],"collection":[{"href":"https:\/\/l21.mx\/index.php?rest_route=\/wp\/v2\/posts"}],"about":[{"href":"https:\/\/l21.mx\/index.php?rest_route=\/wp\/v2\/types\/post"}],"author":[{"embeddable":true,"href":"https:\/\/l21.mx\/index.php?rest_route=\/wp\/v2\/users\/100"}],"replies":[{"embeddable":true,"href":"https:\/\/l21.mx\/index.php?rest_route=%2Fwp%2Fv2%2Fcomments&post=53784"}],"version-history":[{"count":0,"href":"https:\/\/l21.mx\/index.php?rest_route=\/wp\/v2\/posts\/53784\/revisions"}],"wp:featuredmedia":[{"embeddable":true,"href":"https:\/\/l21.mx\/index.php?rest_route=\/wp\/v2\/media\/53786"}],"wp:attachment":[{"href":"https:\/\/l21.mx\/index.php?rest_route=%2Fwp%2Fv2%2Fmedia&parent=53784"}],"wp:term":[{"taxonomy":"category","embeddable":true,"href":"https:\/\/l21.mx\/index.php?rest_route=%2Fwp%2Fv2%2Fcategories&post=53784"},{"taxonomy":"post_tag","embeddable":true,"href":"https:\/\/l21.mx\/index.php?rest_route=%2Fwp%2Fv2%2Ftags&post=53784"}],"curies":[{"name":"wp","href":"https:\/\/api.w.org\/{rel}","templated":true}]}}