{"id":53791,"date":"2023-02-16T13:07:29","date_gmt":"2023-02-16T18:07:29","guid":{"rendered":"https:\/\/l21.mx\/?p=53791"},"modified":"2023-02-17T13:08:40","modified_gmt":"2023-02-17T18:08:40","slug":"solidaridad-tendra-la-central-de-abastos-mas-grande-de-quintana-roo","status":"publish","type":"post","link":"https:\/\/l21.mx\/?p=53791","title":{"rendered":"Solidaridad tendr\u00e1 la central de abastos m\u00e1s grande de Quintana Roo"},"content":{"rendered":"<p>&nbsp;<\/p>\n<p>\u2022 Lili Campos respalda proyectos integrales para el desarrollo econ\u00f3mico y la generaci\u00f3n de empleos en beneficio de la gente<\/p>\n<p><a href=\"https:\/\/l21.mx\/wp-content\/uploads\/2023\/02\/WhatsApp-Image-2023-02-16-at-15.54.00.jpeg\" data-rel=\"penci-gallery-image-content\" ><img fetchpriority=\"high\" decoding=\"async\" class=\"alignnone size-medium wp-image-53793\" src=\"https:\/\/l21.mx\/wp-content\/uploads\/2023\/02\/WhatsApp-Image-2023-02-16-at-15.54.00-300x216.jpeg\" alt=\"\" width=\"300\" height=\"216\" srcset=\"https:\/\/l21.mx\/wp-content\/uploads\/2023\/02\/WhatsApp-Image-2023-02-16-at-15.54.00-300x216.jpeg 300w, https:\/\/l21.mx\/wp-content\/uploads\/2023\/02\/WhatsApp-Image-2023-02-16-at-15.54.00-1024x737.jpeg 1024w, https:\/\/l21.mx\/wp-content\/uploads\/2023\/02\/WhatsApp-Image-2023-02-16-at-15.54.00-768x553.jpeg 768w, https:\/\/l21.mx\/wp-content\/uploads\/2023\/02\/WhatsApp-Image-2023-02-16-at-15.54.00-1170x842.jpeg 1170w, https:\/\/l21.mx\/wp-content\/uploads\/2023\/02\/WhatsApp-Image-2023-02-16-at-15.54.00-585x421.jpeg 585w, https:\/\/l21.mx\/wp-content\/uploads\/2023\/02\/WhatsApp-Image-2023-02-16-at-15.54.00.jpeg 1185w\" sizes=\"(max-width: 300px) 100vw, 300px\" \/><\/a><\/p>\n<p>Playa del Carmen, Solidaridad, 16 de febrero 2023.- En respaldo a proyectos integrales que benefician a las y los habitantes de Solidaridad, la presidenta municipal Lili Campos recorri\u00f3 la construcci\u00f3n de la primera fase de la central de abastos, que contempla el desarrollo econ\u00f3mico, adem\u00e1s de la creaci\u00f3n de empleos directos e indirectos.<\/p>\n<p>Durante el recorrido la edil puntualiz\u00f3 que \u201cseguir\u00e1 la renovaci\u00f3n de Solidaridad con proyectos integrales que impactar\u00e1n en el bienestar de las familias de las y los solidarenses, as\u00ed como el crecimiento del municipio\u201d.<\/p>\n<p>Por su parte, Wilbert Guti\u00e9rrez, director de proyecto de la Central de Abastos de Playa del Carmen, explic\u00f3 que se construye la primera fase, que ser\u00e1 la m\u00e1s grande del estado, con una inversi\u00f3n de mil 300 millones de pesos y con la creaci\u00f3n de mil 500 empleos directos y m\u00e1s de 3 mil indirectos.<\/p>\n","protected":false},"excerpt":{"rendered":"<p>&nbsp; \u2022 Lili Campos respalda proyectos integrales para el desarrollo econ\u00f3mico y la generaci\u00f3n de empleos&hellip;<\/p>\n","protected":false},"author":100,"featured_media":53792,"comment_status":"closed","ping_status":"closed","sticky":false,"template":"","format":"standard","meta":{"_acf_changed":false,"_lmt_disableupdate":"","_lmt_disable":"","_mbp_gutenberg_autopost":false,"footnotes":""},"categories":[23,1654],"tags":[],"class_list":["post-53791","post","type-post","status-publish","format-standard","has-post-thumbnail","hentry","category-noticias","category-solidaridad"],"acf":[],"_links":{"self":[{"href":"https:\/\/l21.mx\/index.php?rest_route=\/wp\/v2\/posts\/53791","targetHints":{"allow":["GET"]}}],"collection":[{"href":"https:\/\/l21.mx\/index.php?rest_route=\/wp\/v2\/posts"}],"about":[{"href":"https:\/\/l21.mx\/index.php?rest_route=\/wp\/v2\/types\/post"}],"author":[{"embeddable":true,"href":"https:\/\/l21.mx\/index.php?rest_route=\/wp\/v2\/users\/100"}],"replies":[{"embeddable":true,"href":"https:\/\/l21.mx\/index.php?rest_route=%2Fwp%2Fv2%2Fcomments&post=53791"}],"version-history":[{"count":0,"href":"https:\/\/l21.mx\/index.php?rest_route=\/wp\/v2\/posts\/53791\/revisions"}],"wp:featuredmedia":[{"embeddable":true,"href":"https:\/\/l21.mx\/index.php?rest_route=\/wp\/v2\/media\/53792"}],"wp:attachment":[{"href":"https:\/\/l21.mx\/index.php?rest_route=%2Fwp%2Fv2%2Fmedia&parent=53791"}],"wp:term":[{"taxonomy":"category","embeddable":true,"href":"https:\/\/l21.mx\/index.php?rest_route=%2Fwp%2Fv2%2Fcategories&post=53791"},{"taxonomy":"post_tag","embeddable":true,"href":"https:\/\/l21.mx\/index.php?rest_route=%2Fwp%2Fv2%2Ftags&post=53791"}],"curies":[{"name":"wp","href":"https:\/\/api.w.org\/{rel}","templated":true}]}}