{"id":53887,"date":"2023-02-24T21:21:27","date_gmt":"2023-02-25T02:21:27","guid":{"rendered":"https:\/\/l21.mx\/?p=53887"},"modified":"2023-02-25T21:22:18","modified_gmt":"2023-02-26T02:22:18","slug":"reactiva-lili-campos-concurso-municipal-de-escoltas-escolares","status":"publish","type":"post","link":"https:\/\/l21.mx\/?p=53887","title":{"rendered":"Reactiva Lili Campos concurso municipal de escoltas escolares"},"content":{"rendered":"<p>&nbsp;<\/p>\n<p>\u2022 Tras siete a\u00f1os de estar abandonado, se renueva este certamen con 18 escoltas participantes<\/p>\n<p>Playa del Carmen, Solidaridad, 24 de febrero del 2023.- Para fomentar los valores c\u00edvicos en la ni\u00f1ez y juventud, la presidenta municipal Lili Campos reactiv\u00f3, despu\u00e9s de siete a\u00f1os, el concurso municipal de escoltas escolares, con la participaci\u00f3n de 18 agrupamientos de nivel primaria, secundaria y preparatoria.<\/p>\n<p><a href=\"https:\/\/l21.mx\/wp-content\/uploads\/2023\/02\/WhatsApp-Image-2023-02-24-at-12.29.44.jpeg\" data-rel=\"penci-gallery-image-content\" ><img fetchpriority=\"high\" decoding=\"async\" class=\"alignnone size-medium wp-image-53888\" src=\"https:\/\/l21.mx\/wp-content\/uploads\/2023\/02\/WhatsApp-Image-2023-02-24-at-12.29.44-300x200.jpeg\" alt=\"\" width=\"300\" height=\"200\" srcset=\"https:\/\/l21.mx\/wp-content\/uploads\/2023\/02\/WhatsApp-Image-2023-02-24-at-12.29.44-300x200.jpeg 300w, https:\/\/l21.mx\/wp-content\/uploads\/2023\/02\/WhatsApp-Image-2023-02-24-at-12.29.44-1024x682.jpeg 1024w, https:\/\/l21.mx\/wp-content\/uploads\/2023\/02\/WhatsApp-Image-2023-02-24-at-12.29.44-768x512.jpeg 768w, https:\/\/l21.mx\/wp-content\/uploads\/2023\/02\/WhatsApp-Image-2023-02-24-at-12.29.44-1200x800.jpeg 1200w, https:\/\/l21.mx\/wp-content\/uploads\/2023\/02\/WhatsApp-Image-2023-02-24-at-12.29.44-1170x780.jpeg 1170w, https:\/\/l21.mx\/wp-content\/uploads\/2023\/02\/WhatsApp-Image-2023-02-24-at-12.29.44-585x390.jpeg 585w, https:\/\/l21.mx\/wp-content\/uploads\/2023\/02\/WhatsApp-Image-2023-02-24-at-12.29.44-263x175.jpeg 263w, https:\/\/l21.mx\/wp-content\/uploads\/2023\/02\/WhatsApp-Image-2023-02-24-at-12.29.44.jpeg 1280w\" sizes=\"(max-width: 300px) 100vw, 300px\" \/><\/a><\/p>\n<p>La presidenta Lili Campos pidi\u00f3 a los participantes que siempre lleven estos momentos en su coraz\u00f3n, \u201cpara ustedes es parte de su historia, adem\u00e1s, nos est\u00e1n ayudando a escribir la historia de Solidaridad, porque hace siete a\u00f1os no se hac\u00eda este concurso en nuestro municipio por parte de una administraci\u00f3n municipal, y hoy est\u00e1n ustedes lo est\u00e1n retomando\u00bb.<\/p>\n<p>La edil solidarense reconoci\u00f3 a las cinco primarias, ocho secundarias y cinco preparatorias que participaron en este concurso municipal, donde recalc\u00f3 que es un orgullo y un honor, tener a estos alumnos de excelencia participando. \u00abEl solo hecho de estar aqu\u00ed, ya todos son ganadores\u00bb.<\/p>\n<p>Asimismo, Javier Basurto Campos, director de Educaci\u00f3n, Desarrollo Humano y Bibliotecas P\u00fablicas, dijo que, \u00abes nuestra responsabilidad generar este tipo de din\u00e1micas para crear valores y fomentar la honestidad, el trabajo colaborativo y qu\u00e9 mejor que hacerlo este 24 de febrero, D\u00eda de la Bandera, uno de los s\u00edmbolos que nos dignifica y que nos honra como mexicanos\u00bb.<\/p>\n","protected":false},"excerpt":{"rendered":"<p>&nbsp; \u2022 Tras siete a\u00f1os de estar abandonado, se renueva este certamen con 18 escoltas participantes&hellip;<\/p>\n","protected":false},"author":100,"featured_media":53889,"comment_status":"closed","ping_status":"closed","sticky":false,"template":"","format":"standard","meta":{"_acf_changed":false,"_lmt_disableupdate":"","_lmt_disable":"","_mbp_gutenberg_autopost":false,"footnotes":""},"categories":[1654],"tags":[],"class_list":["post-53887","post","type-post","status-publish","format-standard","has-post-thumbnail","hentry","category-solidaridad"],"acf":[],"_links":{"self":[{"href":"https:\/\/l21.mx\/index.php?rest_route=\/wp\/v2\/posts\/53887","targetHints":{"allow":["GET"]}}],"collection":[{"href":"https:\/\/l21.mx\/index.php?rest_route=\/wp\/v2\/posts"}],"about":[{"href":"https:\/\/l21.mx\/index.php?rest_route=\/wp\/v2\/types\/post"}],"author":[{"embeddable":true,"href":"https:\/\/l21.mx\/index.php?rest_route=\/wp\/v2\/users\/100"}],"replies":[{"embeddable":true,"href":"https:\/\/l21.mx\/index.php?rest_route=%2Fwp%2Fv2%2Fcomments&post=53887"}],"version-history":[{"count":0,"href":"https:\/\/l21.mx\/index.php?rest_route=\/wp\/v2\/posts\/53887\/revisions"}],"wp:featuredmedia":[{"embeddable":true,"href":"https:\/\/l21.mx\/index.php?rest_route=\/wp\/v2\/media\/53889"}],"wp:attachment":[{"href":"https:\/\/l21.mx\/index.php?rest_route=%2Fwp%2Fv2%2Fmedia&parent=53887"}],"wp:term":[{"taxonomy":"category","embeddable":true,"href":"https:\/\/l21.mx\/index.php?rest_route=%2Fwp%2Fv2%2Fcategories&post=53887"},{"taxonomy":"post_tag","embeddable":true,"href":"https:\/\/l21.mx\/index.php?rest_route=%2Fwp%2Fv2%2Ftags&post=53887"}],"curies":[{"name":"wp","href":"https:\/\/api.w.org\/{rel}","templated":true}]}}