{"id":53960,"date":"2023-03-01T17:43:50","date_gmt":"2023-03-01T22:43:50","guid":{"rendered":"https:\/\/l21.mx\/?p=53960"},"modified":"2023-03-01T17:43:50","modified_gmt":"2023-03-01T22:43:50","slug":"los-desafios-son-a-diario","status":"publish","type":"post","link":"https:\/\/l21.mx\/?p=53960","title":{"rendered":"Los desaf\u00edos\u00a0son a diario"},"content":{"rendered":"<ul>\n<li>Carta de la Editora<\/li>\n<li><b>Nelly Garc\u00eda<\/b><\/li>\n<li>ngarcia@latitud21.com.mx<\/li>\n<\/ul>\n<p>&nbsp;<\/p>\n<p>Cada vez es m\u00e1s notoria la presencia de la mujer en much\u00edsimos aspectos, tomando decisiones y liderando proyectos en la ciencia, los negocios, la salud, la cultura y un largo etc\u00e9tera. Sin embargo, es preciso se\u00f1alar que falta mucho tramo por recorrer.<\/p>\n<p>Por eso, en el marco del D\u00eda Internacional de la Mujer que se conmemora este mes, analizar qu\u00e9 estamos haciendo para que esta situaci\u00f3n mejore es el mejor camino; sin importar si somos hombres o mujeres, lo importante es garantizar igualdad de oportunidades, no es una cuesti\u00f3n de lucha feminista mal entendida por pretender que las mujeres son mejores o m\u00e1s capaces que los hombres; se trata de aprovechar las fortalezas de cada quien, en la b\u00fasqueda de soluciones cotidianas, individuales y colectivas.<\/p>\n<p>De que se puede, se puede; como ejemplo, una entrevista con <b>Gerardo Contreras<\/b> e <b>Iracema Lara<\/b>, CEO y COO respectivamente de Century 21, una empresa que entre sus filas reporta m\u00e1s del 80% de mujeres; mujeres que han encontrado en el sector de bienes ra\u00edces la mejor plataforma para desarrollar su potencial.<\/p>\n<p>Adem\u00e1s, platicamos con <b>Emmanuel Grimbaum<\/b>, reci\u00e9n nombrado c\u00f3nsul honorario de Francia en Canc\u00fan, quien destac\u00f3 las oportunidades que se abren para la comunidad francesa radicada en el Caribe Mexicano, as\u00ed como los beneficios para sus connacionales que visitan nuestro pa\u00eds o que vienen para hacer negocios.<\/p>\n<p>La realidad es que Quintana Roo, y particularmente Canc\u00fan, cuenta con un amplio potencial en materia de inversiones en muchos rubros, m\u00e1s all\u00e1 del tur\u00edstico, que por supuesto es el principal im\u00e1n.<\/p>\n<p>Sin embargo, es menester que tanto el sector privado, como las autoridades y los habitantes en general, entendamos la importancia de cuidar nuestros recursos para que las posibilidades sigan siendo ilimitadas.<\/p>\n<p>El desarrollo no tiene por qu\u00e9 significar forzosamente el da\u00f1o a lo m\u00e1s buscado y valorado por los visitantes, que son nuestras playas, cenotes, selvas y riqueza cultural.<span class=\"Apple-converted-space\">\u00a0<\/span><\/p>\n<p>Hoy m\u00e1s que nunca es necesario que se tomen decisiones acertadas que contribuyan a la preservaci\u00f3n de nuestros recursos, que todas las acciones sean planteadas con base en la sustentabilidad y sostenibilidad, y sobre todo, que sea una cultura y una filosof\u00eda que permee a las nuevas generaciones, porque de las buenas pr\u00e1cticas que promovamos depender\u00e1 que todos tengamos un mejor presente y un futuro m\u00e1s pr\u00f3spero y prometedor.<span class=\"Apple-converted-space\">\u00a0<\/span><\/p>\n<p>Se trata de que las nuevas generaciones crezcan con un chip de mayor conciencia, m\u00e1s compromiso y m\u00e1s responsabilidad respecto a lo que les toca hacer para cuidar el entorno; que entiendan que en ello va el bienestar com\u00fan. <span class=\"Apple-converted-space\">\u00a0<\/span><\/p>\n","protected":false},"excerpt":{"rendered":"<p>Carta de la Editora Nelly Garc\u00eda ngarcia@latitud21.com.mx &nbsp; Cada vez es m\u00e1s notoria la presencia de&hellip;<\/p>\n","protected":false},"author":95,"featured_media":46181,"comment_status":"closed","ping_status":"closed","sticky":false,"template":"","format":"standard","meta":{"_acf_changed":false,"_lmt_disableupdate":"","_lmt_disable":"","_mbp_gutenberg_autopost":false,"footnotes":""},"categories":[923],"tags":[],"class_list":["post-53960","post","type-post","status-publish","format-standard","has-post-thumbnail","hentry","category-nelly-garcia"],"acf":[],"yoast_head":"<!-- This site is optimized with the Yoast SEO plugin v27.3 - https:\/\/yoast.com\/product\/yoast-seo-wordpress\/ -->\n<title>Los desaf\u00edos\u00a0son a diario | Revista Latitud 21<\/title>\n<meta name=\"description\" content=\"L21, Emprendedores y Negocios en el Caribe Mexicano, es la revista l\u00edder entre el Sector Empresarial y Tur\u00edstico del Caribe Mexicano.\" \/>\n<meta name=\"robots\" content=\"index, follow, max-snippet:-1, max-image-preview:large, max-video-preview:-1\" \/>\n<link rel=\"canonical\" href=\"https:\/\/l21.mx\/?p=53960\" \/>\n<meta name=\"twitter:card\" content=\"summary_large_image\" \/>\n<meta name=\"twitter:title\" content=\"Los desaf\u00edos\u00a0son a diario | Revista Latitud 21\" \/>\n<meta name=\"twitter:description\" content=\"L21, Emprendedores y Negocios en el Caribe Mexicano, es la revista l\u00edder entre el Sector Empresarial y Tur\u00edstico del Caribe Mexicano.\" \/>\n<meta name=\"twitter:image\" content=\"https:\/\/l21.mx\/wp-content\/uploads\/2021\/04\/nelly-garcia-carta-del-editor.jpg\" \/>\n<meta name=\"twitter:creator\" content=\"@Latitud21mx\" \/>\n<meta name=\"twitter:site\" content=\"@Latitud21mx\" \/>\n<meta name=\"twitter:label1\" content=\"Escrito por\" \/>\n\t<meta name=\"twitter:data1\" content=\"ahernandez@latitud21.com.mx\" \/>\n\t<meta name=\"twitter:label2\" content=\"Tiempo de lectura\" \/>\n\t<meta name=\"twitter:data2\" content=\"2 minutos\" \/>\n<script type=\"application\/ld+json\" class=\"yoast-schema-graph\">{\"@context\":\"https:\\\/\\\/schema.org\",\"@graph\":[{\"@type\":\"Article\",\"@id\":\"https:\\\/\\\/l21.mx\\\/?p=53960#article\",\"isPartOf\":{\"@id\":\"https:\\\/\\\/l21.mx\\\/?p=53960\"},\"author\":{\"name\":\"ahernandez@latitud21.com.mx\",\"@id\":\"https:\\\/\\\/l21.mx\\\/#\\\/schema\\\/person\\\/b3cb342bb947a88e1fc27e05770479da\"},\"headline\":\"Los desaf\u00edos\u00a0son a diario\",\"datePublished\":\"2023-03-01T22:43:50+00:00\",\"mainEntityOfPage\":{\"@id\":\"https:\\\/\\\/l21.mx\\\/?p=53960\"},\"wordCount\":469,\"publisher\":{\"@id\":\"https:\\\/\\\/l21.mx\\\/#organization\"},\"image\":{\"@id\":\"https:\\\/\\\/l21.mx\\\/?p=53960#primaryimage\"},\"thumbnailUrl\":\"https:\\\/\\\/l21.mx\\\/wp-content\\\/uploads\\\/2021\\\/04\\\/nelly-garcia-carta-del-editor.jpg\",\"articleSection\":[\"Nelly Garc\u00eda\"],\"inLanguage\":\"es\"},{\"@type\":\"WebPage\",\"@id\":\"https:\\\/\\\/l21.mx\\\/?p=53960\",\"url\":\"https:\\\/\\\/l21.mx\\\/?p=53960\",\"name\":\"Los desaf\u00edos\u00a0son a diario | Revista Latitud 21\",\"isPartOf\":{\"@id\":\"https:\\\/\\\/l21.mx\\\/#website\"},\"primaryImageOfPage\":{\"@id\":\"https:\\\/\\\/l21.mx\\\/?p=53960#primaryimage\"},\"image\":{\"@id\":\"https:\\\/\\\/l21.mx\\\/?p=53960#primaryimage\"},\"thumbnailUrl\":\"https:\\\/\\\/l21.mx\\\/wp-content\\\/uploads\\\/2021\\\/04\\\/nelly-garcia-carta-del-editor.jpg\",\"datePublished\":\"2023-03-01T22:43:50+00:00\",\"description\":\"L21, Emprendedores y Negocios en el Caribe Mexicano, es la revista l\u00edder entre el Sector Empresarial y Tur\u00edstico del Caribe Mexicano.\",\"breadcrumb\":{\"@id\":\"https:\\\/\\\/l21.mx\\\/?p=53960#breadcrumb\"},\"inLanguage\":\"es\",\"potentialAction\":[{\"@type\":\"ReadAction\",\"target\":[\"https:\\\/\\\/l21.mx\\\/?p=53960\"]}]},{\"@type\":\"ImageObject\",\"inLanguage\":\"es\",\"@id\":\"https:\\\/\\\/l21.mx\\\/?p=53960#primaryimage\",\"url\":\"https:\\\/\\\/l21.mx\\\/wp-content\\\/uploads\\\/2021\\\/04\\\/nelly-garcia-carta-del-editor.jpg\",\"contentUrl\":\"https:\\\/\\\/l21.mx\\\/wp-content\\\/uploads\\\/2021\\\/04\\\/nelly-garcia-carta-del-editor.jpg\",\"width\":900,\"height\":599},{\"@type\":\"BreadcrumbList\",\"@id\":\"https:\\\/\\\/l21.mx\\\/?p=53960#breadcrumb\",\"itemListElement\":[{\"@type\":\"ListItem\",\"position\":1,\"name\":\"Portada\",\"item\":\"https:\\\/\\\/l21.mx\\\/\"},{\"@type\":\"ListItem\",\"position\":2,\"name\":\"Los desaf\u00edos\u00a0son a diario\"}]},{\"@type\":\"WebSite\",\"@id\":\"https:\\\/\\\/l21.mx\\\/#website\",\"url\":\"https:\\\/\\\/l21.mx\\\/\",\"name\":\"Revista Latitud 21\",\"description\":\"Emprendedores  y negocios en el Caribe Mexicano\",\"publisher\":{\"@id\":\"https:\\\/\\\/l21.mx\\\/#organization\"},\"potentialAction\":[{\"@type\":\"SearchAction\",\"target\":{\"@type\":\"EntryPoint\",\"urlTemplate\":\"https:\\\/\\\/l21.mx\\\/?s={search_term_string}\"},\"query-input\":{\"@type\":\"PropertyValueSpecification\",\"valueRequired\":true,\"valueName\":\"search_term_string\"}}],\"inLanguage\":\"es\"},{\"@type\":\"Organization\",\"@id\":\"https:\\\/\\\/l21.mx\\\/#organization\",\"name\":\"Grupo Editorial Latitud 21 SA de CV\",\"url\":\"https:\\\/\\\/l21.mx\\\/\",\"logo\":{\"@type\":\"ImageObject\",\"inLanguage\":\"es\",\"@id\":\"https:\\\/\\\/l21.mx\\\/#\\\/schema\\\/logo\\\/image\\\/\",\"url\":\"https:\\\/\\\/l21.mx\\\/wp-content\\\/uploads\\\/2020\\\/10\\\/logo-l21-baja.jpg\",\"contentUrl\":\"https:\\\/\\\/l21.mx\\\/wp-content\\\/uploads\\\/2020\\\/10\\\/logo-l21-baja.jpg\",\"width\":250,\"height\":250,\"caption\":\"Grupo Editorial Latitud 21 SA de CV\"},\"image\":{\"@id\":\"https:\\\/\\\/l21.mx\\\/#\\\/schema\\\/logo\\\/image\\\/\"},\"sameAs\":[\"https:\\\/\\\/www.facebook.com\\\/RevistaLatitud21\\\/\",\"https:\\\/\\\/x.com\\\/Latitud21mx\"]},{\"@type\":\"Person\",\"@id\":\"https:\\\/\\\/l21.mx\\\/#\\\/schema\\\/person\\\/b3cb342bb947a88e1fc27e05770479da\",\"name\":\"ahernandez@latitud21.com.mx\",\"url\":\"https:\\\/\\\/l21.mx\\\/?author=95\"}]}<\/script>\n<!-- \/ Yoast SEO plugin. -->","yoast_head_json":{"title":"Los desaf\u00edos\u00a0son a diario | Revista Latitud 21","description":"L21, Emprendedores y Negocios en el Caribe Mexicano, es la revista l\u00edder entre el Sector Empresarial y Tur\u00edstico del Caribe Mexicano.","robots":{"index":"index","follow":"follow","max-snippet":"max-snippet:-1","max-image-preview":"max-image-preview:large","max-video-preview":"max-video-preview:-1"},"canonical":"https:\/\/l21.mx\/?p=53960","twitter_card":"summary_large_image","twitter_title":"Los desaf\u00edos\u00a0son a diario | Revista Latitud 21","twitter_description":"L21, Emprendedores y Negocios en el Caribe Mexicano, es la revista l\u00edder entre el Sector Empresarial y Tur\u00edstico del Caribe Mexicano.","twitter_image":"https:\/\/l21.mx\/wp-content\/uploads\/2021\/04\/nelly-garcia-carta-del-editor.jpg","twitter_creator":"@Latitud21mx","twitter_site":"@Latitud21mx","twitter_misc":{"Escrito por":"ahernandez@latitud21.com.mx","Tiempo de lectura":"2 minutos"},"schema":{"@context":"https:\/\/schema.org","@graph":[{"@type":"Article","@id":"https:\/\/l21.mx\/?p=53960#article","isPartOf":{"@id":"https:\/\/l21.mx\/?p=53960"},"author":{"name":"ahernandez@latitud21.com.mx","@id":"https:\/\/l21.mx\/#\/schema\/person\/b3cb342bb947a88e1fc27e05770479da"},"headline":"Los desaf\u00edos\u00a0son a diario","datePublished":"2023-03-01T22:43:50+00:00","mainEntityOfPage":{"@id":"https:\/\/l21.mx\/?p=53960"},"wordCount":469,"publisher":{"@id":"https:\/\/l21.mx\/#organization"},"image":{"@id":"https:\/\/l21.mx\/?p=53960#primaryimage"},"thumbnailUrl":"https:\/\/l21.mx\/wp-content\/uploads\/2021\/04\/nelly-garcia-carta-del-editor.jpg","articleSection":["Nelly Garc\u00eda"],"inLanguage":"es"},{"@type":"WebPage","@id":"https:\/\/l21.mx\/?p=53960","url":"https:\/\/l21.mx\/?p=53960","name":"Los desaf\u00edos\u00a0son a diario | Revista Latitud 21","isPartOf":{"@id":"https:\/\/l21.mx\/#website"},"primaryImageOfPage":{"@id":"https:\/\/l21.mx\/?p=53960#primaryimage"},"image":{"@id":"https:\/\/l21.mx\/?p=53960#primaryimage"},"thumbnailUrl":"https:\/\/l21.mx\/wp-content\/uploads\/2021\/04\/nelly-garcia-carta-del-editor.jpg","datePublished":"2023-03-01T22:43:50+00:00","description":"L21, Emprendedores y Negocios en el Caribe Mexicano, es la revista l\u00edder entre el Sector Empresarial y Tur\u00edstico del Caribe Mexicano.","breadcrumb":{"@id":"https:\/\/l21.mx\/?p=53960#breadcrumb"},"inLanguage":"es","potentialAction":[{"@type":"ReadAction","target":["https:\/\/l21.mx\/?p=53960"]}]},{"@type":"ImageObject","inLanguage":"es","@id":"https:\/\/l21.mx\/?p=53960#primaryimage","url":"https:\/\/l21.mx\/wp-content\/uploads\/2021\/04\/nelly-garcia-carta-del-editor.jpg","contentUrl":"https:\/\/l21.mx\/wp-content\/uploads\/2021\/04\/nelly-garcia-carta-del-editor.jpg","width":900,"height":599},{"@type":"BreadcrumbList","@id":"https:\/\/l21.mx\/?p=53960#breadcrumb","itemListElement":[{"@type":"ListItem","position":1,"name":"Portada","item":"https:\/\/l21.mx\/"},{"@type":"ListItem","position":2,"name":"Los desaf\u00edos\u00a0son a diario"}]},{"@type":"WebSite","@id":"https:\/\/l21.mx\/#website","url":"https:\/\/l21.mx\/","name":"Revista Latitud 21","description":"Emprendedores  y negocios en el Caribe Mexicano","publisher":{"@id":"https:\/\/l21.mx\/#organization"},"potentialAction":[{"@type":"SearchAction","target":{"@type":"EntryPoint","urlTemplate":"https:\/\/l21.mx\/?s={search_term_string}"},"query-input":{"@type":"PropertyValueSpecification","valueRequired":true,"valueName":"search_term_string"}}],"inLanguage":"es"},{"@type":"Organization","@id":"https:\/\/l21.mx\/#organization","name":"Grupo Editorial Latitud 21 SA de CV","url":"https:\/\/l21.mx\/","logo":{"@type":"ImageObject","inLanguage":"es","@id":"https:\/\/l21.mx\/#\/schema\/logo\/image\/","url":"https:\/\/l21.mx\/wp-content\/uploads\/2020\/10\/logo-l21-baja.jpg","contentUrl":"https:\/\/l21.mx\/wp-content\/uploads\/2020\/10\/logo-l21-baja.jpg","width":250,"height":250,"caption":"Grupo Editorial Latitud 21 SA de CV"},"image":{"@id":"https:\/\/l21.mx\/#\/schema\/logo\/image\/"},"sameAs":["https:\/\/www.facebook.com\/RevistaLatitud21\/","https:\/\/x.com\/Latitud21mx"]},{"@type":"Person","@id":"https:\/\/l21.mx\/#\/schema\/person\/b3cb342bb947a88e1fc27e05770479da","name":"ahernandez@latitud21.com.mx","url":"https:\/\/l21.mx\/?author=95"}]}},"amp_enabled":true,"_links":{"self":[{"href":"https:\/\/l21.mx\/index.php?rest_route=\/wp\/v2\/posts\/53960","targetHints":{"allow":["GET"]}}],"collection":[{"href":"https:\/\/l21.mx\/index.php?rest_route=\/wp\/v2\/posts"}],"about":[{"href":"https:\/\/l21.mx\/index.php?rest_route=\/wp\/v2\/types\/post"}],"author":[{"embeddable":true,"href":"https:\/\/l21.mx\/index.php?rest_route=\/wp\/v2\/users\/95"}],"replies":[{"embeddable":true,"href":"https:\/\/l21.mx\/index.php?rest_route=%2Fwp%2Fv2%2Fcomments&post=53960"}],"version-history":[{"count":1,"href":"https:\/\/l21.mx\/index.php?rest_route=\/wp\/v2\/posts\/53960\/revisions"}],"predecessor-version":[{"id":53961,"href":"https:\/\/l21.mx\/index.php?rest_route=\/wp\/v2\/posts\/53960\/revisions\/53961"}],"wp:featuredmedia":[{"embeddable":true,"href":"https:\/\/l21.mx\/index.php?rest_route=\/wp\/v2\/media\/46181"}],"wp:attachment":[{"href":"https:\/\/l21.mx\/index.php?rest_route=%2Fwp%2Fv2%2Fmedia&parent=53960"}],"wp:term":[{"taxonomy":"category","embeddable":true,"href":"https:\/\/l21.mx\/index.php?rest_route=%2Fwp%2Fv2%2Fcategories&post=53960"},{"taxonomy":"post_tag","embeddable":true,"href":"https:\/\/l21.mx\/index.php?rest_route=%2Fwp%2Fv2%2Ftags&post=53960"}],"curies":[{"name":"wp","href":"https:\/\/api.w.org\/{rel}","templated":true}]}}