{"id":53964,"date":"2023-03-01T17:44:55","date_gmt":"2023-03-01T22:44:55","guid":{"rendered":"https:\/\/l21.mx\/?p=53964"},"modified":"2023-03-01T17:44:55","modified_gmt":"2023-03-01T22:44:55","slug":"el-plan-b-y-quintana-roo","status":"publish","type":"post","link":"https:\/\/l21.mx\/?p=53964","title":{"rendered":"El Plan B\u00a0y Quintana Roo"},"content":{"rendered":"<ul>\n<li>Carta del Director<\/li>\n<li><b>Amador Guti\u00e9rrez Guigui<\/b><\/li>\n<li>agutierrez@latitud21.com.mx<\/li>\n<li><span class=\"Apple-converted-space\">\u00a0<\/span>@AmadorG_G<\/li>\n<\/ul>\n<p>&nbsp;<\/p>\n<p>El Senado de la Rep\u00fablica, con una mayor\u00eda autom\u00e1tica conformada por Morena, PT y PVEM, aprob\u00f3 el llamado \u201cplan B\u201d de la reforma electoral que fue impulsada desde Palacio Nacional y aprobada por la mayor\u00eda oficialista en el Congreso en diciembre. El \u00e1rbitro electoral ha advertido que los cambios legales merman su autonom\u00eda y capacidades para organizar los comicios de este a\u00f1o -en los que se renovar\u00e1n dos gubernaturas- y de 2024, cuando se llevar\u00e1n a cabo unas elecciones presidenciales y legislativas sin precedentes. Tambi\u00e9n se\u00f1ala que las reformas favorecen que los funcionarios gubernamentales usen recursos p\u00fablicos para promover su imagen (prohibido actualmente por la Constituci\u00f3n) y eso desequilibra la contienda.<\/p>\n<p>Ahora, que no se podr\u00e1 considerar propaganda gubernamental las \u201cmanifestaciones\u201d de los funcionarios \u201cen uso de su libertad de expresi\u00f3n\u201d, los partidos de la oposici\u00f3n advierten que con esta reforma se pretende que tanto L\u00f3pez Obrador como los cuatro aspirantes presidenciales de Morena -servidores p\u00fablicos en funciones- puedan usar recursos del erario para incidir en las elecciones o hacer campa\u00f1a anticipada, en detrimento del resto de sus competidores.<span class=\"Apple-converted-space\">\u00a0<\/span><\/p>\n<p>En lo aprobado destacan tres temas:<\/p>\n<p>El primero, consiste en una muy necesaria ampliaci\u00f3n de derechos pol\u00edticos; se fortalece la participaci\u00f3n pol\u00edtica de la ciudadan\u00eda. Como ejemplos, se garantiza el voto de las personas en prisi\u00f3n preventiva y de las personas con discapacidad en estado de postraci\u00f3n. Tambi\u00e9n se obliga a que las candidaturas contengan f\u00f3rmulas de j\u00f3venes, ind\u00edgenas, afromexicanos, personas de diversidad sexual y migrantes. Adem\u00e1s, se simplifica el voto de los mexicanos residentes en el extranjero.<span class=\"Apple-converted-space\">\u00a0<\/span><\/p>\n<p>El tema m\u00e1s pol\u00e9mico es el segundo, relativo a la reestructura y reorganizaci\u00f3n de las autoridades que conforman un nuevo \u201csistema nacional electoral\u201d. Estas disposiciones buscan reposicionar al INE, con menos autoridad, menos recursos, menos estructura, pero con las mismas funciones. Se desaparecen \u00e1reas con el argumento de la austeridad, sin mencionar las actividades que realizan y sin que haya un diagn\u00f3stico de c\u00f3mo se seguir\u00e1n llevando a cabo con menos.<\/p>\n<p>Al INE se le quiere delgado, pero tambi\u00e9n sin dientes. Este punto puede estar cayendo en una violaci\u00f3n a su naturaleza de \u00f3rgano constitucional aut\u00f3nomo y se pone en peligro las elecciones, convirti\u00e9ndolas en procesos menos \u00e1giles, menos eficaces, menos incluyentes menos transparentes, menos cercanos y probablemente con resultados muy distintos.<\/p>\n<p>El tercer tema, dedicado a la justicia electoral, contiene tambi\u00e9n algunos elementos de racionalidad no menor, pero sin caer en la posici\u00f3n radical que se propone para las autoridades administrativas. Se le intenta condicionar su funcionamiento. al restringir que toque la autoorganizaci\u00f3n y autodeterminaci\u00f3n de los partidos.<\/p>\n<p>Esto ha impactado en Quintana Roo, ya que se ha visto el atraso por parte de la Secretar\u00eda de Planeaci\u00f3n y Finanzas como una estrategia de dejar sin margen de maniobra a los organismos aut\u00f3nomos y ahora regatear a los partidos pol\u00edticos las prerrogativas que por ley les corresponden.<\/p>\n<p>Es inadmisible que el Ieqroo no cuente con su presupuesto en tiempo y forma y que ahora se pretenda \u201ccastigar\u201d a los partidos con el dinero p\u00fablico de los contribuyentes y que se est\u00e1 administrando de manera particular por el gobierno del Estado.<\/p>\n<p>Las diferentes manifestaciones que concentraron a un muy buen n\u00famero de ciudadanos demostraron que el llamado plan B no cuenta con un respaldo un\u00e1nime de los ciudadanos. Ahora la decisi\u00f3n la tiene la SCJN que ha recibido acciones de inconstitucionalidad de parte del INE y diversos partidos pol\u00edticos por considerar que se pone en peligro la democracia en nuestro pa\u00eds, y en Quintana Roo en consecuencia.<span class=\"Apple-converted-space\">\u00a0 \u00a0<\/span><\/p>\n","protected":false},"excerpt":{"rendered":"<p>Carta del Director Amador Guti\u00e9rrez Guigui agutierrez@latitud21.com.mx \u00a0@AmadorG_G &nbsp; El Senado de la Rep\u00fablica, con una&hellip;<\/p>\n","protected":false},"author":95,"featured_media":46179,"comment_status":"closed","ping_status":"closed","sticky":false,"template":"","format":"standard","meta":{"_acf_changed":false,"_lmt_disableupdate":"","_lmt_disable":"","_mbp_gutenberg_autopost":false,"footnotes":""},"categories":[670],"tags":[],"class_list":["post-53964","post","type-post","status-publish","format-standard","has-post-thumbnail","hentry","category-amador-gutierrez"],"acf":[],"yoast_head":"<!-- This site is optimized with the Yoast SEO plugin v27.3 - https:\/\/yoast.com\/product\/yoast-seo-wordpress\/ -->\n<title>El Plan B\u00a0y Quintana Roo | Revista Latitud 21<\/title>\n<meta name=\"description\" content=\"L21, Emprendedores y Negocios en el Caribe Mexicano, es la revista l\u00edder entre el Sector Empresarial y Tur\u00edstico del Caribe Mexicano.\" \/>\n<meta name=\"robots\" content=\"index, follow, max-snippet:-1, max-image-preview:large, max-video-preview:-1\" \/>\n<link rel=\"canonical\" href=\"https:\/\/l21.mx\/?p=53964\" \/>\n<meta name=\"twitter:card\" content=\"summary_large_image\" \/>\n<meta name=\"twitter:title\" content=\"El Plan B\u00a0y Quintana Roo | Revista Latitud 21\" \/>\n<meta name=\"twitter:description\" content=\"L21, Emprendedores y Negocios en el Caribe Mexicano, es la revista l\u00edder entre el Sector Empresarial y Tur\u00edstico del Caribe Mexicano.\" \/>\n<meta name=\"twitter:image\" content=\"https:\/\/l21.mx\/wp-content\/uploads\/2021\/04\/amador-gutierrez-carta-del-director.jpg\" \/>\n<meta name=\"twitter:creator\" content=\"@Latitud21mx\" \/>\n<meta name=\"twitter:site\" content=\"@Latitud21mx\" \/>\n<meta name=\"twitter:label1\" content=\"Escrito por\" \/>\n\t<meta name=\"twitter:data1\" content=\"ahernandez@latitud21.com.mx\" \/>\n\t<meta name=\"twitter:label2\" content=\"Tiempo de lectura\" \/>\n\t<meta name=\"twitter:data2\" content=\"3 minutos\" \/>\n<script type=\"application\/ld+json\" class=\"yoast-schema-graph\">{\"@context\":\"https:\\\/\\\/schema.org\",\"@graph\":[{\"@type\":\"Article\",\"@id\":\"https:\\\/\\\/l21.mx\\\/?p=53964#article\",\"isPartOf\":{\"@id\":\"https:\\\/\\\/l21.mx\\\/?p=53964\"},\"author\":{\"name\":\"ahernandez@latitud21.com.mx\",\"@id\":\"https:\\\/\\\/l21.mx\\\/#\\\/schema\\\/person\\\/b3cb342bb947a88e1fc27e05770479da\"},\"headline\":\"El Plan B\u00a0y Quintana Roo\",\"datePublished\":\"2023-03-01T22:44:55+00:00\",\"mainEntityOfPage\":{\"@id\":\"https:\\\/\\\/l21.mx\\\/?p=53964\"},\"wordCount\":656,\"publisher\":{\"@id\":\"https:\\\/\\\/l21.mx\\\/#organization\"},\"image\":{\"@id\":\"https:\\\/\\\/l21.mx\\\/?p=53964#primaryimage\"},\"thumbnailUrl\":\"https:\\\/\\\/l21.mx\\\/wp-content\\\/uploads\\\/2021\\\/04\\\/amador-gutierrez-carta-del-director.jpg\",\"articleSection\":[\"Amador Guti\u00e9rrez Guigui\"],\"inLanguage\":\"es\"},{\"@type\":\"WebPage\",\"@id\":\"https:\\\/\\\/l21.mx\\\/?p=53964\",\"url\":\"https:\\\/\\\/l21.mx\\\/?p=53964\",\"name\":\"El Plan B\u00a0y Quintana Roo | Revista Latitud 21\",\"isPartOf\":{\"@id\":\"https:\\\/\\\/l21.mx\\\/#website\"},\"primaryImageOfPage\":{\"@id\":\"https:\\\/\\\/l21.mx\\\/?p=53964#primaryimage\"},\"image\":{\"@id\":\"https:\\\/\\\/l21.mx\\\/?p=53964#primaryimage\"},\"thumbnailUrl\":\"https:\\\/\\\/l21.mx\\\/wp-content\\\/uploads\\\/2021\\\/04\\\/amador-gutierrez-carta-del-director.jpg\",\"datePublished\":\"2023-03-01T22:44:55+00:00\",\"description\":\"L21, Emprendedores y Negocios en el Caribe Mexicano, es la revista l\u00edder entre el Sector Empresarial y Tur\u00edstico del Caribe Mexicano.\",\"breadcrumb\":{\"@id\":\"https:\\\/\\\/l21.mx\\\/?p=53964#breadcrumb\"},\"inLanguage\":\"es\",\"potentialAction\":[{\"@type\":\"ReadAction\",\"target\":[\"https:\\\/\\\/l21.mx\\\/?p=53964\"]}]},{\"@type\":\"ImageObject\",\"inLanguage\":\"es\",\"@id\":\"https:\\\/\\\/l21.mx\\\/?p=53964#primaryimage\",\"url\":\"https:\\\/\\\/l21.mx\\\/wp-content\\\/uploads\\\/2021\\\/04\\\/amador-gutierrez-carta-del-director.jpg\",\"contentUrl\":\"https:\\\/\\\/l21.mx\\\/wp-content\\\/uploads\\\/2021\\\/04\\\/amador-gutierrez-carta-del-director.jpg\",\"width\":900,\"height\":599},{\"@type\":\"BreadcrumbList\",\"@id\":\"https:\\\/\\\/l21.mx\\\/?p=53964#breadcrumb\",\"itemListElement\":[{\"@type\":\"ListItem\",\"position\":1,\"name\":\"Portada\",\"item\":\"https:\\\/\\\/l21.mx\\\/\"},{\"@type\":\"ListItem\",\"position\":2,\"name\":\"El Plan B\u00a0y Quintana Roo\"}]},{\"@type\":\"WebSite\",\"@id\":\"https:\\\/\\\/l21.mx\\\/#website\",\"url\":\"https:\\\/\\\/l21.mx\\\/\",\"name\":\"Revista Latitud 21\",\"description\":\"Emprendedores  y negocios en el Caribe Mexicano\",\"publisher\":{\"@id\":\"https:\\\/\\\/l21.mx\\\/#organization\"},\"potentialAction\":[{\"@type\":\"SearchAction\",\"target\":{\"@type\":\"EntryPoint\",\"urlTemplate\":\"https:\\\/\\\/l21.mx\\\/?s={search_term_string}\"},\"query-input\":{\"@type\":\"PropertyValueSpecification\",\"valueRequired\":true,\"valueName\":\"search_term_string\"}}],\"inLanguage\":\"es\"},{\"@type\":\"Organization\",\"@id\":\"https:\\\/\\\/l21.mx\\\/#organization\",\"name\":\"Grupo Editorial Latitud 21 SA de CV\",\"url\":\"https:\\\/\\\/l21.mx\\\/\",\"logo\":{\"@type\":\"ImageObject\",\"inLanguage\":\"es\",\"@id\":\"https:\\\/\\\/l21.mx\\\/#\\\/schema\\\/logo\\\/image\\\/\",\"url\":\"https:\\\/\\\/l21.mx\\\/wp-content\\\/uploads\\\/2020\\\/10\\\/logo-l21-baja.jpg\",\"contentUrl\":\"https:\\\/\\\/l21.mx\\\/wp-content\\\/uploads\\\/2020\\\/10\\\/logo-l21-baja.jpg\",\"width\":250,\"height\":250,\"caption\":\"Grupo Editorial Latitud 21 SA de CV\"},\"image\":{\"@id\":\"https:\\\/\\\/l21.mx\\\/#\\\/schema\\\/logo\\\/image\\\/\"},\"sameAs\":[\"https:\\\/\\\/www.facebook.com\\\/RevistaLatitud21\\\/\",\"https:\\\/\\\/x.com\\\/Latitud21mx\"]},{\"@type\":\"Person\",\"@id\":\"https:\\\/\\\/l21.mx\\\/#\\\/schema\\\/person\\\/b3cb342bb947a88e1fc27e05770479da\",\"name\":\"ahernandez@latitud21.com.mx\",\"url\":\"https:\\\/\\\/l21.mx\\\/?author=95\"}]}<\/script>\n<!-- \/ Yoast SEO plugin. -->","yoast_head_json":{"title":"El Plan B\u00a0y Quintana Roo | Revista Latitud 21","description":"L21, Emprendedores y Negocios en el Caribe Mexicano, es la revista l\u00edder entre el Sector Empresarial y Tur\u00edstico del Caribe Mexicano.","robots":{"index":"index","follow":"follow","max-snippet":"max-snippet:-1","max-image-preview":"max-image-preview:large","max-video-preview":"max-video-preview:-1"},"canonical":"https:\/\/l21.mx\/?p=53964","twitter_card":"summary_large_image","twitter_title":"El Plan B\u00a0y Quintana Roo | Revista Latitud 21","twitter_description":"L21, Emprendedores y Negocios en el Caribe Mexicano, es la revista l\u00edder entre el Sector Empresarial y Tur\u00edstico del Caribe Mexicano.","twitter_image":"https:\/\/l21.mx\/wp-content\/uploads\/2021\/04\/amador-gutierrez-carta-del-director.jpg","twitter_creator":"@Latitud21mx","twitter_site":"@Latitud21mx","twitter_misc":{"Escrito por":"ahernandez@latitud21.com.mx","Tiempo de lectura":"3 minutos"},"schema":{"@context":"https:\/\/schema.org","@graph":[{"@type":"Article","@id":"https:\/\/l21.mx\/?p=53964#article","isPartOf":{"@id":"https:\/\/l21.mx\/?p=53964"},"author":{"name":"ahernandez@latitud21.com.mx","@id":"https:\/\/l21.mx\/#\/schema\/person\/b3cb342bb947a88e1fc27e05770479da"},"headline":"El Plan B\u00a0y Quintana Roo","datePublished":"2023-03-01T22:44:55+00:00","mainEntityOfPage":{"@id":"https:\/\/l21.mx\/?p=53964"},"wordCount":656,"publisher":{"@id":"https:\/\/l21.mx\/#organization"},"image":{"@id":"https:\/\/l21.mx\/?p=53964#primaryimage"},"thumbnailUrl":"https:\/\/l21.mx\/wp-content\/uploads\/2021\/04\/amador-gutierrez-carta-del-director.jpg","articleSection":["Amador Guti\u00e9rrez Guigui"],"inLanguage":"es"},{"@type":"WebPage","@id":"https:\/\/l21.mx\/?p=53964","url":"https:\/\/l21.mx\/?p=53964","name":"El Plan B\u00a0y Quintana Roo | Revista Latitud 21","isPartOf":{"@id":"https:\/\/l21.mx\/#website"},"primaryImageOfPage":{"@id":"https:\/\/l21.mx\/?p=53964#primaryimage"},"image":{"@id":"https:\/\/l21.mx\/?p=53964#primaryimage"},"thumbnailUrl":"https:\/\/l21.mx\/wp-content\/uploads\/2021\/04\/amador-gutierrez-carta-del-director.jpg","datePublished":"2023-03-01T22:44:55+00:00","description":"L21, Emprendedores y Negocios en el Caribe Mexicano, es la revista l\u00edder entre el Sector Empresarial y Tur\u00edstico del Caribe Mexicano.","breadcrumb":{"@id":"https:\/\/l21.mx\/?p=53964#breadcrumb"},"inLanguage":"es","potentialAction":[{"@type":"ReadAction","target":["https:\/\/l21.mx\/?p=53964"]}]},{"@type":"ImageObject","inLanguage":"es","@id":"https:\/\/l21.mx\/?p=53964#primaryimage","url":"https:\/\/l21.mx\/wp-content\/uploads\/2021\/04\/amador-gutierrez-carta-del-director.jpg","contentUrl":"https:\/\/l21.mx\/wp-content\/uploads\/2021\/04\/amador-gutierrez-carta-del-director.jpg","width":900,"height":599},{"@type":"BreadcrumbList","@id":"https:\/\/l21.mx\/?p=53964#breadcrumb","itemListElement":[{"@type":"ListItem","position":1,"name":"Portada","item":"https:\/\/l21.mx\/"},{"@type":"ListItem","position":2,"name":"El Plan B\u00a0y Quintana Roo"}]},{"@type":"WebSite","@id":"https:\/\/l21.mx\/#website","url":"https:\/\/l21.mx\/","name":"Revista Latitud 21","description":"Emprendedores  y negocios en el Caribe Mexicano","publisher":{"@id":"https:\/\/l21.mx\/#organization"},"potentialAction":[{"@type":"SearchAction","target":{"@type":"EntryPoint","urlTemplate":"https:\/\/l21.mx\/?s={search_term_string}"},"query-input":{"@type":"PropertyValueSpecification","valueRequired":true,"valueName":"search_term_string"}}],"inLanguage":"es"},{"@type":"Organization","@id":"https:\/\/l21.mx\/#organization","name":"Grupo Editorial Latitud 21 SA de CV","url":"https:\/\/l21.mx\/","logo":{"@type":"ImageObject","inLanguage":"es","@id":"https:\/\/l21.mx\/#\/schema\/logo\/image\/","url":"https:\/\/l21.mx\/wp-content\/uploads\/2020\/10\/logo-l21-baja.jpg","contentUrl":"https:\/\/l21.mx\/wp-content\/uploads\/2020\/10\/logo-l21-baja.jpg","width":250,"height":250,"caption":"Grupo Editorial Latitud 21 SA de CV"},"image":{"@id":"https:\/\/l21.mx\/#\/schema\/logo\/image\/"},"sameAs":["https:\/\/www.facebook.com\/RevistaLatitud21\/","https:\/\/x.com\/Latitud21mx"]},{"@type":"Person","@id":"https:\/\/l21.mx\/#\/schema\/person\/b3cb342bb947a88e1fc27e05770479da","name":"ahernandez@latitud21.com.mx","url":"https:\/\/l21.mx\/?author=95"}]}},"amp_enabled":true,"_links":{"self":[{"href":"https:\/\/l21.mx\/index.php?rest_route=\/wp\/v2\/posts\/53964","targetHints":{"allow":["GET"]}}],"collection":[{"href":"https:\/\/l21.mx\/index.php?rest_route=\/wp\/v2\/posts"}],"about":[{"href":"https:\/\/l21.mx\/index.php?rest_route=\/wp\/v2\/types\/post"}],"author":[{"embeddable":true,"href":"https:\/\/l21.mx\/index.php?rest_route=\/wp\/v2\/users\/95"}],"replies":[{"embeddable":true,"href":"https:\/\/l21.mx\/index.php?rest_route=%2Fwp%2Fv2%2Fcomments&post=53964"}],"version-history":[{"count":1,"href":"https:\/\/l21.mx\/index.php?rest_route=\/wp\/v2\/posts\/53964\/revisions"}],"predecessor-version":[{"id":53965,"href":"https:\/\/l21.mx\/index.php?rest_route=\/wp\/v2\/posts\/53964\/revisions\/53965"}],"wp:featuredmedia":[{"embeddable":true,"href":"https:\/\/l21.mx\/index.php?rest_route=\/wp\/v2\/media\/46179"}],"wp:attachment":[{"href":"https:\/\/l21.mx\/index.php?rest_route=%2Fwp%2Fv2%2Fmedia&parent=53964"}],"wp:term":[{"taxonomy":"category","embeddable":true,"href":"https:\/\/l21.mx\/index.php?rest_route=%2Fwp%2Fv2%2Fcategories&post=53964"},{"taxonomy":"post_tag","embeddable":true,"href":"https:\/\/l21.mx\/index.php?rest_route=%2Fwp%2Fv2%2Ftags&post=53964"}],"curies":[{"name":"wp","href":"https:\/\/api.w.org\/{rel}","templated":true}]}}