{"id":54071,"date":"2023-03-02T09:24:12","date_gmt":"2023-03-02T14:24:12","guid":{"rendered":"https:\/\/l21.mx\/?p=54071"},"modified":"2023-03-02T09:24:12","modified_gmt":"2023-03-02T14:24:12","slug":"mzo-17-al-19-convencion-de-canonismo","status":"publish","type":"post","link":"https:\/\/l21.mx\/?p=54071","title":{"rendered":"MZO 17 al 19 \u2022 Convenci\u00f3n\u00a0de ca\u00f1onismo"},"content":{"rendered":"<p>&nbsp;<\/p>\n<p><b>Por primera vez, Tabasco ser\u00e1 sede de la Convenci\u00f3n Internacional de Ca\u00f1onismo. Con motivo del evento, estar\u00e1n en la entidad m\u00e1s de 100 expertos en esa actividad, para conocer Agua Selva, Huimanguillo.<\/b><\/p>\n<p><b>Los organizadores destacaron que Tabasco es un destino que tiene todos los elementos para llevar a cabo este evento, y ayudar\u00e1 a que Tabasco sea conocido internacionalmente tambi\u00e9n por permitir esta actividad tur\u00edstica de riesgo. Adicionalmente, estas rutas van a quedar montadas para que los prestadores de servicios locales puedan hacer este tipo de eventos todo el a\u00f1o, no solamente durante la convenci\u00f3n.<span class=\"Apple-converted-space\">\u00a0<\/span><\/b><\/p>\n","protected":false},"excerpt":{"rendered":"<p>&nbsp; Por primera vez, Tabasco ser\u00e1 sede de la Convenci\u00f3n Internacional de Ca\u00f1onismo. Con motivo del&hellip;<\/p>\n","protected":false},"author":95,"featured_media":54046,"comment_status":"closed","ping_status":"closed","sticky":false,"template":"","format":"standard","meta":{"_acf_changed":false,"_lmt_disableupdate":"","_lmt_disable":"","_mbp_gutenberg_autopost":false,"footnotes":""},"categories":[476],"tags":[],"class_list":["post-54071","post","type-post","status-publish","format-standard","has-post-thumbnail","hentry","category-agenda"],"acf":[],"yoast_head":"<!-- This site is optimized with the Yoast SEO plugin v27.3 - https:\/\/yoast.com\/product\/yoast-seo-wordpress\/ -->\n<title>MZO 17 al 19 \u2022 Convenci\u00f3n\u00a0de ca\u00f1onismo | Revista Latitud 21<\/title>\n<meta name=\"description\" content=\"L21, Emprendedores y Negocios en el Caribe Mexicano, es la revista l\u00edder entre el Sector Empresarial y Tur\u00edstico del Caribe Mexicano.\" \/>\n<meta name=\"robots\" content=\"index, follow, max-snippet:-1, max-image-preview:large, max-video-preview:-1\" \/>\n<link rel=\"canonical\" href=\"https:\/\/l21.mx\/?p=54071\" \/>\n<meta name=\"twitter:card\" content=\"summary_large_image\" \/>\n<meta name=\"twitter:title\" content=\"MZO 17 al 19 \u2022 Convenci\u00f3n\u00a0de ca\u00f1onismo | Revista Latitud 21\" \/>\n<meta name=\"twitter:description\" content=\"L21, Emprendedores y Negocios en el Caribe Mexicano, es la revista l\u00edder entre el Sector Empresarial y Tur\u00edstico del Caribe Mexicano.\" \/>\n<meta name=\"twitter:image\" content=\"https:\/\/l21.mx\/wp-content\/uploads\/2023\/03\/convencion-canonismo.jpg\" \/>\n<meta name=\"twitter:creator\" content=\"@Latitud21mx\" \/>\n<meta name=\"twitter:site\" content=\"@Latitud21mx\" \/>\n<meta name=\"twitter:label1\" content=\"Escrito por\" \/>\n\t<meta name=\"twitter:data1\" content=\"ahernandez@latitud21.com.mx\" \/>\n\t<meta name=\"twitter:label2\" content=\"Tiempo de lectura\" \/>\n\t<meta name=\"twitter:data2\" content=\"1 minuto\" \/>\n<script type=\"application\/ld+json\" class=\"yoast-schema-graph\">{\"@context\":\"https:\\\/\\\/schema.org\",\"@graph\":[{\"@type\":\"Article\",\"@id\":\"https:\\\/\\\/l21.mx\\\/?p=54071#article\",\"isPartOf\":{\"@id\":\"https:\\\/\\\/l21.mx\\\/?p=54071\"},\"author\":{\"name\":\"ahernandez@latitud21.com.mx\",\"@id\":\"https:\\\/\\\/l21.mx\\\/#\\\/schema\\\/person\\\/b3cb342bb947a88e1fc27e05770479da\"},\"headline\":\"MZO 17 al 19 \u2022 Convenci\u00f3n\u00a0de ca\u00f1onismo\",\"datePublished\":\"2023-03-02T14:24:12+00:00\",\"mainEntityOfPage\":{\"@id\":\"https:\\\/\\\/l21.mx\\\/?p=54071\"},\"wordCount\":110,\"publisher\":{\"@id\":\"https:\\\/\\\/l21.mx\\\/#organization\"},\"image\":{\"@id\":\"https:\\\/\\\/l21.mx\\\/?p=54071#primaryimage\"},\"thumbnailUrl\":\"https:\\\/\\\/l21.mx\\\/wp-content\\\/uploads\\\/2023\\\/03\\\/convencion-canonismo.jpg\",\"articleSection\":[\"Agenda\"],\"inLanguage\":\"es\"},{\"@type\":\"WebPage\",\"@id\":\"https:\\\/\\\/l21.mx\\\/?p=54071\",\"url\":\"https:\\\/\\\/l21.mx\\\/?p=54071\",\"name\":\"MZO 17 al 19 \u2022 Convenci\u00f3n\u00a0de ca\u00f1onismo | Revista Latitud 21\",\"isPartOf\":{\"@id\":\"https:\\\/\\\/l21.mx\\\/#website\"},\"primaryImageOfPage\":{\"@id\":\"https:\\\/\\\/l21.mx\\\/?p=54071#primaryimage\"},\"image\":{\"@id\":\"https:\\\/\\\/l21.mx\\\/?p=54071#primaryimage\"},\"thumbnailUrl\":\"https:\\\/\\\/l21.mx\\\/wp-content\\\/uploads\\\/2023\\\/03\\\/convencion-canonismo.jpg\",\"datePublished\":\"2023-03-02T14:24:12+00:00\",\"description\":\"L21, Emprendedores y Negocios en el Caribe Mexicano, es la revista l\u00edder entre el Sector Empresarial y Tur\u00edstico del Caribe Mexicano.\",\"breadcrumb\":{\"@id\":\"https:\\\/\\\/l21.mx\\\/?p=54071#breadcrumb\"},\"inLanguage\":\"es\",\"potentialAction\":[{\"@type\":\"ReadAction\",\"target\":[\"https:\\\/\\\/l21.mx\\\/?p=54071\"]}]},{\"@type\":\"ImageObject\",\"inLanguage\":\"es\",\"@id\":\"https:\\\/\\\/l21.mx\\\/?p=54071#primaryimage\",\"url\":\"https:\\\/\\\/l21.mx\\\/wp-content\\\/uploads\\\/2023\\\/03\\\/convencion-canonismo.jpg\",\"contentUrl\":\"https:\\\/\\\/l21.mx\\\/wp-content\\\/uploads\\\/2023\\\/03\\\/convencion-canonismo.jpg\",\"width\":1500,\"height\":1125},{\"@type\":\"BreadcrumbList\",\"@id\":\"https:\\\/\\\/l21.mx\\\/?p=54071#breadcrumb\",\"itemListElement\":[{\"@type\":\"ListItem\",\"position\":1,\"name\":\"Portada\",\"item\":\"https:\\\/\\\/l21.mx\\\/\"},{\"@type\":\"ListItem\",\"position\":2,\"name\":\"MZO 17 al 19 \u2022 Convenci\u00f3n\u00a0de ca\u00f1onismo\"}]},{\"@type\":\"WebSite\",\"@id\":\"https:\\\/\\\/l21.mx\\\/#website\",\"url\":\"https:\\\/\\\/l21.mx\\\/\",\"name\":\"Revista Latitud 21\",\"description\":\"Emprendedores  y negocios en el Caribe Mexicano\",\"publisher\":{\"@id\":\"https:\\\/\\\/l21.mx\\\/#organization\"},\"potentialAction\":[{\"@type\":\"SearchAction\",\"target\":{\"@type\":\"EntryPoint\",\"urlTemplate\":\"https:\\\/\\\/l21.mx\\\/?s={search_term_string}\"},\"query-input\":{\"@type\":\"PropertyValueSpecification\",\"valueRequired\":true,\"valueName\":\"search_term_string\"}}],\"inLanguage\":\"es\"},{\"@type\":\"Organization\",\"@id\":\"https:\\\/\\\/l21.mx\\\/#organization\",\"name\":\"Grupo Editorial Latitud 21 SA de CV\",\"url\":\"https:\\\/\\\/l21.mx\\\/\",\"logo\":{\"@type\":\"ImageObject\",\"inLanguage\":\"es\",\"@id\":\"https:\\\/\\\/l21.mx\\\/#\\\/schema\\\/logo\\\/image\\\/\",\"url\":\"https:\\\/\\\/l21.mx\\\/wp-content\\\/uploads\\\/2020\\\/10\\\/logo-l21-baja.jpg\",\"contentUrl\":\"https:\\\/\\\/l21.mx\\\/wp-content\\\/uploads\\\/2020\\\/10\\\/logo-l21-baja.jpg\",\"width\":250,\"height\":250,\"caption\":\"Grupo Editorial Latitud 21 SA de CV\"},\"image\":{\"@id\":\"https:\\\/\\\/l21.mx\\\/#\\\/schema\\\/logo\\\/image\\\/\"},\"sameAs\":[\"https:\\\/\\\/www.facebook.com\\\/RevistaLatitud21\\\/\",\"https:\\\/\\\/x.com\\\/Latitud21mx\"]},{\"@type\":\"Person\",\"@id\":\"https:\\\/\\\/l21.mx\\\/#\\\/schema\\\/person\\\/b3cb342bb947a88e1fc27e05770479da\",\"name\":\"ahernandez@latitud21.com.mx\",\"url\":\"https:\\\/\\\/l21.mx\\\/?author=95\"}]}<\/script>\n<!-- \/ Yoast SEO plugin. -->","yoast_head_json":{"title":"MZO 17 al 19 \u2022 Convenci\u00f3n\u00a0de ca\u00f1onismo | Revista Latitud 21","description":"L21, Emprendedores y Negocios en el Caribe Mexicano, es la revista l\u00edder entre el Sector Empresarial y Tur\u00edstico del Caribe Mexicano.","robots":{"index":"index","follow":"follow","max-snippet":"max-snippet:-1","max-image-preview":"max-image-preview:large","max-video-preview":"max-video-preview:-1"},"canonical":"https:\/\/l21.mx\/?p=54071","twitter_card":"summary_large_image","twitter_title":"MZO 17 al 19 \u2022 Convenci\u00f3n\u00a0de ca\u00f1onismo | Revista Latitud 21","twitter_description":"L21, Emprendedores y Negocios en el Caribe Mexicano, es la revista l\u00edder entre el Sector Empresarial y Tur\u00edstico del Caribe Mexicano.","twitter_image":"https:\/\/l21.mx\/wp-content\/uploads\/2023\/03\/convencion-canonismo.jpg","twitter_creator":"@Latitud21mx","twitter_site":"@Latitud21mx","twitter_misc":{"Escrito por":"ahernandez@latitud21.com.mx","Tiempo de lectura":"1 minuto"},"schema":{"@context":"https:\/\/schema.org","@graph":[{"@type":"Article","@id":"https:\/\/l21.mx\/?p=54071#article","isPartOf":{"@id":"https:\/\/l21.mx\/?p=54071"},"author":{"name":"ahernandez@latitud21.com.mx","@id":"https:\/\/l21.mx\/#\/schema\/person\/b3cb342bb947a88e1fc27e05770479da"},"headline":"MZO 17 al 19 \u2022 Convenci\u00f3n\u00a0de ca\u00f1onismo","datePublished":"2023-03-02T14:24:12+00:00","mainEntityOfPage":{"@id":"https:\/\/l21.mx\/?p=54071"},"wordCount":110,"publisher":{"@id":"https:\/\/l21.mx\/#organization"},"image":{"@id":"https:\/\/l21.mx\/?p=54071#primaryimage"},"thumbnailUrl":"https:\/\/l21.mx\/wp-content\/uploads\/2023\/03\/convencion-canonismo.jpg","articleSection":["Agenda"],"inLanguage":"es"},{"@type":"WebPage","@id":"https:\/\/l21.mx\/?p=54071","url":"https:\/\/l21.mx\/?p=54071","name":"MZO 17 al 19 \u2022 Convenci\u00f3n\u00a0de ca\u00f1onismo | Revista Latitud 21","isPartOf":{"@id":"https:\/\/l21.mx\/#website"},"primaryImageOfPage":{"@id":"https:\/\/l21.mx\/?p=54071#primaryimage"},"image":{"@id":"https:\/\/l21.mx\/?p=54071#primaryimage"},"thumbnailUrl":"https:\/\/l21.mx\/wp-content\/uploads\/2023\/03\/convencion-canonismo.jpg","datePublished":"2023-03-02T14:24:12+00:00","description":"L21, Emprendedores y Negocios en el Caribe Mexicano, es la revista l\u00edder entre el Sector Empresarial y Tur\u00edstico del Caribe Mexicano.","breadcrumb":{"@id":"https:\/\/l21.mx\/?p=54071#breadcrumb"},"inLanguage":"es","potentialAction":[{"@type":"ReadAction","target":["https:\/\/l21.mx\/?p=54071"]}]},{"@type":"ImageObject","inLanguage":"es","@id":"https:\/\/l21.mx\/?p=54071#primaryimage","url":"https:\/\/l21.mx\/wp-content\/uploads\/2023\/03\/convencion-canonismo.jpg","contentUrl":"https:\/\/l21.mx\/wp-content\/uploads\/2023\/03\/convencion-canonismo.jpg","width":1500,"height":1125},{"@type":"BreadcrumbList","@id":"https:\/\/l21.mx\/?p=54071#breadcrumb","itemListElement":[{"@type":"ListItem","position":1,"name":"Portada","item":"https:\/\/l21.mx\/"},{"@type":"ListItem","position":2,"name":"MZO 17 al 19 \u2022 Convenci\u00f3n\u00a0de ca\u00f1onismo"}]},{"@type":"WebSite","@id":"https:\/\/l21.mx\/#website","url":"https:\/\/l21.mx\/","name":"Revista Latitud 21","description":"Emprendedores  y negocios en el Caribe Mexicano","publisher":{"@id":"https:\/\/l21.mx\/#organization"},"potentialAction":[{"@type":"SearchAction","target":{"@type":"EntryPoint","urlTemplate":"https:\/\/l21.mx\/?s={search_term_string}"},"query-input":{"@type":"PropertyValueSpecification","valueRequired":true,"valueName":"search_term_string"}}],"inLanguage":"es"},{"@type":"Organization","@id":"https:\/\/l21.mx\/#organization","name":"Grupo Editorial Latitud 21 SA de CV","url":"https:\/\/l21.mx\/","logo":{"@type":"ImageObject","inLanguage":"es","@id":"https:\/\/l21.mx\/#\/schema\/logo\/image\/","url":"https:\/\/l21.mx\/wp-content\/uploads\/2020\/10\/logo-l21-baja.jpg","contentUrl":"https:\/\/l21.mx\/wp-content\/uploads\/2020\/10\/logo-l21-baja.jpg","width":250,"height":250,"caption":"Grupo Editorial Latitud 21 SA de CV"},"image":{"@id":"https:\/\/l21.mx\/#\/schema\/logo\/image\/"},"sameAs":["https:\/\/www.facebook.com\/RevistaLatitud21\/","https:\/\/x.com\/Latitud21mx"]},{"@type":"Person","@id":"https:\/\/l21.mx\/#\/schema\/person\/b3cb342bb947a88e1fc27e05770479da","name":"ahernandez@latitud21.com.mx","url":"https:\/\/l21.mx\/?author=95"}]}},"amp_enabled":true,"_links":{"self":[{"href":"https:\/\/l21.mx\/index.php?rest_route=\/wp\/v2\/posts\/54071","targetHints":{"allow":["GET"]}}],"collection":[{"href":"https:\/\/l21.mx\/index.php?rest_route=\/wp\/v2\/posts"}],"about":[{"href":"https:\/\/l21.mx\/index.php?rest_route=\/wp\/v2\/types\/post"}],"author":[{"embeddable":true,"href":"https:\/\/l21.mx\/index.php?rest_route=\/wp\/v2\/users\/95"}],"replies":[{"embeddable":true,"href":"https:\/\/l21.mx\/index.php?rest_route=%2Fwp%2Fv2%2Fcomments&post=54071"}],"version-history":[{"count":1,"href":"https:\/\/l21.mx\/index.php?rest_route=\/wp\/v2\/posts\/54071\/revisions"}],"predecessor-version":[{"id":54072,"href":"https:\/\/l21.mx\/index.php?rest_route=\/wp\/v2\/posts\/54071\/revisions\/54072"}],"wp:featuredmedia":[{"embeddable":true,"href":"https:\/\/l21.mx\/index.php?rest_route=\/wp\/v2\/media\/54046"}],"wp:attachment":[{"href":"https:\/\/l21.mx\/index.php?rest_route=%2Fwp%2Fv2%2Fmedia&parent=54071"}],"wp:term":[{"taxonomy":"category","embeddable":true,"href":"https:\/\/l21.mx\/index.php?rest_route=%2Fwp%2Fv2%2Fcategories&post=54071"},{"taxonomy":"post_tag","embeddable":true,"href":"https:\/\/l21.mx\/index.php?rest_route=%2Fwp%2Fv2%2Ftags&post=54071"}],"curies":[{"name":"wp","href":"https:\/\/api.w.org\/{rel}","templated":true}]}}