{"id":54079,"date":"2023-03-02T09:28:45","date_gmt":"2023-03-02T14:28:45","guid":{"rendered":"https:\/\/l21.mx\/?p=54079"},"modified":"2023-03-02T09:28:45","modified_gmt":"2023-03-02T14:28:45","slug":"oficinas-de-alto-nivel","status":"publish","type":"post","link":"https:\/\/l21.mx\/?p=54079","title":{"rendered":"Oficinas de alto nivel"},"content":{"rendered":"<p>&nbsp;<\/p>\n<p><b>Z\u00e9nica ofrece la oportunidad de tener una experiencia corporativa<span class=\"Apple-converted-space\">\u00a0<\/span><\/b><\/p>\n<p><b>elegante y eficiente, con vistas privilegiadas de Canc\u00fan<\/b><\/p>\n<div data-sliderid=\"59670\" id=\"penci-post-gallery__59670\" class=\"penci-post-gallery-container justified column-3\" data-height=\"150\" data-margin=\"3\"><a class=\"penci-gallery-ite item-gallery-justified\" href=\"https:\/\/l21.mx\/wp-content\/uploads\/2023\/03\/Zenica-2.jpg\" data-rel=\"penci-gallery-image-content\" ><img decoding=\"async\" src=\"https:\/\/l21.mx\/wp-content\/uploads\/2023\/03\/Zenica-2-585x330.jpg\" alt=\"\" title=\"Zenica-(2)\"><\/a><a class=\"penci-gallery-ite item-gallery-justified\" href=\"https:\/\/l21.mx\/wp-content\/uploads\/2023\/03\/Zenica-3.jpg\" data-rel=\"penci-gallery-image-content\" ><img decoding=\"async\" src=\"https:\/\/l21.mx\/wp-content\/uploads\/2023\/03\/Zenica-3-585x589.jpg\" alt=\"\" title=\"Zenica-(3)\"><\/a><a class=\"penci-gallery-ite item-gallery-justified\" href=\"https:\/\/l21.mx\/wp-content\/uploads\/2023\/03\/Zenica-4.jpg\" data-rel=\"penci-gallery-image-content\" ><img decoding=\"async\" src=\"https:\/\/l21.mx\/wp-content\/uploads\/2023\/03\/Zenica-4-585x328.jpg\" alt=\"\" title=\"Zenica-(4)\"><\/a><a class=\"penci-gallery-ite item-gallery-justified\" href=\"https:\/\/l21.mx\/wp-content\/uploads\/2023\/03\/Zenica-5.jpg\" data-rel=\"penci-gallery-image-content\" ><img decoding=\"async\" src=\"https:\/\/l21.mx\/wp-content\/uploads\/2023\/03\/Zenica-5-585x587.jpg\" alt=\"\" title=\"Zenica-(5)\"><\/a><a class=\"penci-gallery-ite item-gallery-justified\" href=\"https:\/\/l21.mx\/wp-content\/uploads\/2023\/03\/Zenica-6.jpg\" data-rel=\"penci-gallery-image-content\" ><img decoding=\"async\" src=\"https:\/\/l21.mx\/wp-content\/uploads\/2023\/03\/Zenica-6-585x366.jpg\" alt=\"\" title=\"Zenica-(6)\"><\/a><a class=\"penci-gallery-ite item-gallery-justified\" href=\"https:\/\/l21.mx\/wp-content\/uploads\/2023\/03\/Zenica-7.jpg\" data-rel=\"penci-gallery-image-content\" ><img decoding=\"async\" src=\"https:\/\/l21.mx\/wp-content\/uploads\/2023\/03\/Zenica-7-585x438.jpg\" alt=\"\" title=\"Zenica-(7)\"><\/a><a class=\"penci-gallery-ite item-gallery-justified\" href=\"https:\/\/l21.mx\/wp-content\/uploads\/2023\/03\/Zenica-8.jpg\" data-rel=\"penci-gallery-image-content\" ><img decoding=\"async\" src=\"https:\/\/l21.mx\/wp-content\/uploads\/2023\/03\/Zenica-8-585x369.jpg\" alt=\"\" title=\"Zenica-(8)\"><\/a><\/div>\n<p><b>M<\/b>uy pronto Canc\u00fan contar\u00e1 con un edificio ic\u00f3nico y vanguardista, que enriquecer\u00e1 visualmente el paisaje urbano y albergar\u00e1 125 oficinas en un espacio ubicado estrat\u00e9gicamente. Se trata de Z\u00e9nica, cuyo dise\u00f1o arquitect\u00f3nico moderno, estructura impresionante y m\u00e1xima seguridad, son ideales para los empresarios que buscan lugares exclusivos y de muy alto nivel para su equipo cercano.<\/p>\n<p>Su concepto brinda un nodo de productividad y creatividad para negocios, recreaci\u00f3n, vida moderna y un sentido de comunidad.<\/p>\n<p>Bajo el sello del grupo desarrollador Terramundo, de Yucat\u00e1n, con m\u00e1s de 40 a\u00f1os de experiencia, el proyecto genera alrededor de 500 empleos directos.<\/p>\n<p>Gilberto Bola\u00f1os, director comercial del proyecto, explic\u00f3 que Z\u00e9nica surge para responder a la demanda del mercado, ante el crecimiento tan fuerte de la ciudad y de todo Quintana Roo.<span class=\"Apple-converted-space\">\u00a0 <\/span>\u201cNos enfocamos en un edificio que visualmente va a ser ic\u00f3nico, se va a ver desde todo Canc\u00fan. Todas las oficinas tienen vista, adem\u00e1s de terrazas con espacios para que la gente se d\u00e9 un respiro del trabajo y se inspire m\u00e1s. Para que las empresas que est\u00e9n aqu\u00ed retengan el talento o atraigan talento nuevo\u201d.<a href=\"https:\/\/l21.mx\/wp-content\/uploads\/2023\/03\/ETP_2811.jpg\" data-rel=\"penci-gallery-image-content\" ><img fetchpriority=\"high\" decoding=\"async\" class=\"aligncenter size-full wp-image-54088\" src=\"https:\/\/l21.mx\/wp-content\/uploads\/2023\/03\/ETP_2811.jpg\" alt=\"\" width=\"1500\" height=\"2250\" srcset=\"https:\/\/l21.mx\/wp-content\/uploads\/2023\/03\/ETP_2811.jpg 1500w, https:\/\/l21.mx\/wp-content\/uploads\/2023\/03\/ETP_2811-200x300.jpg 200w, https:\/\/l21.mx\/wp-content\/uploads\/2023\/03\/ETP_2811-683x1024.jpg 683w, https:\/\/l21.mx\/wp-content\/uploads\/2023\/03\/ETP_2811-768x1152.jpg 768w, https:\/\/l21.mx\/wp-content\/uploads\/2023\/03\/ETP_2811-1024x1536.jpg 1024w, https:\/\/l21.mx\/wp-content\/uploads\/2023\/03\/ETP_2811-1365x2048.jpg 1365w, https:\/\/l21.mx\/wp-content\/uploads\/2023\/03\/ETP_2811-600x900.jpg 600w, https:\/\/l21.mx\/wp-content\/uploads\/2023\/03\/ETP_2811-1170x1755.jpg 1170w, https:\/\/l21.mx\/wp-content\/uploads\/2023\/03\/ETP_2811-585x878.jpg 585w\" sizes=\"(max-width: 1500px) 100vw, 1500px\" \/><\/a><\/p>\n<p>Distribuci\u00f3n inteligente<\/p>\n<p>Detall\u00f3 que son ocho pisos, cada uno con sala de juntas; m\u00e1s de 400 cajones de estacionamiento; s\u00f3lo dos locales comerciales, y sobre todo, un lobby lujoso de doble altura; \u201cpara que reciban a los clientes con una imagen de alto nivel, adecuada, de lo mejor\u201d.<\/p>\n<p>La oficina m\u00e1s baja empieza a partir del piso 6, desde donde tienen vista hacia la laguna.<\/p>\n<p>Las medidas son desde 67 metros la m\u00e1s peque\u00f1a, hasta 130 las m\u00e1s grandes, pero como son m\u00f3dulos que se pueden juntar, un cliente potencial puede comprar todo un piso completo, son m\u00f3dulos que podemos ir juntando. \u201cDe entrada, ofrecemos dos pisos enteros para corporativo\u201d, coment\u00f3.<span class=\"Apple-converted-space\">\u00a0<\/span><\/p>\n<p>Por ahora est\u00e1n en preventa, as\u00ed que es muy buen momento para quien lo quiera como inversi\u00f3n.<\/p>\n<p>Cuentan com atractivos planes de financiamiento y por ahora el costo promedio del metro cuadrado es de 50 mil pesos; prev\u00e9n cerrar el pr\u00f3ximo a\u00f1o con un precio de 74 mil pesos.<\/p>\n<p>Moderno y bien ubicado<\/p>\n<p>Z\u00e9nica se ubica en la avenida Tulum, a 10 minutos del aeropuerto y muy cerca de agencias de autos, hoteles y hospitales; adem\u00e1s, el puente Nichupt\u00e9, que conectar\u00e1 el centro de Canc\u00fan con la zona hotelera, pasar\u00e1 muy cerca.<\/p>\n<p>La estructura est\u00e1 hecha de concreto prefabricado, lleva ya un 35% de avance, en talleres especiales donde empiezan a hacer las piezas, les dan forma seg\u00fan las especificaciones de los ingenieros. \u201cAqu\u00ed empezaron ya a hacer las cimentaciones y luego vendr\u00e1n los camiones a ensamblar todas las piezas, como si fueran legos\u201d, dijo.<span class=\"Apple-converted-space\">\u00a0<\/span><\/p>\n<p>El tipo de estructura permite una construcci\u00f3n muy r\u00e1pida, por lo que prev\u00e9n en junio del pr\u00f3ximo a\u00f1o entregar todos los acabados de las \u00e1reas comunes.<\/p>\n<p>Contar\u00e1n con seguridad las 24 horas, accesos controlados, con tecnolog\u00eda de huella digital; los autos entrar\u00e1n con c\u00f3digos para acceso y circuito cerrado de videovigilancia las 24 horas, adem\u00e1s de una caseta de vigilancia.<span class=\"Apple-converted-space\">\u00a0<\/span><\/p>\n<p><b><i>Roof top<\/i><\/b> espectacular, el gran diferenciador<\/p>\n<p>En la parte de arriba, el <i>roof top<\/i> incluye un \u00e1rea muy exclusiva con barra, servicio de cocina, para que los due\u00f1os de las oficinas hagan networking.<\/p>\n<p>Adem\u00e1s, un comedor-cafeter\u00eda para todo el edificio, terraza para tomar caf\u00e9, un gameroom con mesas de billar, ping pong y simulador de golf; \u201ccomo un centro de trabajo de Google, donde los empleados puedan distraerse\u201d, coment\u00f3 Gilberto.<\/p>\n<p>Para eventos corporativos de los propietarios, un sal\u00f3n de usos m\u00faltiples con capacidad de 190 personas en formato de mesas o hasta 290 en modalidad con podium y sillas.<span class=\"Apple-converted-space\">\u00a0<\/span> <span class=\"Apple-converted-space\">\u00a0<\/span><\/p>\n","protected":false},"excerpt":{"rendered":"<p>&nbsp; Z\u00e9nica ofrece la oportunidad de tener una experiencia corporativa\u00a0 elegante y eficiente, con vistas privilegiadas&hellip;<\/p>\n","protected":false},"author":95,"featured_media":54080,"comment_status":"closed","ping_status":"closed","sticky":false,"template":"","format":"standard","meta":{"_acf_changed":false,"_lmt_disableupdate":"","_lmt_disable":"","_mbp_gutenberg_autopost":false,"footnotes":""},"categories":[4,23],"tags":[],"class_list":["post-54079","post","type-post","status-publish","format-standard","has-post-thumbnail","hentry","category-empresas-y-negocios","category-noticias"],"acf":[],"yoast_head":"<!-- This site is optimized with the Yoast SEO plugin v27.3 - https:\/\/yoast.com\/product\/yoast-seo-wordpress\/ -->\n<title>Oficinas de alto nivel | Revista Latitud 21<\/title>\n<meta name=\"description\" content=\"L21, Emprendedores y Negocios en el Caribe Mexicano, es la revista l\u00edder entre el Sector Empresarial y Tur\u00edstico del Caribe Mexicano.\" \/>\n<meta name=\"robots\" content=\"index, follow, max-snippet:-1, max-image-preview:large, max-video-preview:-1\" \/>\n<link rel=\"canonical\" href=\"https:\/\/l21.mx\/?p=54079\" \/>\n<meta name=\"twitter:card\" content=\"summary_large_image\" \/>\n<meta name=\"twitter:title\" content=\"Oficinas de alto nivel | Revista Latitud 21\" \/>\n<meta name=\"twitter:description\" content=\"L21, Emprendedores y Negocios en el Caribe Mexicano, es la revista l\u00edder entre el Sector Empresarial y Tur\u00edstico del Caribe Mexicano.\" \/>\n<meta name=\"twitter:image\" content=\"https:\/\/l21.mx\/wp-content\/uploads\/2023\/03\/ETP_2813.jpg\" \/>\n<meta name=\"twitter:creator\" content=\"@Latitud21mx\" \/>\n<meta name=\"twitter:site\" content=\"@Latitud21mx\" \/>\n<meta name=\"twitter:label1\" content=\"Escrito por\" \/>\n\t<meta name=\"twitter:data1\" content=\"ahernandez@latitud21.com.mx\" \/>\n\t<meta name=\"twitter:label2\" content=\"Tiempo de lectura\" \/>\n\t<meta name=\"twitter:data2\" content=\"4 minutos\" \/>\n<script type=\"application\/ld+json\" class=\"yoast-schema-graph\">{\"@context\":\"https:\\\/\\\/schema.org\",\"@graph\":[{\"@type\":\"Article\",\"@id\":\"https:\\\/\\\/l21.mx\\\/?p=54079#article\",\"isPartOf\":{\"@id\":\"https:\\\/\\\/l21.mx\\\/?p=54079\"},\"author\":{\"name\":\"ahernandez@latitud21.com.mx\",\"@id\":\"https:\\\/\\\/l21.mx\\\/#\\\/schema\\\/person\\\/b3cb342bb947a88e1fc27e05770479da\"},\"headline\":\"Oficinas de alto nivel\",\"datePublished\":\"2023-03-02T14:28:45+00:00\",\"mainEntityOfPage\":{\"@id\":\"https:\\\/\\\/l21.mx\\\/?p=54079\"},\"wordCount\":663,\"publisher\":{\"@id\":\"https:\\\/\\\/l21.mx\\\/#organization\"},\"image\":{\"@id\":\"https:\\\/\\\/l21.mx\\\/?p=54079#primaryimage\"},\"thumbnailUrl\":\"https:\\\/\\\/l21.mx\\\/wp-content\\\/uploads\\\/2023\\\/03\\\/ETP_2813.jpg\",\"articleSection\":[\"Empresas y Negocios\",\"Noticias\"],\"inLanguage\":\"es\"},{\"@type\":\"WebPage\",\"@id\":\"https:\\\/\\\/l21.mx\\\/?p=54079\",\"url\":\"https:\\\/\\\/l21.mx\\\/?p=54079\",\"name\":\"Oficinas de alto nivel | Revista Latitud 21\",\"isPartOf\":{\"@id\":\"https:\\\/\\\/l21.mx\\\/#website\"},\"primaryImageOfPage\":{\"@id\":\"https:\\\/\\\/l21.mx\\\/?p=54079#primaryimage\"},\"image\":{\"@id\":\"https:\\\/\\\/l21.mx\\\/?p=54079#primaryimage\"},\"thumbnailUrl\":\"https:\\\/\\\/l21.mx\\\/wp-content\\\/uploads\\\/2023\\\/03\\\/ETP_2813.jpg\",\"datePublished\":\"2023-03-02T14:28:45+00:00\",\"description\":\"L21, Emprendedores y Negocios en el Caribe Mexicano, es la revista l\u00edder entre el Sector Empresarial y Tur\u00edstico del Caribe Mexicano.\",\"breadcrumb\":{\"@id\":\"https:\\\/\\\/l21.mx\\\/?p=54079#breadcrumb\"},\"inLanguage\":\"es\",\"potentialAction\":[{\"@type\":\"ReadAction\",\"target\":[\"https:\\\/\\\/l21.mx\\\/?p=54079\"]}]},{\"@type\":\"ImageObject\",\"inLanguage\":\"es\",\"@id\":\"https:\\\/\\\/l21.mx\\\/?p=54079#primaryimage\",\"url\":\"https:\\\/\\\/l21.mx\\\/wp-content\\\/uploads\\\/2023\\\/03\\\/ETP_2813.jpg\",\"contentUrl\":\"https:\\\/\\\/l21.mx\\\/wp-content\\\/uploads\\\/2023\\\/03\\\/ETP_2813.jpg\",\"width\":1500,\"height\":1000},{\"@type\":\"BreadcrumbList\",\"@id\":\"https:\\\/\\\/l21.mx\\\/?p=54079#breadcrumb\",\"itemListElement\":[{\"@type\":\"ListItem\",\"position\":1,\"name\":\"Portada\",\"item\":\"https:\\\/\\\/l21.mx\\\/\"},{\"@type\":\"ListItem\",\"position\":2,\"name\":\"Oficinas de alto nivel\"}]},{\"@type\":\"WebSite\",\"@id\":\"https:\\\/\\\/l21.mx\\\/#website\",\"url\":\"https:\\\/\\\/l21.mx\\\/\",\"name\":\"Revista Latitud 21\",\"description\":\"Emprendedores  y negocios en el Caribe Mexicano\",\"publisher\":{\"@id\":\"https:\\\/\\\/l21.mx\\\/#organization\"},\"potentialAction\":[{\"@type\":\"SearchAction\",\"target\":{\"@type\":\"EntryPoint\",\"urlTemplate\":\"https:\\\/\\\/l21.mx\\\/?s={search_term_string}\"},\"query-input\":{\"@type\":\"PropertyValueSpecification\",\"valueRequired\":true,\"valueName\":\"search_term_string\"}}],\"inLanguage\":\"es\"},{\"@type\":\"Organization\",\"@id\":\"https:\\\/\\\/l21.mx\\\/#organization\",\"name\":\"Grupo Editorial Latitud 21 SA de CV\",\"url\":\"https:\\\/\\\/l21.mx\\\/\",\"logo\":{\"@type\":\"ImageObject\",\"inLanguage\":\"es\",\"@id\":\"https:\\\/\\\/l21.mx\\\/#\\\/schema\\\/logo\\\/image\\\/\",\"url\":\"https:\\\/\\\/l21.mx\\\/wp-content\\\/uploads\\\/2020\\\/10\\\/logo-l21-baja.jpg\",\"contentUrl\":\"https:\\\/\\\/l21.mx\\\/wp-content\\\/uploads\\\/2020\\\/10\\\/logo-l21-baja.jpg\",\"width\":250,\"height\":250,\"caption\":\"Grupo Editorial Latitud 21 SA de CV\"},\"image\":{\"@id\":\"https:\\\/\\\/l21.mx\\\/#\\\/schema\\\/logo\\\/image\\\/\"},\"sameAs\":[\"https:\\\/\\\/www.facebook.com\\\/RevistaLatitud21\\\/\",\"https:\\\/\\\/x.com\\\/Latitud21mx\"]},{\"@type\":\"Person\",\"@id\":\"https:\\\/\\\/l21.mx\\\/#\\\/schema\\\/person\\\/b3cb342bb947a88e1fc27e05770479da\",\"name\":\"ahernandez@latitud21.com.mx\",\"url\":\"https:\\\/\\\/l21.mx\\\/?author=95\"}]}<\/script>\n<!-- \/ Yoast SEO plugin. -->","yoast_head_json":{"title":"Oficinas de alto nivel | Revista Latitud 21","description":"L21, Emprendedores y Negocios en el Caribe Mexicano, es la revista l\u00edder entre el Sector Empresarial y Tur\u00edstico del Caribe Mexicano.","robots":{"index":"index","follow":"follow","max-snippet":"max-snippet:-1","max-image-preview":"max-image-preview:large","max-video-preview":"max-video-preview:-1"},"canonical":"https:\/\/l21.mx\/?p=54079","twitter_card":"summary_large_image","twitter_title":"Oficinas de alto nivel | Revista Latitud 21","twitter_description":"L21, Emprendedores y Negocios en el Caribe Mexicano, es la revista l\u00edder entre el Sector Empresarial y Tur\u00edstico del Caribe Mexicano.","twitter_image":"https:\/\/l21.mx\/wp-content\/uploads\/2023\/03\/ETP_2813.jpg","twitter_creator":"@Latitud21mx","twitter_site":"@Latitud21mx","twitter_misc":{"Escrito por":"ahernandez@latitud21.com.mx","Tiempo de lectura":"4 minutos"},"schema":{"@context":"https:\/\/schema.org","@graph":[{"@type":"Article","@id":"https:\/\/l21.mx\/?p=54079#article","isPartOf":{"@id":"https:\/\/l21.mx\/?p=54079"},"author":{"name":"ahernandez@latitud21.com.mx","@id":"https:\/\/l21.mx\/#\/schema\/person\/b3cb342bb947a88e1fc27e05770479da"},"headline":"Oficinas de alto nivel","datePublished":"2023-03-02T14:28:45+00:00","mainEntityOfPage":{"@id":"https:\/\/l21.mx\/?p=54079"},"wordCount":663,"publisher":{"@id":"https:\/\/l21.mx\/#organization"},"image":{"@id":"https:\/\/l21.mx\/?p=54079#primaryimage"},"thumbnailUrl":"https:\/\/l21.mx\/wp-content\/uploads\/2023\/03\/ETP_2813.jpg","articleSection":["Empresas y Negocios","Noticias"],"inLanguage":"es"},{"@type":"WebPage","@id":"https:\/\/l21.mx\/?p=54079","url":"https:\/\/l21.mx\/?p=54079","name":"Oficinas de alto nivel | Revista Latitud 21","isPartOf":{"@id":"https:\/\/l21.mx\/#website"},"primaryImageOfPage":{"@id":"https:\/\/l21.mx\/?p=54079#primaryimage"},"image":{"@id":"https:\/\/l21.mx\/?p=54079#primaryimage"},"thumbnailUrl":"https:\/\/l21.mx\/wp-content\/uploads\/2023\/03\/ETP_2813.jpg","datePublished":"2023-03-02T14:28:45+00:00","description":"L21, Emprendedores y Negocios en el Caribe Mexicano, es la revista l\u00edder entre el Sector Empresarial y Tur\u00edstico del Caribe Mexicano.","breadcrumb":{"@id":"https:\/\/l21.mx\/?p=54079#breadcrumb"},"inLanguage":"es","potentialAction":[{"@type":"ReadAction","target":["https:\/\/l21.mx\/?p=54079"]}]},{"@type":"ImageObject","inLanguage":"es","@id":"https:\/\/l21.mx\/?p=54079#primaryimage","url":"https:\/\/l21.mx\/wp-content\/uploads\/2023\/03\/ETP_2813.jpg","contentUrl":"https:\/\/l21.mx\/wp-content\/uploads\/2023\/03\/ETP_2813.jpg","width":1500,"height":1000},{"@type":"BreadcrumbList","@id":"https:\/\/l21.mx\/?p=54079#breadcrumb","itemListElement":[{"@type":"ListItem","position":1,"name":"Portada","item":"https:\/\/l21.mx\/"},{"@type":"ListItem","position":2,"name":"Oficinas de alto nivel"}]},{"@type":"WebSite","@id":"https:\/\/l21.mx\/#website","url":"https:\/\/l21.mx\/","name":"Revista Latitud 21","description":"Emprendedores  y negocios en el Caribe Mexicano","publisher":{"@id":"https:\/\/l21.mx\/#organization"},"potentialAction":[{"@type":"SearchAction","target":{"@type":"EntryPoint","urlTemplate":"https:\/\/l21.mx\/?s={search_term_string}"},"query-input":{"@type":"PropertyValueSpecification","valueRequired":true,"valueName":"search_term_string"}}],"inLanguage":"es"},{"@type":"Organization","@id":"https:\/\/l21.mx\/#organization","name":"Grupo Editorial Latitud 21 SA de CV","url":"https:\/\/l21.mx\/","logo":{"@type":"ImageObject","inLanguage":"es","@id":"https:\/\/l21.mx\/#\/schema\/logo\/image\/","url":"https:\/\/l21.mx\/wp-content\/uploads\/2020\/10\/logo-l21-baja.jpg","contentUrl":"https:\/\/l21.mx\/wp-content\/uploads\/2020\/10\/logo-l21-baja.jpg","width":250,"height":250,"caption":"Grupo Editorial Latitud 21 SA de CV"},"image":{"@id":"https:\/\/l21.mx\/#\/schema\/logo\/image\/"},"sameAs":["https:\/\/www.facebook.com\/RevistaLatitud21\/","https:\/\/x.com\/Latitud21mx"]},{"@type":"Person","@id":"https:\/\/l21.mx\/#\/schema\/person\/b3cb342bb947a88e1fc27e05770479da","name":"ahernandez@latitud21.com.mx","url":"https:\/\/l21.mx\/?author=95"}]}},"amp_enabled":true,"_links":{"self":[{"href":"https:\/\/l21.mx\/index.php?rest_route=\/wp\/v2\/posts\/54079","targetHints":{"allow":["GET"]}}],"collection":[{"href":"https:\/\/l21.mx\/index.php?rest_route=\/wp\/v2\/posts"}],"about":[{"href":"https:\/\/l21.mx\/index.php?rest_route=\/wp\/v2\/types\/post"}],"author":[{"embeddable":true,"href":"https:\/\/l21.mx\/index.php?rest_route=\/wp\/v2\/users\/95"}],"replies":[{"embeddable":true,"href":"https:\/\/l21.mx\/index.php?rest_route=%2Fwp%2Fv2%2Fcomments&post=54079"}],"version-history":[{"count":1,"href":"https:\/\/l21.mx\/index.php?rest_route=\/wp\/v2\/posts\/54079\/revisions"}],"predecessor-version":[{"id":54089,"href":"https:\/\/l21.mx\/index.php?rest_route=\/wp\/v2\/posts\/54079\/revisions\/54089"}],"wp:featuredmedia":[{"embeddable":true,"href":"https:\/\/l21.mx\/index.php?rest_route=\/wp\/v2\/media\/54080"}],"wp:attachment":[{"href":"https:\/\/l21.mx\/index.php?rest_route=%2Fwp%2Fv2%2Fmedia&parent=54079"}],"wp:term":[{"taxonomy":"category","embeddable":true,"href":"https:\/\/l21.mx\/index.php?rest_route=%2Fwp%2Fv2%2Fcategories&post=54079"},{"taxonomy":"post_tag","embeddable":true,"href":"https:\/\/l21.mx\/index.php?rest_route=%2Fwp%2Fv2%2Ftags&post=54079"}],"curies":[{"name":"wp","href":"https:\/\/api.w.org\/{rel}","templated":true}]}}