{"id":54092,"date":"2023-03-02T10:53:48","date_gmt":"2023-03-02T15:53:48","guid":{"rendered":"https:\/\/l21.mx\/?p=54092"},"modified":"2023-03-02T10:55:45","modified_gmt":"2023-03-02T15:55:45","slug":"el-papa-francisco-bendice-proyecto-de-la-primera-universidad-de-isla-mujeres","status":"publish","type":"post","link":"https:\/\/l21.mx\/?p=54092","title":{"rendered":"El Papa Francisco bendice proyecto de la primera universidad de Isla Mujeres"},"content":{"rendered":"<div class=\"x11i5rnm xat24cr x1mh8g0r x1vvkbs xdj266r x126k92a\">\n<div dir=\"auto\"><a href=\"https:\/\/l21.mx\/wp-content\/uploads\/2023\/03\/Isla-2.jpg\" data-rel=\"penci-gallery-image-content\" ><img fetchpriority=\"high\" decoding=\"async\" class=\"alignnone size-medium wp-image-54095\" src=\"https:\/\/l21.mx\/wp-content\/uploads\/2023\/03\/Isla-2-300x200.jpg\" alt=\"\" width=\"300\" height=\"200\" srcset=\"https:\/\/l21.mx\/wp-content\/uploads\/2023\/03\/Isla-2-300x200.jpg 300w, https:\/\/l21.mx\/wp-content\/uploads\/2023\/03\/Isla-2-1024x683.jpg 1024w, https:\/\/l21.mx\/wp-content\/uploads\/2023\/03\/Isla-2-768x512.jpg 768w, https:\/\/l21.mx\/wp-content\/uploads\/2023\/03\/Isla-2-585x390.jpg 585w, https:\/\/l21.mx\/wp-content\/uploads\/2023\/03\/Isla-2-263x175.jpg 263w, https:\/\/l21.mx\/wp-content\/uploads\/2023\/03\/Isla-2.jpg 1080w\" sizes=\"(max-width: 300px) 100vw, 300px\" \/><\/a><\/div>\n<div dir=\"auto\"><\/div>\n<div dir=\"auto\">La Fundaci\u00f3n Am\u00e9rica Unida, el Patronato de la Universidad Sacro Cuore y autoridades civiles de Isla Mujeres se reunieron con el Papa Francisco a fin de presentar en Isla Mujeres, que surge para ofrecer mayores oportunidades de acceso a la educaci\u00f3n universitaria. Esta Universidad ayudar\u00e1 a los estudiantes a superar los obst\u00e1culos econ\u00f3micos y de movilidad a los que se enfrentan todos los estudiantes de la \u00ednsula. De esta forma se favorece la perseverancia educativa y brindar\u00e1 mejores oportunidades de trabajo a la poblaci\u00f3n estudiantil, lo que sin duda se traducir\u00e1 en mejores oportunidades de crecimiento y desarrollo para el municipio.<\/div>\n<div dir=\"auto\"><\/div>\n<\/div>\n<div class=\"x11i5rnm xat24cr x1mh8g0r x1vvkbs xtlvy1s x126k92a\">\n<div dir=\"auto\">En el encuentro estuvieron presentes el Pbro. Ra\u00fal S\u00e1nchez Alonso qui\u00e9n es el fundador de la Universidad Sacro Cuore, la Presidenta Municipal de Isla Mujeres Atenea G\u00f3mez Ricalde y miembros de la Fundaci\u00f3n Am\u00e9rica Unida. Durante esta visita, la Presidenta Municipal obsequi\u00f3 al Papa una foto a\u00e9rea de Isla Mujeres acompa\u00f1ada de un texto solicitando la oraci\u00f3n del Santo Padre por los ni\u00f1os, adolescentes y j\u00f3venes Isle\u00f1os; a un costado se encontraba una bella imagen de la Virgen de Guadalupe elaborada por j\u00f3venes que se encuentran privados de su libertad en una prisi\u00f3n de M\u00e9xico, hecho que conmovi\u00f3 al Papa.<\/div>\n<\/div>\n<div dir=\"auto\"><a href=\"https:\/\/l21.mx\/wp-content\/uploads\/2023\/03\/Isla-4.jpg\" data-rel=\"penci-gallery-image-content\" ><img decoding=\"async\" class=\"alignnone size-medium wp-image-54097\" src=\"https:\/\/l21.mx\/wp-content\/uploads\/2023\/03\/Isla-4-300x224.jpg\" alt=\"\" width=\"300\" height=\"224\" srcset=\"https:\/\/l21.mx\/wp-content\/uploads\/2023\/03\/Isla-4-300x224.jpg 300w, https:\/\/l21.mx\/wp-content\/uploads\/2023\/03\/Isla-4-1024x765.jpg 1024w, https:\/\/l21.mx\/wp-content\/uploads\/2023\/03\/Isla-4-768x574.jpg 768w, https:\/\/l21.mx\/wp-content\/uploads\/2023\/03\/Isla-4-585x437.jpg 585w, https:\/\/l21.mx\/wp-content\/uploads\/2023\/03\/Isla-4.jpg 1080w\" sizes=\"(max-width: 300px) 100vw, 300px\" \/><\/a><\/div>\n<div class=\"x11i5rnm xat24cr x1mh8g0r x1vvkbs xtlvy1s x126k92a\">\n<div dir=\"auto\">Acto seguido, el Pbro. Raul S\u00e1nchez Alonso, le present\u00f3 el Proyecto de la Universidad, junto con una placa donde figura el logo de la Universidad Sacro Cuore, el logo de la Di\u00f3cesis Canc\u00fan Chetumal, el logo de la Fundaci\u00f3n Cat\u00f3lica Am\u00e9rica Unida, el Escudo de Su Santidad el Papa Francisco y el logo del H. Ayuntamiento de Isla Mujeres, acompa\u00f1ados del texto que corresponde al n\u00famero cinco del mensaje del Papa Francisco en la jornada mundial de los pobres del pasado 2022, p\u00e1rrafo que encierra la raz\u00f3n de ser y misi\u00f3n de la universidad.<\/div>\n<div dir=\"auto\"><\/div>\n<\/div>\n<div class=\"x11i5rnm xat24cr x1mh8g0r x1vvkbs xtlvy1s x126k92a\">\n<div dir=\"auto\">Dicha placa ser\u00e1 develada el d\u00eda de la inauguraci\u00f3n de la universidad en Isla Mujeres que se espera sea en el transcurso de este a\u00f1o 2023.<\/div>\n<div dir=\"auto\"><\/div>\n<\/div>\n<div class=\"x11i5rnm xat24cr x1mh8g0r x1vvkbs xtlvy1s x126k92a\">\n<div dir=\"auto\">La Universidad Sacro Cuore se encuentra actualmente tramitando en tiempo y forma todos los requerimientos de la SEP para poder lanzar la oferta acad\u00e9mica una vez recibido el RVOE respectivo. La Universidad tiene una capacidad de recibir 300 alumnos de manera presencial.<\/div>\n<\/div>\n","protected":false},"excerpt":{"rendered":"<p>La Fundaci\u00f3n Am\u00e9rica Unida, el Patronato de la Universidad Sacro Cuore y autoridades civiles de Isla&hellip;<\/p>\n","protected":false},"author":100,"featured_media":54093,"comment_status":"closed","ping_status":"closed","sticky":false,"template":"","format":"standard","meta":{"_acf_changed":false,"_lmt_disableupdate":"","_lmt_disable":"","_mbp_gutenberg_autopost":false,"footnotes":""},"categories":[23],"tags":[],"class_list":["post-54092","post","type-post","status-publish","format-standard","has-post-thumbnail","hentry","category-noticias"],"acf":[],"yoast_head":"<!-- This site is optimized with the Yoast SEO plugin v27.3 - https:\/\/yoast.com\/product\/yoast-seo-wordpress\/ -->\n<title>El Papa Francisco bendice proyecto de la primera universidad de Isla Mujeres | Revista Latitud 21<\/title>\n<meta name=\"description\" content=\"L21, Emprendedores y Negocios en el Caribe Mexicano, es la revista l\u00edder entre el Sector Empresarial y Tur\u00edstico del Caribe Mexicano.\" \/>\n<meta name=\"robots\" content=\"index, follow, max-snippet:-1, max-image-preview:large, max-video-preview:-1\" \/>\n<link rel=\"canonical\" href=\"https:\/\/l21.mx\/?p=54092\" \/>\n<meta name=\"twitter:card\" content=\"summary_large_image\" \/>\n<meta name=\"twitter:title\" content=\"El Papa Francisco bendice proyecto de la primera universidad de Isla Mujeres | Revista Latitud 21\" \/>\n<meta name=\"twitter:description\" content=\"L21, Emprendedores y Negocios en el Caribe Mexicano, es la revista l\u00edder entre el Sector Empresarial y Tur\u00edstico del Caribe Mexicano.\" \/>\n<meta name=\"twitter:image\" content=\"https:\/\/l21.mx\/wp-content\/uploads\/2023\/03\/Isla.jpg\" \/>\n<meta name=\"twitter:creator\" content=\"@Latitud21mx\" \/>\n<meta name=\"twitter:site\" content=\"@Latitud21mx\" \/>\n<meta name=\"twitter:label1\" content=\"Escrito por\" \/>\n\t<meta name=\"twitter:data1\" content=\"NellyG\" \/>\n\t<meta name=\"twitter:label2\" content=\"Tiempo de lectura\" \/>\n\t<meta name=\"twitter:data2\" content=\"3 minutos\" \/>\n<script type=\"application\/ld+json\" class=\"yoast-schema-graph\">{\"@context\":\"https:\\\/\\\/schema.org\",\"@graph\":[{\"@type\":\"Article\",\"@id\":\"https:\\\/\\\/l21.mx\\\/?p=54092#article\",\"isPartOf\":{\"@id\":\"https:\\\/\\\/l21.mx\\\/?p=54092\"},\"author\":{\"name\":\"NellyG\",\"@id\":\"https:\\\/\\\/l21.mx\\\/#\\\/schema\\\/person\\\/cca68595b80b2f6c4c55a8b254bfbb2a\"},\"headline\":\"El Papa Francisco bendice proyecto de la primera universidad de Isla Mujeres\",\"datePublished\":\"2023-03-02T15:53:48+00:00\",\"dateModified\":\"2023-03-02T15:55:45+00:00\",\"mainEntityOfPage\":{\"@id\":\"https:\\\/\\\/l21.mx\\\/?p=54092\"},\"wordCount\":408,\"publisher\":{\"@id\":\"https:\\\/\\\/l21.mx\\\/#organization\"},\"image\":{\"@id\":\"https:\\\/\\\/l21.mx\\\/?p=54092#primaryimage\"},\"thumbnailUrl\":\"https:\\\/\\\/l21.mx\\\/wp-content\\\/uploads\\\/2023\\\/03\\\/Isla.jpg\",\"articleSection\":[\"Noticias\"],\"inLanguage\":\"es\"},{\"@type\":\"WebPage\",\"@id\":\"https:\\\/\\\/l21.mx\\\/?p=54092\",\"url\":\"https:\\\/\\\/l21.mx\\\/?p=54092\",\"name\":\"El Papa Francisco bendice proyecto de la primera universidad de Isla Mujeres | Revista Latitud 21\",\"isPartOf\":{\"@id\":\"https:\\\/\\\/l21.mx\\\/#website\"},\"primaryImageOfPage\":{\"@id\":\"https:\\\/\\\/l21.mx\\\/?p=54092#primaryimage\"},\"image\":{\"@id\":\"https:\\\/\\\/l21.mx\\\/?p=54092#primaryimage\"},\"thumbnailUrl\":\"https:\\\/\\\/l21.mx\\\/wp-content\\\/uploads\\\/2023\\\/03\\\/Isla.jpg\",\"datePublished\":\"2023-03-02T15:53:48+00:00\",\"dateModified\":\"2023-03-02T15:55:45+00:00\",\"description\":\"L21, Emprendedores y Negocios en el Caribe Mexicano, es la revista l\u00edder entre el Sector Empresarial y Tur\u00edstico del Caribe Mexicano.\",\"breadcrumb\":{\"@id\":\"https:\\\/\\\/l21.mx\\\/?p=54092#breadcrumb\"},\"inLanguage\":\"es\",\"potentialAction\":[{\"@type\":\"ReadAction\",\"target\":[\"https:\\\/\\\/l21.mx\\\/?p=54092\"]}]},{\"@type\":\"ImageObject\",\"inLanguage\":\"es\",\"@id\":\"https:\\\/\\\/l21.mx\\\/?p=54092#primaryimage\",\"url\":\"https:\\\/\\\/l21.mx\\\/wp-content\\\/uploads\\\/2023\\\/03\\\/Isla.jpg\",\"contentUrl\":\"https:\\\/\\\/l21.mx\\\/wp-content\\\/uploads\\\/2023\\\/03\\\/Isla.jpg\",\"width\":1080,\"height\":720},{\"@type\":\"BreadcrumbList\",\"@id\":\"https:\\\/\\\/l21.mx\\\/?p=54092#breadcrumb\",\"itemListElement\":[{\"@type\":\"ListItem\",\"position\":1,\"name\":\"Portada\",\"item\":\"https:\\\/\\\/l21.mx\\\/\"},{\"@type\":\"ListItem\",\"position\":2,\"name\":\"El Papa Francisco bendice proyecto de la primera universidad de Isla Mujeres\"}]},{\"@type\":\"WebSite\",\"@id\":\"https:\\\/\\\/l21.mx\\\/#website\",\"url\":\"https:\\\/\\\/l21.mx\\\/\",\"name\":\"Revista Latitud 21\",\"description\":\"Emprendedores  y negocios en el Caribe Mexicano\",\"publisher\":{\"@id\":\"https:\\\/\\\/l21.mx\\\/#organization\"},\"potentialAction\":[{\"@type\":\"SearchAction\",\"target\":{\"@type\":\"EntryPoint\",\"urlTemplate\":\"https:\\\/\\\/l21.mx\\\/?s={search_term_string}\"},\"query-input\":{\"@type\":\"PropertyValueSpecification\",\"valueRequired\":true,\"valueName\":\"search_term_string\"}}],\"inLanguage\":\"es\"},{\"@type\":\"Organization\",\"@id\":\"https:\\\/\\\/l21.mx\\\/#organization\",\"name\":\"Grupo Editorial Latitud 21 SA de CV\",\"url\":\"https:\\\/\\\/l21.mx\\\/\",\"logo\":{\"@type\":\"ImageObject\",\"inLanguage\":\"es\",\"@id\":\"https:\\\/\\\/l21.mx\\\/#\\\/schema\\\/logo\\\/image\\\/\",\"url\":\"https:\\\/\\\/l21.mx\\\/wp-content\\\/uploads\\\/2020\\\/10\\\/logo-l21-baja.jpg\",\"contentUrl\":\"https:\\\/\\\/l21.mx\\\/wp-content\\\/uploads\\\/2020\\\/10\\\/logo-l21-baja.jpg\",\"width\":250,\"height\":250,\"caption\":\"Grupo Editorial Latitud 21 SA de CV\"},\"image\":{\"@id\":\"https:\\\/\\\/l21.mx\\\/#\\\/schema\\\/logo\\\/image\\\/\"},\"sameAs\":[\"https:\\\/\\\/www.facebook.com\\\/RevistaLatitud21\\\/\",\"https:\\\/\\\/x.com\\\/Latitud21mx\"]},{\"@type\":\"Person\",\"@id\":\"https:\\\/\\\/l21.mx\\\/#\\\/schema\\\/person\\\/cca68595b80b2f6c4c55a8b254bfbb2a\",\"name\":\"NellyG\",\"url\":\"https:\\\/\\\/l21.mx\\\/?author=100\"}]}<\/script>\n<!-- \/ Yoast SEO plugin. -->","yoast_head_json":{"title":"El Papa Francisco bendice proyecto de la primera universidad de Isla Mujeres | Revista Latitud 21","description":"L21, Emprendedores y Negocios en el Caribe Mexicano, es la revista l\u00edder entre el Sector Empresarial y Tur\u00edstico del Caribe Mexicano.","robots":{"index":"index","follow":"follow","max-snippet":"max-snippet:-1","max-image-preview":"max-image-preview:large","max-video-preview":"max-video-preview:-1"},"canonical":"https:\/\/l21.mx\/?p=54092","twitter_card":"summary_large_image","twitter_title":"El Papa Francisco bendice proyecto de la primera universidad de Isla Mujeres | Revista Latitud 21","twitter_description":"L21, Emprendedores y Negocios en el Caribe Mexicano, es la revista l\u00edder entre el Sector Empresarial y Tur\u00edstico del Caribe Mexicano.","twitter_image":"https:\/\/l21.mx\/wp-content\/uploads\/2023\/03\/Isla.jpg","twitter_creator":"@Latitud21mx","twitter_site":"@Latitud21mx","twitter_misc":{"Escrito por":"NellyG","Tiempo de lectura":"3 minutos"},"schema":{"@context":"https:\/\/schema.org","@graph":[{"@type":"Article","@id":"https:\/\/l21.mx\/?p=54092#article","isPartOf":{"@id":"https:\/\/l21.mx\/?p=54092"},"author":{"name":"NellyG","@id":"https:\/\/l21.mx\/#\/schema\/person\/cca68595b80b2f6c4c55a8b254bfbb2a"},"headline":"El Papa Francisco bendice proyecto de la primera universidad de Isla Mujeres","datePublished":"2023-03-02T15:53:48+00:00","dateModified":"2023-03-02T15:55:45+00:00","mainEntityOfPage":{"@id":"https:\/\/l21.mx\/?p=54092"},"wordCount":408,"publisher":{"@id":"https:\/\/l21.mx\/#organization"},"image":{"@id":"https:\/\/l21.mx\/?p=54092#primaryimage"},"thumbnailUrl":"https:\/\/l21.mx\/wp-content\/uploads\/2023\/03\/Isla.jpg","articleSection":["Noticias"],"inLanguage":"es"},{"@type":"WebPage","@id":"https:\/\/l21.mx\/?p=54092","url":"https:\/\/l21.mx\/?p=54092","name":"El Papa Francisco bendice proyecto de la primera universidad de Isla Mujeres | Revista Latitud 21","isPartOf":{"@id":"https:\/\/l21.mx\/#website"},"primaryImageOfPage":{"@id":"https:\/\/l21.mx\/?p=54092#primaryimage"},"image":{"@id":"https:\/\/l21.mx\/?p=54092#primaryimage"},"thumbnailUrl":"https:\/\/l21.mx\/wp-content\/uploads\/2023\/03\/Isla.jpg","datePublished":"2023-03-02T15:53:48+00:00","dateModified":"2023-03-02T15:55:45+00:00","description":"L21, Emprendedores y Negocios en el Caribe Mexicano, es la revista l\u00edder entre el Sector Empresarial y Tur\u00edstico del Caribe Mexicano.","breadcrumb":{"@id":"https:\/\/l21.mx\/?p=54092#breadcrumb"},"inLanguage":"es","potentialAction":[{"@type":"ReadAction","target":["https:\/\/l21.mx\/?p=54092"]}]},{"@type":"ImageObject","inLanguage":"es","@id":"https:\/\/l21.mx\/?p=54092#primaryimage","url":"https:\/\/l21.mx\/wp-content\/uploads\/2023\/03\/Isla.jpg","contentUrl":"https:\/\/l21.mx\/wp-content\/uploads\/2023\/03\/Isla.jpg","width":1080,"height":720},{"@type":"BreadcrumbList","@id":"https:\/\/l21.mx\/?p=54092#breadcrumb","itemListElement":[{"@type":"ListItem","position":1,"name":"Portada","item":"https:\/\/l21.mx\/"},{"@type":"ListItem","position":2,"name":"El Papa Francisco bendice proyecto de la primera universidad de Isla Mujeres"}]},{"@type":"WebSite","@id":"https:\/\/l21.mx\/#website","url":"https:\/\/l21.mx\/","name":"Revista Latitud 21","description":"Emprendedores  y negocios en el Caribe Mexicano","publisher":{"@id":"https:\/\/l21.mx\/#organization"},"potentialAction":[{"@type":"SearchAction","target":{"@type":"EntryPoint","urlTemplate":"https:\/\/l21.mx\/?s={search_term_string}"},"query-input":{"@type":"PropertyValueSpecification","valueRequired":true,"valueName":"search_term_string"}}],"inLanguage":"es"},{"@type":"Organization","@id":"https:\/\/l21.mx\/#organization","name":"Grupo Editorial Latitud 21 SA de CV","url":"https:\/\/l21.mx\/","logo":{"@type":"ImageObject","inLanguage":"es","@id":"https:\/\/l21.mx\/#\/schema\/logo\/image\/","url":"https:\/\/l21.mx\/wp-content\/uploads\/2020\/10\/logo-l21-baja.jpg","contentUrl":"https:\/\/l21.mx\/wp-content\/uploads\/2020\/10\/logo-l21-baja.jpg","width":250,"height":250,"caption":"Grupo Editorial Latitud 21 SA de CV"},"image":{"@id":"https:\/\/l21.mx\/#\/schema\/logo\/image\/"},"sameAs":["https:\/\/www.facebook.com\/RevistaLatitud21\/","https:\/\/x.com\/Latitud21mx"]},{"@type":"Person","@id":"https:\/\/l21.mx\/#\/schema\/person\/cca68595b80b2f6c4c55a8b254bfbb2a","name":"NellyG","url":"https:\/\/l21.mx\/?author=100"}]}},"amp_enabled":true,"_links":{"self":[{"href":"https:\/\/l21.mx\/index.php?rest_route=\/wp\/v2\/posts\/54092","targetHints":{"allow":["GET"]}}],"collection":[{"href":"https:\/\/l21.mx\/index.php?rest_route=\/wp\/v2\/posts"}],"about":[{"href":"https:\/\/l21.mx\/index.php?rest_route=\/wp\/v2\/types\/post"}],"author":[{"embeddable":true,"href":"https:\/\/l21.mx\/index.php?rest_route=\/wp\/v2\/users\/100"}],"replies":[{"embeddable":true,"href":"https:\/\/l21.mx\/index.php?rest_route=%2Fwp%2Fv2%2Fcomments&post=54092"}],"version-history":[{"count":3,"href":"https:\/\/l21.mx\/index.php?rest_route=\/wp\/v2\/posts\/54092\/revisions"}],"predecessor-version":[{"id":54102,"href":"https:\/\/l21.mx\/index.php?rest_route=\/wp\/v2\/posts\/54092\/revisions\/54102"}],"wp:featuredmedia":[{"embeddable":true,"href":"https:\/\/l21.mx\/index.php?rest_route=\/wp\/v2\/media\/54093"}],"wp:attachment":[{"href":"https:\/\/l21.mx\/index.php?rest_route=%2Fwp%2Fv2%2Fmedia&parent=54092"}],"wp:term":[{"taxonomy":"category","embeddable":true,"href":"https:\/\/l21.mx\/index.php?rest_route=%2Fwp%2Fv2%2Fcategories&post=54092"},{"taxonomy":"post_tag","embeddable":true,"href":"https:\/\/l21.mx\/index.php?rest_route=%2Fwp%2Fv2%2Ftags&post=54092"}],"curies":[{"name":"wp","href":"https:\/\/api.w.org\/{rel}","templated":true}]}}