{"id":5413,"date":"2013-12-03T10:45:15","date_gmt":"2013-12-03T16:45:15","guid":{"rendered":"http:\/\/innovatori.space\/lat21\/?p=5413"},"modified":"2021-03-01T11:46:59","modified_gmt":"2021-03-01T16:46:59","slug":"grand-velas-consolida-prestigio-turistico","status":"publish","type":"post","link":"https:\/\/l21.mx\/?p=5413","title":{"rendered":"Grand Velas consolida prestigio tur\u00edstico"},"content":{"rendered":"<p><a href=\"http:\/\/l21.mx\/wp-content\/uploads\/2013\/12\/grand-velas.jpg\" data-rel=\"penci-gallery-image-content\" ><img fetchpriority=\"high\" decoding=\"async\" class=\"alignleft size-medium wp-image-5414\" title=\"grand velas\" src=\"http:\/\/l21.mx\/wp-content\/uploads\/2013\/12\/grand-velas-300x199.jpg\" alt=\"\" width=\"300\" height=\"199\" srcset=\"https:\/\/l21.mx\/wp-content\/uploads\/2013\/12\/grand-velas-300x199.jpg 300w, https:\/\/l21.mx\/wp-content\/uploads\/2013\/12\/grand-velas-263x175.jpg 263w, https:\/\/l21.mx\/wp-content\/uploads\/2013\/12\/grand-velas.jpg 316w\" sizes=\"(max-width: 300px) 100vw, 300px\" \/><\/a><\/p>\n<p>El prestigio tur\u00edstico de la Riviera Maya como destino de clase mundial se consolida con la nominaci\u00f3n del Grand Velas Riviera Maya, al catalogarlo entre los mejores hoteles con spa de Norte y Sudam\u00e9rica en los Premios World Spa &amp; Wellness 2014. Los mejores spas del mundo fueron evaluados por la prestigiada revista <em>Professional Spa &amp; Wellness<\/em>, para calificar factores como normas de tratamiento, calidad de los servicios e instalaciones, concepto de spa y caracter\u00edsticas sobresalientes. \u201cEs un verdadero orgullo estar incluidos en la lista final de premiaci\u00f3n con los mejores hoteles y spas del mundo\u201d, se\u00f1al\u00f3 Fernando Garc\u00eda Rossette, director general del Grand Velas Riviera Maya, el cual competir\u00e1 ahora con reconocidos hoteles spa de Canad\u00e1 y Estados Unidos. Los spas ser\u00e1n visitados en los meses de noviembre, diciembre y enero por un profesional de la industria que presentar\u00e1 su informe al jurado calificador. Los ganadores se anunciar\u00e1n en una ceremonia de gala a realizarse en Londres, Inglaterra, el 23 de febrero del 2014.<\/p>\n<div><\/div>\n<p>[editor]Sector-Turismo[\/editor]<\/p>\n","protected":false},"excerpt":{"rendered":"<p>El prestigio tur\u00edstico de la Riviera Maya como destino de clase mundial se consolida con la&hellip;<\/p>\n","protected":false},"author":2,"featured_media":5415,"comment_status":"open","ping_status":"open","sticky":false,"template":"","format":"standard","meta":{"_acf_changed":false,"_lmt_disableupdate":"","_lmt_disable":"","_mbp_gutenberg_autopost":false,"footnotes":""},"categories":[8],"tags":[],"class_list":["post-5413","post","type-post","status-publish","format-standard","has-post-thumbnail","hentry","category-turismo"],"acf":[],"_links":{"self":[{"href":"https:\/\/l21.mx\/index.php?rest_route=\/wp\/v2\/posts\/5413","targetHints":{"allow":["GET"]}}],"collection":[{"href":"https:\/\/l21.mx\/index.php?rest_route=\/wp\/v2\/posts"}],"about":[{"href":"https:\/\/l21.mx\/index.php?rest_route=\/wp\/v2\/types\/post"}],"author":[{"embeddable":true,"href":"https:\/\/l21.mx\/index.php?rest_route=\/wp\/v2\/users\/2"}],"replies":[{"embeddable":true,"href":"https:\/\/l21.mx\/index.php?rest_route=%2Fwp%2Fv2%2Fcomments&post=5413"}],"version-history":[{"count":0,"href":"https:\/\/l21.mx\/index.php?rest_route=\/wp\/v2\/posts\/5413\/revisions"}],"wp:featuredmedia":[{"embeddable":true,"href":"https:\/\/l21.mx\/index.php?rest_route=\/wp\/v2\/media\/5415"}],"wp:attachment":[{"href":"https:\/\/l21.mx\/index.php?rest_route=%2Fwp%2Fv2%2Fmedia&parent=5413"}],"wp:term":[{"taxonomy":"category","embeddable":true,"href":"https:\/\/l21.mx\/index.php?rest_route=%2Fwp%2Fv2%2Fcategories&post=5413"},{"taxonomy":"post_tag","embeddable":true,"href":"https:\/\/l21.mx\/index.php?rest_route=%2Fwp%2Fv2%2Ftags&post=5413"}],"curies":[{"name":"wp","href":"https:\/\/api.w.org\/{rel}","templated":true}]}}