{"id":54158,"date":"2023-03-02T13:20:08","date_gmt":"2023-03-02T18:20:08","guid":{"rendered":"https:\/\/l21.mx\/?p=54158"},"modified":"2023-03-02T13:20:08","modified_gmt":"2023-03-02T18:20:08","slug":"relevo-en-tec-de-monterrey","status":"publish","type":"post","link":"https:\/\/l21.mx\/?p=54158","title":{"rendered":"Relevo en Tec de Monterrey"},"content":{"rendered":"<p>Ricardo Sald\u00edvar Escajadillo es el nuevo presidente del Consejo de la instituci\u00f3n educativa; con su liderazgo buscar\u00e1 refrendar la posici\u00f3n l\u00edder en M\u00e9xico y Latinoam\u00e9rica del Tec.<\/p>\n<p>&nbsp;<\/p>\n<p>En el marco del 80 aniversario del Tecnol\u00f3gico de Monterrey, y como parte de los procesos de fortalecimiento de los \u00f3rganos de gobierno de la Instituci\u00f3n, se llev\u00f3 a cabo la Asamblea General Ordinaria Anual, donde se renov\u00f3 el Consejo Directivo de la Instituci\u00f3n, con la elecci\u00f3n del nuevo presidente y la integraci\u00f3n al Consejo de otro stres miembros.<\/p>\n<p>Tras la renovaci\u00f3n del Consejo Directivo, Ricardo Sald\u00edvar Escajadillo llega a la instituci\u00f3n para suceder en la Presidencia del Consejo a Jos\u00e9 Antonio Fern\u00e1ndez Carbajal, quien, gracias a su liderazgo de 11 a\u00f1os asumi\u00f3 y super\u00f3 retos que han transformado al Tec y que se han convertido en un gran legado.<\/p>\n<p>Entre ellos, la consolidaci\u00f3n de una gobernanza institucional que ha permitido al Tec ser una instituci\u00f3n de la sociedad para la sociedad, la gestaci\u00f3n del Plan Estrat\u00e9gico 2030, la excelencia acad\u00e9mica a trav\u00e9s del Modelo Tec21, el fortalecimiento de las estrategias de emprendimiento e innovaci\u00f3n, de filantrop\u00eda, a trav\u00e9s del programa L\u00edderes del Ma\u00f1ana, una de las iniciativas m\u00e1s importantes de movilidad y transformaci\u00f3n social, y tambi\u00e9n se robustecieron las alianzas internacionales y el posicionamiento del Tec en rankings mundiales.<\/p>\n<p>Jos\u00e9 Antonio continuar\u00e1 formando parte del Consejo y compartiendo su experiencia.<\/p>\n<p>&nbsp;<\/p>\n<h2><strong>Pilares fundamentales<\/strong><\/h2>\n<p>\u201cEn los \u00faltimos a\u00f1os hemos enfocado nuestros mayores esfuerzos en cinco pilares fundamentales para fortalecer el Tec: la superaci\u00f3n acad\u00e9mica; la innovaci\u00f3n y el emprendimiento; el \u00e9nfasis a la dimensi\u00f3n social; el relacionamiento con otras entidades en el mundo; y no menos importante, la reforma institucional que implica la mejora de su gobernanza incluyendo la reestructura del Consejo y de su equipo directivo adem\u00e1s de la consolidaci\u00f3n del endowment\u201d, se\u00f1al\u00f3 el presidente saliente.<\/p>\n<p>&nbsp;<\/p>\n<p><strong>Nuevos rumbos<\/strong><\/p>\n<p>Como parte de los procesos de crecimiento e institucionalizaci\u00f3n, el Consejo Directivo se fortalece con una estructura m\u00e1s s\u00f3lida de gobierno institucional, al iniciar un nuevo periodo con Ricardo Sald\u00edvar Escajadillo.<\/p>\n<p>Ricardo Sald\u00edvar es un l\u00edder empresarial, EXATEC con gran cercan\u00eda y alta vinculaci\u00f3n con el Tecnol\u00f3gico de Monterrey. Es un apasionado e impulsor de la cultura y el liderazgo en los negocios, colaborando con diversas organizaciones y empresas como Consejero y mentor de l\u00edderes. Tiene una franca entrega y compromiso con mejorar las condiciones de nuestro pa\u00eds, muestra de ello, es el nombre de la distinci\u00f3n del Programa L\u00edderes del Ma\u00f1ana, \u201cComprometido con un Mejor M\u00e9xico\u201d, de la cual es donante; asimismo vive la cultura de la filantrop\u00eda formando parte de la comunidad de donantes de distritotec.<\/p>\n<p>&nbsp;<\/p>\n<h2><strong>Colaboraci\u00f3n y experiencia<\/strong><\/h2>\n<p>Tambi\u00e9n suman su talento al nuevo Consejo Directivo del Tec, Rafael Reif, Eduardo Garza T. Junco y Diego Eugenio Calder\u00f3n Rojas, con la experiencia de cada uno de ellos, el Tec de Monterrey dar\u00e1 un impulso mayor a la investigaci\u00f3n, internacionalizaci\u00f3n, filantrop\u00eda y nuevas tecnolog\u00edas en educaci\u00f3n, adem\u00e1s de abonar al enfoque en emprendimiento, ingenier\u00eda, capitalismo consciente y renovaci\u00f3n generacional.<\/p>\n<p><a href=\"https:\/\/l21.mx\/wp-content\/uploads\/2023\/03\/Tec-Monterrey.jpg\" data-rel=\"penci-gallery-image-content\" ><img fetchpriority=\"high\" decoding=\"async\" class=\"alignnone size-large wp-image-54141\" src=\"https:\/\/l21.mx\/wp-content\/uploads\/2023\/03\/Tec-Monterrey-1024x662.jpg\" alt=\"\" width=\"1024\" height=\"662\" srcset=\"https:\/\/l21.mx\/wp-content\/uploads\/2023\/03\/Tec-Monterrey-1024x662.jpg 1024w, https:\/\/l21.mx\/wp-content\/uploads\/2023\/03\/Tec-Monterrey-300x194.jpg 300w, https:\/\/l21.mx\/wp-content\/uploads\/2023\/03\/Tec-Monterrey-768x497.jpg 768w, https:\/\/l21.mx\/wp-content\/uploads\/2023\/03\/Tec-Monterrey-1200x776.jpg 1200w, https:\/\/l21.mx\/wp-content\/uploads\/2023\/03\/Tec-Monterrey-1170x757.jpg 1170w, https:\/\/l21.mx\/wp-content\/uploads\/2023\/03\/Tec-Monterrey-585x378.jpg 585w, https:\/\/l21.mx\/wp-content\/uploads\/2023\/03\/Tec-Monterrey.jpg 1500w\" sizes=\"(max-width: 1024px) 100vw, 1024px\" \/><\/a><\/p>\n<p><strong>Nivel reconocido<\/strong><\/p>\n<p>La Instituci\u00f3n est\u00e1 acreditada por la Commission on Colleges of the Southern Association of Colleges and Schools desde 1950. De acuerdo con el QS World University Rankings (2023), se encuentra en la posici\u00f3n 170, ubic\u00e1ndose en el lugar 30 entre las universidades privadas del mundo; y en el QS Graduate Employability Rankings (2022) como la n\u00famero 1 en Am\u00e9rica Latina y la 26 del mundo. En el Times Higher Education Latin America University Rankings (2022), se sit\u00faa como la 1 de M\u00e9xico y 5 en Am\u00e9rica Latina; siendo adem\u00e1s la \u00fanica universidad fuera de EE. UU. en el Top Schools for Entrepreneurship Ranking (2023) de Princeton Review y Entrepreneur, al ocupar la posici\u00f3n 4 en programas de emprendimiento en nivel licenciatura. Pertenece a diversas redes de prestigio internacional como la Asociaci\u00f3n de Universidades de la Cuenca del Pac\u00edfico (APRU), Universitas 21 (U21) y The Worldwide Universities Network (WUN), entre otras.<\/p>\n<p><a href=\"https:\/\/l21.mx\/wp-content\/uploads\/2023\/03\/COMITD_1.jpg\" data-rel=\"penci-gallery-image-content\" ><img decoding=\"async\" class=\"alignnone size-medium wp-image-54138\" src=\"https:\/\/l21.mx\/wp-content\/uploads\/2023\/03\/COMITD_1-300x139.jpg\" alt=\"\" width=\"300\" height=\"139\" srcset=\"https:\/\/l21.mx\/wp-content\/uploads\/2023\/03\/COMITD_1-300x139.jpg 300w, https:\/\/l21.mx\/wp-content\/uploads\/2023\/03\/COMITD_1-1024x475.jpg 1024w, https:\/\/l21.mx\/wp-content\/uploads\/2023\/03\/COMITD_1-768x356.jpg 768w, https:\/\/l21.mx\/wp-content\/uploads\/2023\/03\/COMITD_1-1200x557.jpg 1200w, https:\/\/l21.mx\/wp-content\/uploads\/2023\/03\/COMITD_1-1170x543.jpg 1170w, https:\/\/l21.mx\/wp-content\/uploads\/2023\/03\/COMITD_1-585x271.jpg 585w, https:\/\/l21.mx\/wp-content\/uploads\/2023\/03\/COMITD_1.jpg 1500w\" sizes=\"(max-width: 300px) 100vw, 300px\" \/><\/a><\/p>\n<p>&nbsp;<\/p>\n<h2>Ricardo Sald\u00edvar Escajadillo<\/h2>\n<p>&#8211; Nuevo presidente del Consejo del Tec de Monterrey<\/p>\n<p>&#8211; EXATEC, egresado de la carrera de Ingeniero Mec\u00e1nico Administrador, la cual estudi\u00f3 gracias a una beca.<\/p>\n<p>&#8211; Maestr\u00eda en Ciencias de Ingenier\u00eda de Sistemas por Georgia Tech y Diplomado en Administraci\u00f3n de Negocios por el IPADE.<\/p>\n<p>&#8211; Forma parte del Consejo Directivo desde 2016 y ha sido miembro de diversos \u00f3rganos de gobierno desde 2012<\/p>\n<p>&#8211; Participa en el Comit\u00e9 de Talento y Cultura, el cual presidi\u00f3 desde el 2016.<\/p>\n<p>&#8211; En 2018 se integr\u00f3 al Consejo de Tecmilenio, \u00f3rgano que preside desde 2019.<\/p>\n<p>&#8211; Desde el 2021 es integrante del Comit\u00e9 de Gobierno Institucional.<\/p>\n<p>&#8211; Expresidente y exdirector general de The Home Depot en M\u00e9xico desde que la compa\u00f1\u00eda ingres\u00f3 a nuestro pa\u00eds y hasta 2017<\/p>\n<p>&nbsp;<\/p>\n<h2>Antecesores<\/h2>\n<p>&#8211; Eugenio Garza Sada<\/p>\n<p>&#8211; Eugenio Garza Lag\u00fcera<\/p>\n<p>&#8211; Lorenzo Zambrano Trevi\u00f1o<\/p>\n<p>&#8211; Jos\u00e9 Antonio Fern\u00e1ndez Carbajal<\/p>\n<p>&nbsp;<\/p>\n<p><strong><u>::::::::::::::::::::::::::::::::<\/u><\/strong><\/p>\n<p>\u201cHoy empezamos a escribir un nuevo cap\u00edtulo en la historia del Tec\u2026me entusiasma sumarme al reto al que nos invit\u00f3 nuestro fundador, Don Eugenio Garza Sada, quien confiaba en que habr\u00eda personas convencidas de que \u2018la educaci\u00f3n lo puede todo\u2019, dispuestas a construir este gran legado que hoy se nos encarga\u201d.<\/p>\n<p>Ricardo Sald\u00edvar<\/p>\n<p>&nbsp;<\/p>\n<p>&nbsp;<\/p>\n<p><strong><u>::::::::::::::::::::<\/u><\/strong><\/p>\n<p>11 a\u00f1os<\/p>\n<p>estuvo Jos\u00e9 Antonio Fern\u00e1ndez Carbajal en la Presidencia del Consejo del Tec de Monterrey<\/p>\n<p>&nbsp;<\/p>\n<p>&nbsp;<\/p>\n<p><strong><u>::::::::::::::::<\/u><\/strong><\/p>\n<p>Liderazgo<\/p>\n<p>&nbsp;<\/p>\n<p>28 campus<\/p>\n<p>distribuidos en ciudades de M\u00e9xico<\/p>\n<p>&nbsp;<\/p>\n<p>+67 mil<\/p>\n<p>estudiantes de nivel profesional y posgrado<\/p>\n<p>&nbsp;<\/p>\n<p>7 mil<\/p>\n<p>profesores en nivel superior y 2,500 de preparatoria<\/p>\n<p>&nbsp;<\/p>\n<p>+26 mil<\/p>\n<p>alumnos de preparatoria<\/p>\n","protected":false},"excerpt":{"rendered":"<p>Ricardo Sald\u00edvar Escajadillo es el nuevo presidente del Consejo de la instituci\u00f3n educativa; con su liderazgo&hellip;<\/p>\n","protected":false},"author":100,"featured_media":54139,"comment_status":"closed","ping_status":"closed","sticky":false,"template":"","format":"standard","meta":{"_acf_changed":false,"_lmt_disableupdate":"","_lmt_disable":"","_mbp_gutenberg_autopost":false,"footnotes":""},"categories":[4],"tags":[],"class_list":["post-54158","post","type-post","status-publish","format-standard","has-post-thumbnail","hentry","category-empresas-y-negocios"],"acf":[],"yoast_head":"<!-- This site is optimized with the Yoast SEO plugin v27.5 - https:\/\/yoast.com\/product\/yoast-seo-wordpress\/ -->\n<title>Relevo en Tec de Monterrey | Revista Latitud 21<\/title>\n<meta name=\"description\" content=\"L21, Emprendedores y Negocios en el Caribe Mexicano, es la revista l\u00edder entre el Sector Empresarial y Tur\u00edstico del Caribe Mexicano.\" \/>\n<meta name=\"robots\" content=\"index, follow, max-snippet:-1, max-image-preview:large, max-video-preview:-1\" \/>\n<link rel=\"canonical\" href=\"https:\/\/l21.mx\/?p=54158\" \/>\n<meta name=\"twitter:card\" content=\"summary_large_image\" \/>\n<meta name=\"twitter:title\" content=\"Relevo en Tec de Monterrey | Revista Latitud 21\" \/>\n<meta name=\"twitter:description\" content=\"L21, Emprendedores y Negocios en el Caribe Mexicano, es la revista l\u00edder entre el Sector Empresarial y Tur\u00edstico del Caribe Mexicano.\" \/>\n<meta name=\"twitter:image\" content=\"https:\/\/l21.mx\/wp-content\/uploads\/2023\/03\/Ricardo-Saldivar-Escajadillo-Pdte.-del-Consejo-del-Tecnologico-de-Monterrey-.jpg\" \/>\n<meta name=\"twitter:creator\" content=\"@Latitud21mx\" \/>\n<meta name=\"twitter:site\" content=\"@Latitud21mx\" \/>\n<meta name=\"twitter:label1\" content=\"Escrito por\" \/>\n\t<meta name=\"twitter:data1\" content=\"NellyG\" \/>\n\t<meta name=\"twitter:label2\" content=\"Tiempo de lectura\" \/>\n\t<meta name=\"twitter:data2\" content=\"5 minutos\" \/>\n<script type=\"application\/ld+json\" class=\"yoast-schema-graph\">{\"@context\":\"https:\\\/\\\/schema.org\",\"@graph\":[{\"@type\":\"Article\",\"@id\":\"https:\\\/\\\/l21.mx\\\/?p=54158#article\",\"isPartOf\":{\"@id\":\"https:\\\/\\\/l21.mx\\\/?p=54158\"},\"author\":{\"name\":\"NellyG\",\"@id\":\"https:\\\/\\\/l21.mx\\\/#\\\/schema\\\/person\\\/cca68595b80b2f6c4c55a8b254bfbb2a\"},\"headline\":\"Relevo en Tec de Monterrey\",\"datePublished\":\"2023-03-02T18:20:08+00:00\",\"mainEntityOfPage\":{\"@id\":\"https:\\\/\\\/l21.mx\\\/?p=54158\"},\"wordCount\":983,\"publisher\":{\"@id\":\"https:\\\/\\\/l21.mx\\\/#organization\"},\"image\":{\"@id\":\"https:\\\/\\\/l21.mx\\\/?p=54158#primaryimage\"},\"thumbnailUrl\":\"https:\\\/\\\/l21.mx\\\/wp-content\\\/uploads\\\/2023\\\/03\\\/Ricardo-Saldivar-Escajadillo-Pdte.-del-Consejo-del-Tecnologico-de-Monterrey-.jpg\",\"articleSection\":[\"Empresas y Negocios\"],\"inLanguage\":\"es\"},{\"@type\":\"WebPage\",\"@id\":\"https:\\\/\\\/l21.mx\\\/?p=54158\",\"url\":\"https:\\\/\\\/l21.mx\\\/?p=54158\",\"name\":\"Relevo en Tec de Monterrey | Revista Latitud 21\",\"isPartOf\":{\"@id\":\"https:\\\/\\\/l21.mx\\\/#website\"},\"primaryImageOfPage\":{\"@id\":\"https:\\\/\\\/l21.mx\\\/?p=54158#primaryimage\"},\"image\":{\"@id\":\"https:\\\/\\\/l21.mx\\\/?p=54158#primaryimage\"},\"thumbnailUrl\":\"https:\\\/\\\/l21.mx\\\/wp-content\\\/uploads\\\/2023\\\/03\\\/Ricardo-Saldivar-Escajadillo-Pdte.-del-Consejo-del-Tecnologico-de-Monterrey-.jpg\",\"datePublished\":\"2023-03-02T18:20:08+00:00\",\"description\":\"L21, Emprendedores y Negocios en el Caribe Mexicano, es la revista l\u00edder entre el Sector Empresarial y Tur\u00edstico del Caribe Mexicano.\",\"breadcrumb\":{\"@id\":\"https:\\\/\\\/l21.mx\\\/?p=54158#breadcrumb\"},\"inLanguage\":\"es\",\"potentialAction\":[{\"@type\":\"ReadAction\",\"target\":[\"https:\\\/\\\/l21.mx\\\/?p=54158\"]}]},{\"@type\":\"ImageObject\",\"inLanguage\":\"es\",\"@id\":\"https:\\\/\\\/l21.mx\\\/?p=54158#primaryimage\",\"url\":\"https:\\\/\\\/l21.mx\\\/wp-content\\\/uploads\\\/2023\\\/03\\\/Ricardo-Saldivar-Escajadillo-Pdte.-del-Consejo-del-Tecnologico-de-Monterrey-.jpg\",\"contentUrl\":\"https:\\\/\\\/l21.mx\\\/wp-content\\\/uploads\\\/2023\\\/03\\\/Ricardo-Saldivar-Escajadillo-Pdte.-del-Consejo-del-Tecnologico-de-Monterrey-.jpg\",\"width\":1500,\"height\":1000},{\"@type\":\"BreadcrumbList\",\"@id\":\"https:\\\/\\\/l21.mx\\\/?p=54158#breadcrumb\",\"itemListElement\":[{\"@type\":\"ListItem\",\"position\":1,\"name\":\"Portada\",\"item\":\"https:\\\/\\\/l21.mx\\\/\"},{\"@type\":\"ListItem\",\"position\":2,\"name\":\"Relevo en Tec de Monterrey\"}]},{\"@type\":\"WebSite\",\"@id\":\"https:\\\/\\\/l21.mx\\\/#website\",\"url\":\"https:\\\/\\\/l21.mx\\\/\",\"name\":\"Revista Latitud 21\",\"description\":\"Emprendedores  y negocios en el Caribe Mexicano\",\"publisher\":{\"@id\":\"https:\\\/\\\/l21.mx\\\/#organization\"},\"potentialAction\":[{\"@type\":\"SearchAction\",\"target\":{\"@type\":\"EntryPoint\",\"urlTemplate\":\"https:\\\/\\\/l21.mx\\\/?s={search_term_string}\"},\"query-input\":{\"@type\":\"PropertyValueSpecification\",\"valueRequired\":true,\"valueName\":\"search_term_string\"}}],\"inLanguage\":\"es\"},{\"@type\":\"Organization\",\"@id\":\"https:\\\/\\\/l21.mx\\\/#organization\",\"name\":\"Grupo Editorial Latitud 21 SA de CV\",\"url\":\"https:\\\/\\\/l21.mx\\\/\",\"logo\":{\"@type\":\"ImageObject\",\"inLanguage\":\"es\",\"@id\":\"https:\\\/\\\/l21.mx\\\/#\\\/schema\\\/logo\\\/image\\\/\",\"url\":\"https:\\\/\\\/l21.mx\\\/wp-content\\\/uploads\\\/2020\\\/10\\\/logo-l21-baja.jpg\",\"contentUrl\":\"https:\\\/\\\/l21.mx\\\/wp-content\\\/uploads\\\/2020\\\/10\\\/logo-l21-baja.jpg\",\"width\":250,\"height\":250,\"caption\":\"Grupo Editorial Latitud 21 SA de CV\"},\"image\":{\"@id\":\"https:\\\/\\\/l21.mx\\\/#\\\/schema\\\/logo\\\/image\\\/\"},\"sameAs\":[\"https:\\\/\\\/www.facebook.com\\\/RevistaLatitud21\\\/\",\"https:\\\/\\\/x.com\\\/Latitud21mx\"]},{\"@type\":\"Person\",\"@id\":\"https:\\\/\\\/l21.mx\\\/#\\\/schema\\\/person\\\/cca68595b80b2f6c4c55a8b254bfbb2a\",\"name\":\"NellyG\",\"url\":\"https:\\\/\\\/l21.mx\\\/?author=100\"}]}<\/script>\n<!-- \/ Yoast SEO plugin. -->","yoast_head_json":{"title":"Relevo en Tec de Monterrey | Revista Latitud 21","description":"L21, Emprendedores y Negocios en el Caribe Mexicano, es la revista l\u00edder entre el Sector Empresarial y Tur\u00edstico del Caribe Mexicano.","robots":{"index":"index","follow":"follow","max-snippet":"max-snippet:-1","max-image-preview":"max-image-preview:large","max-video-preview":"max-video-preview:-1"},"canonical":"https:\/\/l21.mx\/?p=54158","twitter_card":"summary_large_image","twitter_title":"Relevo en Tec de Monterrey | Revista Latitud 21","twitter_description":"L21, Emprendedores y Negocios en el Caribe Mexicano, es la revista l\u00edder entre el Sector Empresarial y Tur\u00edstico del Caribe Mexicano.","twitter_image":"https:\/\/l21.mx\/wp-content\/uploads\/2023\/03\/Ricardo-Saldivar-Escajadillo-Pdte.-del-Consejo-del-Tecnologico-de-Monterrey-.jpg","twitter_creator":"@Latitud21mx","twitter_site":"@Latitud21mx","twitter_misc":{"Escrito por":"NellyG","Tiempo de lectura":"5 minutos"},"schema":{"@context":"https:\/\/schema.org","@graph":[{"@type":"Article","@id":"https:\/\/l21.mx\/?p=54158#article","isPartOf":{"@id":"https:\/\/l21.mx\/?p=54158"},"author":{"name":"NellyG","@id":"https:\/\/l21.mx\/#\/schema\/person\/cca68595b80b2f6c4c55a8b254bfbb2a"},"headline":"Relevo en Tec de Monterrey","datePublished":"2023-03-02T18:20:08+00:00","mainEntityOfPage":{"@id":"https:\/\/l21.mx\/?p=54158"},"wordCount":983,"publisher":{"@id":"https:\/\/l21.mx\/#organization"},"image":{"@id":"https:\/\/l21.mx\/?p=54158#primaryimage"},"thumbnailUrl":"https:\/\/l21.mx\/wp-content\/uploads\/2023\/03\/Ricardo-Saldivar-Escajadillo-Pdte.-del-Consejo-del-Tecnologico-de-Monterrey-.jpg","articleSection":["Empresas y Negocios"],"inLanguage":"es"},{"@type":"WebPage","@id":"https:\/\/l21.mx\/?p=54158","url":"https:\/\/l21.mx\/?p=54158","name":"Relevo en Tec de Monterrey | Revista Latitud 21","isPartOf":{"@id":"https:\/\/l21.mx\/#website"},"primaryImageOfPage":{"@id":"https:\/\/l21.mx\/?p=54158#primaryimage"},"image":{"@id":"https:\/\/l21.mx\/?p=54158#primaryimage"},"thumbnailUrl":"https:\/\/l21.mx\/wp-content\/uploads\/2023\/03\/Ricardo-Saldivar-Escajadillo-Pdte.-del-Consejo-del-Tecnologico-de-Monterrey-.jpg","datePublished":"2023-03-02T18:20:08+00:00","description":"L21, Emprendedores y Negocios en el Caribe Mexicano, es la revista l\u00edder entre el Sector Empresarial y Tur\u00edstico del Caribe Mexicano.","breadcrumb":{"@id":"https:\/\/l21.mx\/?p=54158#breadcrumb"},"inLanguage":"es","potentialAction":[{"@type":"ReadAction","target":["https:\/\/l21.mx\/?p=54158"]}]},{"@type":"ImageObject","inLanguage":"es","@id":"https:\/\/l21.mx\/?p=54158#primaryimage","url":"https:\/\/l21.mx\/wp-content\/uploads\/2023\/03\/Ricardo-Saldivar-Escajadillo-Pdte.-del-Consejo-del-Tecnologico-de-Monterrey-.jpg","contentUrl":"https:\/\/l21.mx\/wp-content\/uploads\/2023\/03\/Ricardo-Saldivar-Escajadillo-Pdte.-del-Consejo-del-Tecnologico-de-Monterrey-.jpg","width":1500,"height":1000},{"@type":"BreadcrumbList","@id":"https:\/\/l21.mx\/?p=54158#breadcrumb","itemListElement":[{"@type":"ListItem","position":1,"name":"Portada","item":"https:\/\/l21.mx\/"},{"@type":"ListItem","position":2,"name":"Relevo en Tec de Monterrey"}]},{"@type":"WebSite","@id":"https:\/\/l21.mx\/#website","url":"https:\/\/l21.mx\/","name":"Revista Latitud 21","description":"Emprendedores  y negocios en el Caribe Mexicano","publisher":{"@id":"https:\/\/l21.mx\/#organization"},"potentialAction":[{"@type":"SearchAction","target":{"@type":"EntryPoint","urlTemplate":"https:\/\/l21.mx\/?s={search_term_string}"},"query-input":{"@type":"PropertyValueSpecification","valueRequired":true,"valueName":"search_term_string"}}],"inLanguage":"es"},{"@type":"Organization","@id":"https:\/\/l21.mx\/#organization","name":"Grupo Editorial Latitud 21 SA de CV","url":"https:\/\/l21.mx\/","logo":{"@type":"ImageObject","inLanguage":"es","@id":"https:\/\/l21.mx\/#\/schema\/logo\/image\/","url":"https:\/\/l21.mx\/wp-content\/uploads\/2020\/10\/logo-l21-baja.jpg","contentUrl":"https:\/\/l21.mx\/wp-content\/uploads\/2020\/10\/logo-l21-baja.jpg","width":250,"height":250,"caption":"Grupo Editorial Latitud 21 SA de CV"},"image":{"@id":"https:\/\/l21.mx\/#\/schema\/logo\/image\/"},"sameAs":["https:\/\/www.facebook.com\/RevistaLatitud21\/","https:\/\/x.com\/Latitud21mx"]},{"@type":"Person","@id":"https:\/\/l21.mx\/#\/schema\/person\/cca68595b80b2f6c4c55a8b254bfbb2a","name":"NellyG","url":"https:\/\/l21.mx\/?author=100"}]}},"amp_enabled":true,"_links":{"self":[{"href":"https:\/\/l21.mx\/index.php?rest_route=\/wp\/v2\/posts\/54158","targetHints":{"allow":["GET"]}}],"collection":[{"href":"https:\/\/l21.mx\/index.php?rest_route=\/wp\/v2\/posts"}],"about":[{"href":"https:\/\/l21.mx\/index.php?rest_route=\/wp\/v2\/types\/post"}],"author":[{"embeddable":true,"href":"https:\/\/l21.mx\/index.php?rest_route=\/wp\/v2\/users\/100"}],"replies":[{"embeddable":true,"href":"https:\/\/l21.mx\/index.php?rest_route=%2Fwp%2Fv2%2Fcomments&post=54158"}],"version-history":[{"count":1,"href":"https:\/\/l21.mx\/index.php?rest_route=\/wp\/v2\/posts\/54158\/revisions"}],"predecessor-version":[{"id":54159,"href":"https:\/\/l21.mx\/index.php?rest_route=\/wp\/v2\/posts\/54158\/revisions\/54159"}],"wp:featuredmedia":[{"embeddable":true,"href":"https:\/\/l21.mx\/index.php?rest_route=\/wp\/v2\/media\/54139"}],"wp:attachment":[{"href":"https:\/\/l21.mx\/index.php?rest_route=%2Fwp%2Fv2%2Fmedia&parent=54158"}],"wp:term":[{"taxonomy":"category","embeddable":true,"href":"https:\/\/l21.mx\/index.php?rest_route=%2Fwp%2Fv2%2Fcategories&post=54158"},{"taxonomy":"post_tag","embeddable":true,"href":"https:\/\/l21.mx\/index.php?rest_route=%2Fwp%2Fv2%2Ftags&post=54158"}],"curies":[{"name":"wp","href":"https:\/\/api.w.org\/{rel}","templated":true}]}}