{"id":54231,"date":"2023-03-02T19:39:40","date_gmt":"2023-03-03T00:39:40","guid":{"rendered":"https:\/\/l21.mx\/?p=54231"},"modified":"2023-03-02T19:39:40","modified_gmt":"2023-03-03T00:39:40","slug":"grupo-cumbres-respalda-a-bomberos-de-cancun","status":"publish","type":"post","link":"https:\/\/l21.mx\/?p=54231","title":{"rendered":"Grupo Cumbres respalda a bomberos de Canc\u00fan"},"content":{"rendered":"<p>&nbsp;<\/p>\n<p>Para corresponder e incentivar a quienes son considerados h\u00e9roes y hero\u00ednas por su labor incansable, d\u00eda y noche, para responder ante cualquier emergencia, el Grupo Cumbres y Motionevents realizaron un donativo al H. Cuerpo de Bomberos de Canc\u00fan.<\/p>\n<p>Eduardo Mart\u00ednez, director general de Grupo Cumbres acompa\u00f1ado de la directora comercial, Gabriela Pi\u00f1a, entregaron el donativo correspondiente, por 25 mil pesos, para contribuir a las mejoras de las instalaciones y equipamiento de Bomberos de Canc\u00fan.<\/p>\n<p>\u201cEste donativo lo hacemos con mucho cari\u00f1o, es la s\u00e9ptima ocasi\u00f3n y lo seguiremos haciendo, es un reconocimiento a su gran labor y contribuci\u00f3n a nuestra sociedad\u201d, expres\u00f3 Eduardo Mart\u00ednez.<\/p>\n<p>El comandante Arturo Sosa, junto con el subdirector Aquileo Cervantes y Sandra Smith, presidenta del patronato del Cuerpo de Bomberos, recibieron el donativo en presencia de sus integrantes.<\/p>\n<p>\u201cMuchas gracias por considerarnos y contribuir para contar con mejores equipos y condiciones de trabajo en beneficio de la ciudadan\u00eda\u201d, indic\u00f3 el director general.<\/p>\n<p>El donativo corresponde a la s\u00e9ptima edici\u00f3n de la Carrera Cumbres, en la cual compitieron mil corredores en las divisiones de tres, seis y nueve kil\u00f3metros, coment\u00f3 Armando Mac\u00edas, director de Motionevents.<\/p>\n<p>Reiteraron que la carrera, a realizarse cada octubre, seguir\u00e1 beneficiando a esta noble corporaci\u00f3n.<\/p>\n<p>&nbsp;<\/p>\n<p>&nbsp;<\/p>\n","protected":false},"excerpt":{"rendered":"<p>&nbsp; Para corresponder e incentivar a quienes son considerados h\u00e9roes y hero\u00ednas por su labor incansable,&hellip;<\/p>\n","protected":false},"author":100,"featured_media":54124,"comment_status":"closed","ping_status":"closed","sticky":false,"template":"","format":"standard","meta":{"_acf_changed":false,"_lmt_disableupdate":"","_lmt_disable":"","_mbp_gutenberg_autopost":false,"footnotes":""},"categories":[35],"tags":[],"class_list":["post-54231","post","type-post","status-publish","format-standard","has-post-thumbnail","hentry","category-responsabilidad-social"],"acf":[],"_links":{"self":[{"href":"https:\/\/l21.mx\/index.php?rest_route=\/wp\/v2\/posts\/54231","targetHints":{"allow":["GET"]}}],"collection":[{"href":"https:\/\/l21.mx\/index.php?rest_route=\/wp\/v2\/posts"}],"about":[{"href":"https:\/\/l21.mx\/index.php?rest_route=\/wp\/v2\/types\/post"}],"author":[{"embeddable":true,"href":"https:\/\/l21.mx\/index.php?rest_route=\/wp\/v2\/users\/100"}],"replies":[{"embeddable":true,"href":"https:\/\/l21.mx\/index.php?rest_route=%2Fwp%2Fv2%2Fcomments&post=54231"}],"version-history":[{"count":0,"href":"https:\/\/l21.mx\/index.php?rest_route=\/wp\/v2\/posts\/54231\/revisions"}],"wp:featuredmedia":[{"embeddable":true,"href":"https:\/\/l21.mx\/index.php?rest_route=\/wp\/v2\/media\/54124"}],"wp:attachment":[{"href":"https:\/\/l21.mx\/index.php?rest_route=%2Fwp%2Fv2%2Fmedia&parent=54231"}],"wp:term":[{"taxonomy":"category","embeddable":true,"href":"https:\/\/l21.mx\/index.php?rest_route=%2Fwp%2Fv2%2Fcategories&post=54231"},{"taxonomy":"post_tag","embeddable":true,"href":"https:\/\/l21.mx\/index.php?rest_route=%2Fwp%2Fv2%2Ftags&post=54231"}],"curies":[{"name":"wp","href":"https:\/\/api.w.org\/{rel}","templated":true}]}}