{"id":54251,"date":"2023-03-02T19:43:40","date_gmt":"2023-03-03T00:43:40","guid":{"rendered":"https:\/\/l21.mx\/?p=54251"},"modified":"2023-03-02T19:43:40","modified_gmt":"2023-03-03T00:43:40","slug":"perspectivas-turisticas","status":"publish","type":"post","link":"https:\/\/l21.mx\/?p=54251","title":{"rendered":"Perspectivas tur\u00edsticas"},"content":{"rendered":"<p>Por quinta ocasi\u00f3n se llev\u00f3 a cabo la Conferencia Internacional An\u00e1huac, esta vez con el nombre \u201cPerspectivas Tur\u00edsticas\u201d, a la que asistieron m\u00e1s de 300 directivos del sector turismo, 25 medios locales e impacto de 25 medios nacionales, junto con la participaci\u00f3n de alumnos y maestros. Adem\u00e1s, el evento fue transmitido por plataformas y redes sociales.<\/p>\n<p>Al participar en la ceremonia inaugural del evento organizado por la Universidad An\u00e1huac, la gobernadora Mara Lezama Espinosa expres\u00f3 que el nuevo modelo de turismo sostenible que impulsa su gobierno contempla el crecimiento econ\u00f3mico, la preservaci\u00f3n de los ecosistemas y el desarrollo social.<\/p>\n<p>Precis\u00f3 que el nuevo modelo tur\u00edstico contempla una ventana de nuevas oportunidades para las y los emprendedores y prioriza el turismo rural.<\/p>\n<p>Mencion\u00f3 que el \u00e9xito tur\u00edstico de Quintana Roo se refleja en cifras que indican que en 2022 se rompieron todos los r\u00e9cords. Se recibi\u00f3 a la pasajera 30 millones y se recibi\u00f3 a 19.68 millones de turistas. El aeropuerto de Canc\u00fan registr\u00f3 hasta 700 operaciones en un solo d\u00eda.<\/p>\n<p>Adem\u00e1s, se recibieron a cuatro millones 903 mil cruceristas, el 62% del total que recibe M\u00e9xico.<\/p>\n","protected":false},"excerpt":{"rendered":"<p>Por quinta ocasi\u00f3n se llev\u00f3 a cabo la Conferencia Internacional An\u00e1huac, esta vez con el nombre&hellip;<\/p>\n","protected":false},"author":100,"featured_media":54117,"comment_status":"closed","ping_status":"closed","sticky":false,"template":"","format":"standard","meta":{"_acf_changed":false,"_lmt_disableupdate":"","_lmt_disable":"","_mbp_gutenberg_autopost":false,"footnotes":""},"categories":[38],"tags":[],"class_list":["post-54251","post","type-post","status-publish","format-standard","has-post-thumbnail","hentry","category-en-la-21-y-otras-latitudes"],"acf":[],"_links":{"self":[{"href":"https:\/\/l21.mx\/index.php?rest_route=\/wp\/v2\/posts\/54251","targetHints":{"allow":["GET"]}}],"collection":[{"href":"https:\/\/l21.mx\/index.php?rest_route=\/wp\/v2\/posts"}],"about":[{"href":"https:\/\/l21.mx\/index.php?rest_route=\/wp\/v2\/types\/post"}],"author":[{"embeddable":true,"href":"https:\/\/l21.mx\/index.php?rest_route=\/wp\/v2\/users\/100"}],"replies":[{"embeddable":true,"href":"https:\/\/l21.mx\/index.php?rest_route=%2Fwp%2Fv2%2Fcomments&post=54251"}],"version-history":[{"count":0,"href":"https:\/\/l21.mx\/index.php?rest_route=\/wp\/v2\/posts\/54251\/revisions"}],"wp:featuredmedia":[{"embeddable":true,"href":"https:\/\/l21.mx\/index.php?rest_route=\/wp\/v2\/media\/54117"}],"wp:attachment":[{"href":"https:\/\/l21.mx\/index.php?rest_route=%2Fwp%2Fv2%2Fmedia&parent=54251"}],"wp:term":[{"taxonomy":"category","embeddable":true,"href":"https:\/\/l21.mx\/index.php?rest_route=%2Fwp%2Fv2%2Fcategories&post=54251"},{"taxonomy":"post_tag","embeddable":true,"href":"https:\/\/l21.mx\/index.php?rest_route=%2Fwp%2Fv2%2Ftags&post=54251"}],"curies":[{"name":"wp","href":"https:\/\/api.w.org\/{rel}","templated":true}]}}