{"id":54255,"date":"2023-03-02T19:44:19","date_gmt":"2023-03-03T00:44:19","guid":{"rendered":"https:\/\/l21.mx\/?p=54255"},"modified":"2023-03-02T19:44:19","modified_gmt":"2023-03-03T00:44:19","slug":"oportunidades-en-sector-electrico","status":"publish","type":"post","link":"https:\/\/l21.mx\/?p=54255","title":{"rendered":"Oportunidades en sector el\u00e9ctrico"},"content":{"rendered":"<p>Canc\u00fan recibi\u00f3 el Congreso de Expo El\u00e9ctrica y Solar del Caribe, con representantes de compa\u00f1\u00edas que atienden el ramo de electricidad en todo M\u00e9xico y que busca consolidarse a la industria tur\u00edstica del estado, con el abastecimiento de producto, proyectos y construcci\u00f3n, elevando los temas de seguridad y combate a la pirater\u00eda.<\/p>\n<p>El evento reuni\u00f3 a m\u00e1s de 60 empresas nacionales del sector el\u00e9ctrico y m\u00e1s de tres mil compradores de la industria hotelera y de servicios tur\u00edsticos, no s\u00f3lo del Caribe Mexicano, sino de toda la regi\u00f3n.<\/p>\n<p>En este encuentro ofrecieron algunas conferencias con especialistas de M\u00e9xico en torno a la seguridad, a la electromovilidad y al uso de energ\u00edas sustentables, como los paneles solares, que ya operan en muchos de los hoteles y de prestadores de servicios tur\u00edsticos para ofrecer una energ\u00eda limpia.<\/p>\n<p>El presidente\u00a0 de la Confederaci\u00f3n Nacional de Asociaciones de Comerciantes de Equipo El\u00e9ctrico, Gabriel Zamora, detall\u00f3 que si bien no se tiene un censo de cu\u00e1ntos hoteles est\u00e1n entrando a la modernizaci\u00f3n el\u00e9ctrica, muchos tienen ya inversiones importantes con paneles solares, recaudando el agua para uso de riego, as\u00ed como separaci\u00f3n de basura.<\/p>\n","protected":false},"excerpt":{"rendered":"<p>Canc\u00fan recibi\u00f3 el Congreso de Expo El\u00e9ctrica y Solar del Caribe, con representantes de compa\u00f1\u00edas que&hellip;<\/p>\n","protected":false},"author":100,"featured_media":54116,"comment_status":"closed","ping_status":"closed","sticky":false,"template":"","format":"standard","meta":{"_acf_changed":false,"_lmt_disableupdate":"","_lmt_disable":"","_mbp_gutenberg_autopost":false,"footnotes":""},"categories":[38],"tags":[],"class_list":["post-54255","post","type-post","status-publish","format-standard","has-post-thumbnail","hentry","category-en-la-21-y-otras-latitudes"],"acf":[],"_links":{"self":[{"href":"https:\/\/l21.mx\/index.php?rest_route=\/wp\/v2\/posts\/54255","targetHints":{"allow":["GET"]}}],"collection":[{"href":"https:\/\/l21.mx\/index.php?rest_route=\/wp\/v2\/posts"}],"about":[{"href":"https:\/\/l21.mx\/index.php?rest_route=\/wp\/v2\/types\/post"}],"author":[{"embeddable":true,"href":"https:\/\/l21.mx\/index.php?rest_route=\/wp\/v2\/users\/100"}],"replies":[{"embeddable":true,"href":"https:\/\/l21.mx\/index.php?rest_route=%2Fwp%2Fv2%2Fcomments&post=54255"}],"version-history":[{"count":0,"href":"https:\/\/l21.mx\/index.php?rest_route=\/wp\/v2\/posts\/54255\/revisions"}],"wp:featuredmedia":[{"embeddable":true,"href":"https:\/\/l21.mx\/index.php?rest_route=\/wp\/v2\/media\/54116"}],"wp:attachment":[{"href":"https:\/\/l21.mx\/index.php?rest_route=%2Fwp%2Fv2%2Fmedia&parent=54255"}],"wp:term":[{"taxonomy":"category","embeddable":true,"href":"https:\/\/l21.mx\/index.php?rest_route=%2Fwp%2Fv2%2Fcategories&post=54255"},{"taxonomy":"post_tag","embeddable":true,"href":"https:\/\/l21.mx\/index.php?rest_route=%2Fwp%2Fv2%2Ftags&post=54255"}],"curies":[{"name":"wp","href":"https:\/\/api.w.org\/{rel}","templated":true}]}}