{"id":54264,"date":"2023-03-02T19:46:09","date_gmt":"2023-03-03T00:46:09","guid":{"rendered":"https:\/\/l21.mx\/?p=54264"},"modified":"2023-03-02T19:46:09","modified_gmt":"2023-03-03T00:46:09","slug":"modernizacion-cancun-estrena-oficina-de-pasaportes","status":"publish","type":"post","link":"https:\/\/l21.mx\/?p=54264","title":{"rendered":"Modernizaci\u00f3n; Canc\u00fan estrena oficina de pasaportes"},"content":{"rendered":"<p>Despu\u00e9s de casi 23 a\u00f1os, en Canc\u00fan hay nuevas oficinas para la expedici\u00f3n y renovaci\u00f3n de pasaportes, ubicadas en la Plaza Kukulc\u00e1n, en la zona hotelera.<\/p>\n<p>Durante la inauguraci\u00f3n, el canciller Marcelo Ebrard Casaub\u00f3n inform\u00f3 que en estas oficinas dar\u00e1n atenci\u00f3n a la ciudadan\u00eda de lunes a domingo, de 8 de la ma\u00f1ana a 8 de la noche, lo que incrementar\u00e1 en m\u00e1s del 400% la capacidad de atenci\u00f3n que hab\u00eda en las oficinas de la Av. N\u00e1der.<\/p>\n<p><a href=\"https:\/\/l21.mx\/wp-content\/uploads\/2023\/03\/Modernizacion-2.jpg\" data-rel=\"penci-gallery-image-content\" ><img fetchpriority=\"high\" decoding=\"async\" class=\"alignnone size-large wp-image-54153\" src=\"https:\/\/l21.mx\/wp-content\/uploads\/2023\/03\/Modernizacion-2-1024x683.jpg\" alt=\"\" width=\"1024\" height=\"683\" srcset=\"https:\/\/l21.mx\/wp-content\/uploads\/2023\/03\/Modernizacion-2-1024x683.jpg 1024w, https:\/\/l21.mx\/wp-content\/uploads\/2023\/03\/Modernizacion-2-300x200.jpg 300w, https:\/\/l21.mx\/wp-content\/uploads\/2023\/03\/Modernizacion-2-768x512.jpg 768w, https:\/\/l21.mx\/wp-content\/uploads\/2023\/03\/Modernizacion-2-1200x800.jpg 1200w, https:\/\/l21.mx\/wp-content\/uploads\/2023\/03\/Modernizacion-2-1170x780.jpg 1170w, https:\/\/l21.mx\/wp-content\/uploads\/2023\/03\/Modernizacion-2-585x390.jpg 585w, https:\/\/l21.mx\/wp-content\/uploads\/2023\/03\/Modernizacion-2-263x175.jpg 263w, https:\/\/l21.mx\/wp-content\/uploads\/2023\/03\/Modernizacion-2.jpg 1500w\" sizes=\"(max-width: 1024px) 100vw, 1024px\" \/><\/a><\/p>\n<p>Destac\u00f3 que la buena relaci\u00f3n del Gobierno del Estado con el Gobierno de M\u00e9xico permite la r\u00e1pida materializaci\u00f3n de los proyectos en beneficio de la poblaci\u00f3n, los visitantes y turistas y tambi\u00e9n inaugurar inmuebles de este nivel, dignos del dinamismo y la modernidad que tiene Quintana Roo.<\/p>\n<p>Con estas nuevas y modernas oficinas se pasa de 200 a 600 citas para sacar su pasaporte y proyecta m\u00edstica, magia y modernidad de Quintana Roo, adem\u00e1s de que est\u00e1 pensada con perspectiva de g\u00e9nero como algo fundamental para las ni\u00f1as, ni\u00f1os, madres en lactancia y personas con alg\u00fan tipo de discapacidad.<\/p>\n<p>La nueva oficina realizar\u00e1 modificaciones de datos, otorgar\u00e1 servicios de protecci\u00f3n a trav\u00e9s de los consulados de M\u00e9xico en otros pa\u00edses, apoyar\u00e1 en la localizaci\u00f3n de connacionales extraviados y desaparecidos en otros pa\u00edses.<\/p>\n<p>&nbsp;<\/p>\n<p>&nbsp;<\/p>\n","protected":false},"excerpt":{"rendered":"<p>Despu\u00e9s de casi 23 a\u00f1os, en Canc\u00fan hay nuevas oficinas para la expedici\u00f3n y renovaci\u00f3n de&hellip;<\/p>\n","protected":false},"author":100,"featured_media":54154,"comment_status":"closed","ping_status":"closed","sticky":false,"template":"","format":"standard","meta":{"_acf_changed":false,"_lmt_disableupdate":"","_lmt_disable":"","_mbp_gutenberg_autopost":false,"footnotes":""},"categories":[38],"tags":[],"class_list":["post-54264","post","type-post","status-publish","format-standard","has-post-thumbnail","hentry","category-en-la-21-y-otras-latitudes"],"acf":[],"_links":{"self":[{"href":"https:\/\/l21.mx\/index.php?rest_route=\/wp\/v2\/posts\/54264","targetHints":{"allow":["GET"]}}],"collection":[{"href":"https:\/\/l21.mx\/index.php?rest_route=\/wp\/v2\/posts"}],"about":[{"href":"https:\/\/l21.mx\/index.php?rest_route=\/wp\/v2\/types\/post"}],"author":[{"embeddable":true,"href":"https:\/\/l21.mx\/index.php?rest_route=\/wp\/v2\/users\/100"}],"replies":[{"embeddable":true,"href":"https:\/\/l21.mx\/index.php?rest_route=%2Fwp%2Fv2%2Fcomments&post=54264"}],"version-history":[{"count":0,"href":"https:\/\/l21.mx\/index.php?rest_route=\/wp\/v2\/posts\/54264\/revisions"}],"wp:featuredmedia":[{"embeddable":true,"href":"https:\/\/l21.mx\/index.php?rest_route=\/wp\/v2\/media\/54154"}],"wp:attachment":[{"href":"https:\/\/l21.mx\/index.php?rest_route=%2Fwp%2Fv2%2Fmedia&parent=54264"}],"wp:term":[{"taxonomy":"category","embeddable":true,"href":"https:\/\/l21.mx\/index.php?rest_route=%2Fwp%2Fv2%2Fcategories&post=54264"},{"taxonomy":"post_tag","embeddable":true,"href":"https:\/\/l21.mx\/index.php?rest_route=%2Fwp%2Fv2%2Ftags&post=54264"}],"curies":[{"name":"wp","href":"https:\/\/api.w.org\/{rel}","templated":true}]}}