{"id":54564,"date":"2023-03-26T12:12:02","date_gmt":"2023-03-26T17:12:02","guid":{"rendered":"https:\/\/l21.mx\/?p=54564"},"modified":"2023-03-26T12:12:02","modified_gmt":"2023-03-26T17:12:02","slug":"promueven-al-caribe-mexicano-en-el-tianguis-turistico-mexico-2023","status":"publish","type":"post","link":"https:\/\/l21.mx\/?p=54564","title":{"rendered":"Promueven al Caribe Mexicano en el Tianguis Tur\u00edstico M\u00e9xico 2023"},"content":{"rendered":"<p>&nbsp;<\/p>\n<p>Chetumal.- La delegaci\u00f3n de Quintana Roo que participar\u00e1 en el Tianguis Tur\u00edstico 2023, encabezada por la gobernadora Mara Lezama Espinosa y que arranca este domingo en el Centro Citibanamex, en la Ciudad de M\u00e9xico, est\u00e1 lista para desarrollar una agenda de trabajo para promocionar a los 12 destinos de los 11 municipios.<\/p>\n<p>El Caribe Mexicano estar\u00e1 en un pabell\u00f3n 720 metros cuadrados, donde se han instalado 40 suites y es el segundo m\u00e1s grande del Tianguis, con el objetivo de atraer a m\u00e1s turistas y romper los pron\u00f3sticos para este a\u00f1o, con m\u00e1s empleos que generen prosperidad compartida.<\/p>\n<p><a href=\"https:\/\/l21.mx\/wp-content\/uploads\/2023\/03\/turismo-quintana-roo-2.jpeg\" data-rel=\"penci-gallery-image-content\" ><img fetchpriority=\"high\" decoding=\"async\" class=\"alignnone size-medium wp-image-54567\" src=\"https:\/\/l21.mx\/wp-content\/uploads\/2023\/03\/turismo-quintana-roo-2-300x169.jpeg\" alt=\"\" width=\"300\" height=\"169\" srcset=\"https:\/\/l21.mx\/wp-content\/uploads\/2023\/03\/turismo-quintana-roo-2-300x169.jpeg 300w, https:\/\/l21.mx\/wp-content\/uploads\/2023\/03\/turismo-quintana-roo-2-1024x576.jpeg 1024w, https:\/\/l21.mx\/wp-content\/uploads\/2023\/03\/turismo-quintana-roo-2-768x432.jpeg 768w, https:\/\/l21.mx\/wp-content\/uploads\/2023\/03\/turismo-quintana-roo-2-1536x864.jpeg 1536w, https:\/\/l21.mx\/wp-content\/uploads\/2023\/03\/turismo-quintana-roo-2-1200x675.jpeg 1200w, https:\/\/l21.mx\/wp-content\/uploads\/2023\/03\/turismo-quintana-roo-2-1170x663.jpeg 1170w, https:\/\/l21.mx\/wp-content\/uploads\/2023\/03\/turismo-quintana-roo-2-585x329.jpeg 585w, https:\/\/l21.mx\/wp-content\/uploads\/2023\/03\/turismo-quintana-roo-2.jpeg 1600w\" sizes=\"(max-width: 300px) 100vw, 300px\" \/><\/a><\/p>\n<p>En su edici\u00f3n 47, que se desarrollar\u00e1 del 26 al 29 de marzo, el m\u00e1s importante foro tur\u00edstico de M\u00e9xico ser\u00e1 el marco para presentar la gran riqueza natural, cultural, gastron\u00f3mica y artesanal de Quintana Roo en un esfuerzo compartido, c\u00f3mo se establece en el Nuevo Acuerdo por el Bienestar y Desarrollo.<\/p>\n<p>Ante representantes de las 32 entidades federativas y de empresas y gobiernos de los cinco continentes, se ratificar\u00e1 el compromiso de los prestadores de servicios tur\u00edsticos, el talento y creatividad de los artesanos y artesanas para mantener el liderazgo de Quintana Roo en la industria de la hospitalidad.<\/p>\n<p>Con 700 empresas expositoras y 600 compradoras, este evento es el m\u00e1s relevante del sector tur\u00edstico de M\u00e9xico y un foro de negocios basado en citas preestablecidas entre compradores y expositores.<\/p>\n<p><a href=\"https:\/\/l21.mx\/wp-content\/uploads\/2023\/03\/turismo-quintana-roo-3.jpeg\" data-rel=\"penci-gallery-image-content\" ><img decoding=\"async\" class=\"alignnone size-medium wp-image-54568\" src=\"https:\/\/l21.mx\/wp-content\/uploads\/2023\/03\/turismo-quintana-roo-3-300x162.jpeg\" alt=\"\" width=\"300\" height=\"162\" srcset=\"https:\/\/l21.mx\/wp-content\/uploads\/2023\/03\/turismo-quintana-roo-3-300x162.jpeg 300w, https:\/\/l21.mx\/wp-content\/uploads\/2023\/03\/turismo-quintana-roo-3-1024x553.jpeg 1024w, https:\/\/l21.mx\/wp-content\/uploads\/2023\/03\/turismo-quintana-roo-3-768x415.jpeg 768w, https:\/\/l21.mx\/wp-content\/uploads\/2023\/03\/turismo-quintana-roo-3-1536x829.jpeg 1536w, https:\/\/l21.mx\/wp-content\/uploads\/2023\/03\/turismo-quintana-roo-3-1200x648.jpeg 1200w, https:\/\/l21.mx\/wp-content\/uploads\/2023\/03\/turismo-quintana-roo-3-1170x632.jpeg 1170w, https:\/\/l21.mx\/wp-content\/uploads\/2023\/03\/turismo-quintana-roo-3-585x316.jpeg 585w, https:\/\/l21.mx\/wp-content\/uploads\/2023\/03\/turismo-quintana-roo-3.jpeg 1600w\" sizes=\"(max-width: 300px) 100vw, 300px\" \/><\/a><\/p>\n<p>La delegaci\u00f3n de Quintana Roo aprovechar\u00e1 este espacio altamente profesional para promover su gran variedad de productos tur\u00edsticos y proyectarse, como siempre, como un destino de excelencia a nivel nacional e internacional.<\/p>\n<p>La gobernadora Mara Lezama expondr\u00e1 la importancia de un enfoque social del turismo, como lo marca el Nuevo Acuerdo por el Bienestar y Desarrollo de Quintana Roo, para que la atracci\u00f3n de visitantes y la derrama que dejan tambi\u00e9n tenga un impacto positivo en las familias que m\u00e1s lo necesitan.<\/p>\n<p>Adem\u00e1s de la gobernadora Mara Lezama estar\u00e1 presente el titular de la Secretar\u00eda de Turismo de Quintana Roo (Sectur), Bernardo Cueto Riestra y el director estatal del Consejo de Promoci\u00f3n Tur\u00edstica (CPTQ), Javier Aranda Pedrero.<\/p>\n","protected":false},"excerpt":{"rendered":"<p>&nbsp; Chetumal.- La delegaci\u00f3n de Quintana Roo que participar\u00e1 en el Tianguis Tur\u00edstico 2023, encabezada por&hellip;<\/p>\n","protected":false},"author":100,"featured_media":54566,"comment_status":"closed","ping_status":"closed","sticky":false,"template":"","format":"standard","meta":{"_acf_changed":false,"_lmt_disableupdate":"","_lmt_disable":"","_mbp_gutenberg_autopost":false,"footnotes":""},"categories":[23],"tags":[],"class_list":["post-54564","post","type-post","status-publish","format-standard","has-post-thumbnail","hentry","category-noticias"],"acf":[],"_links":{"self":[{"href":"https:\/\/l21.mx\/index.php?rest_route=\/wp\/v2\/posts\/54564","targetHints":{"allow":["GET"]}}],"collection":[{"href":"https:\/\/l21.mx\/index.php?rest_route=\/wp\/v2\/posts"}],"about":[{"href":"https:\/\/l21.mx\/index.php?rest_route=\/wp\/v2\/types\/post"}],"author":[{"embeddable":true,"href":"https:\/\/l21.mx\/index.php?rest_route=\/wp\/v2\/users\/100"}],"replies":[{"embeddable":true,"href":"https:\/\/l21.mx\/index.php?rest_route=%2Fwp%2Fv2%2Fcomments&post=54564"}],"version-history":[{"count":0,"href":"https:\/\/l21.mx\/index.php?rest_route=\/wp\/v2\/posts\/54564\/revisions"}],"wp:featuredmedia":[{"embeddable":true,"href":"https:\/\/l21.mx\/index.php?rest_route=\/wp\/v2\/media\/54566"}],"wp:attachment":[{"href":"https:\/\/l21.mx\/index.php?rest_route=%2Fwp%2Fv2%2Fmedia&parent=54564"}],"wp:term":[{"taxonomy":"category","embeddable":true,"href":"https:\/\/l21.mx\/index.php?rest_route=%2Fwp%2Fv2%2Fcategories&post=54564"},{"taxonomy":"post_tag","embeddable":true,"href":"https:\/\/l21.mx\/index.php?rest_route=%2Fwp%2Fv2%2Ftags&post=54564"}],"curies":[{"name":"wp","href":"https:\/\/api.w.org\/{rel}","templated":true}]}}