{"id":54579,"date":"2023-03-27T08:33:38","date_gmt":"2023-03-27T13:33:38","guid":{"rendered":"https:\/\/l21.mx\/?p=54579"},"modified":"2023-03-27T08:33:38","modified_gmt":"2023-03-27T13:33:38","slug":"avanza-la-renovacion-de-la-5ta-avenida-en-playa-del-carmen","status":"publish","type":"post","link":"https:\/\/l21.mx\/?p=54579","title":{"rendered":"Avanza la renovaci\u00f3n de la 5ta Avenida en Playa del Carmen"},"content":{"rendered":"<p>&nbsp;<\/p>\n<p>\u2022 Si las condiciones del clima lo permiten la primera etapa concluir\u00e1 en una semana<\/p>\n<p><a href=\"https:\/\/l21.mx\/wp-content\/uploads\/2023\/03\/WhatsApp-Image-2023-03-26-at-15.27.18.jpeg\" data-rel=\"penci-gallery-image-content\" ><img fetchpriority=\"high\" decoding=\"async\" class=\"alignnone size-medium wp-image-54581\" src=\"https:\/\/l21.mx\/wp-content\/uploads\/2023\/03\/WhatsApp-Image-2023-03-26-at-15.27.18-300x200.jpeg\" alt=\"\" width=\"300\" height=\"200\" srcset=\"https:\/\/l21.mx\/wp-content\/uploads\/2023\/03\/WhatsApp-Image-2023-03-26-at-15.27.18-300x200.jpeg 300w, https:\/\/l21.mx\/wp-content\/uploads\/2023\/03\/WhatsApp-Image-2023-03-26-at-15.27.18-1024x682.jpeg 1024w, https:\/\/l21.mx\/wp-content\/uploads\/2023\/03\/WhatsApp-Image-2023-03-26-at-15.27.18-768x512.jpeg 768w, https:\/\/l21.mx\/wp-content\/uploads\/2023\/03\/WhatsApp-Image-2023-03-26-at-15.27.18-1200x800.jpeg 1200w, https:\/\/l21.mx\/wp-content\/uploads\/2023\/03\/WhatsApp-Image-2023-03-26-at-15.27.18-1170x780.jpeg 1170w, https:\/\/l21.mx\/wp-content\/uploads\/2023\/03\/WhatsApp-Image-2023-03-26-at-15.27.18-585x390.jpeg 585w, https:\/\/l21.mx\/wp-content\/uploads\/2023\/03\/WhatsApp-Image-2023-03-26-at-15.27.18-263x175.jpeg 263w, https:\/\/l21.mx\/wp-content\/uploads\/2023\/03\/WhatsApp-Image-2023-03-26-at-15.27.18.jpeg 1280w\" sizes=\"(max-width: 300px) 100vw, 300px\" \/><\/a><\/p>\n<p>Playa del Carmen, Solidaridad, 26 de marzo del 2023. \u2013 El embellecimiento de la 5ta Avenida sigue, el gobierno municipal que encabeza Lili Campos renueva esta importante arteria tur\u00edstica a trav\u00e9s de Servicios P\u00fablicos con reparaci\u00f3n y limpieza. El d\u00eda de hoy se aplicaron 840 M2 de pintura.<\/p>\n<p>El secretario de Servicios P\u00fablicos Municipales Benny Mill\u00e1n, dijo que los trabajos de reparaci\u00f3n y embellecimiento se realizan en tiempo y forma, avanzando el d\u00eda de hoy hasta la calle 38 lo que representa el 60%.<\/p>\n<p>\u201cSi las condiciones del tiempo lo permiten, la primera fase que abarca de la avenida Constituyentes a la CTM la concluiremos en una semana\u201d puntualiz\u00f3 Benny Mill\u00e1n.<\/p>\n","protected":false},"excerpt":{"rendered":"<p>&nbsp; \u2022 Si las condiciones del clima lo permiten la primera etapa concluir\u00e1 en una semana&hellip;<\/p>\n","protected":false},"author":100,"featured_media":54580,"comment_status":"closed","ping_status":"closed","sticky":false,"template":"","format":"standard","meta":{"_acf_changed":false,"_lmt_disableupdate":"","_lmt_disable":"","_mbp_gutenberg_autopost":false,"footnotes":""},"categories":[23,1654],"tags":[],"class_list":["post-54579","post","type-post","status-publish","format-standard","has-post-thumbnail","hentry","category-noticias","category-solidaridad"],"acf":[],"_links":{"self":[{"href":"https:\/\/l21.mx\/index.php?rest_route=\/wp\/v2\/posts\/54579","targetHints":{"allow":["GET"]}}],"collection":[{"href":"https:\/\/l21.mx\/index.php?rest_route=\/wp\/v2\/posts"}],"about":[{"href":"https:\/\/l21.mx\/index.php?rest_route=\/wp\/v2\/types\/post"}],"author":[{"embeddable":true,"href":"https:\/\/l21.mx\/index.php?rest_route=\/wp\/v2\/users\/100"}],"replies":[{"embeddable":true,"href":"https:\/\/l21.mx\/index.php?rest_route=%2Fwp%2Fv2%2Fcomments&post=54579"}],"version-history":[{"count":0,"href":"https:\/\/l21.mx\/index.php?rest_route=\/wp\/v2\/posts\/54579\/revisions"}],"wp:featuredmedia":[{"embeddable":true,"href":"https:\/\/l21.mx\/index.php?rest_route=\/wp\/v2\/media\/54580"}],"wp:attachment":[{"href":"https:\/\/l21.mx\/index.php?rest_route=%2Fwp%2Fv2%2Fmedia&parent=54579"}],"wp:term":[{"taxonomy":"category","embeddable":true,"href":"https:\/\/l21.mx\/index.php?rest_route=%2Fwp%2Fv2%2Fcategories&post=54579"},{"taxonomy":"post_tag","embeddable":true,"href":"https:\/\/l21.mx\/index.php?rest_route=%2Fwp%2Fv2%2Ftags&post=54579"}],"curies":[{"name":"wp","href":"https:\/\/api.w.org\/{rel}","templated":true}]}}