{"id":54890,"date":"2023-04-01T10:13:21","date_gmt":"2023-04-01T15:13:21","guid":{"rendered":"https:\/\/l21.mx\/?p=54890"},"modified":"2023-04-01T10:13:21","modified_gmt":"2023-04-01T15:13:21","slug":"tianguis-turistico-2023","status":"publish","type":"post","link":"https:\/\/l21.mx\/?p=54890","title":{"rendered":"TIANGUIS TUR\u00cdSTICO 2023\u00a0"},"content":{"rendered":"<ul>\n<li><b>Desde el camerino<\/b><\/li>\n<li><b>Alejandro Rosel<\/b><\/li>\n<li>Comunicador y conductor<\/li>\n<li>Twitter: @AlejandroRosel7<\/li>\n<\/ul>\n<p>&nbsp;<\/p>\n<p><b>Para: EMDI Y PRC, MI AMOR INFINITO<\/b><\/p>\n<p><b>L<\/b>leg\u00f3 una vez m\u00e1s el evento tur\u00edstico m\u00e1s importante de M\u00e9xico, el Tianguis Tur\u00edstico, que por primera vez se realiza en la Ciudad de M\u00e9xico y que pronosticaba ser un parteaguas en cuanto a estos eventos se refiere. \u00bfUsted qu\u00e9 opina?. Esta ocasi\u00f3n tuve que seguirlo de lejos, no pude asistir por temas personales, pero la verdad, es que desde aqu\u00ed pude comprobar, una vez m\u00e1s, que la joya de la corona sigue siendo el Caribe Mexicano y sus 12 destinos tur\u00edsticos. La agenda de la delegaci\u00f3n de Quintana Roo estuvo muy apretada, desde un d\u00eda antes que se inaugurara el evento.<span class=\"Apple-converted-space\">\u00a0 <\/span><b>Mara Lezama<\/b>, gobernadora de Quintana Roo, encabez\u00f3 estos trabajos y desde la Conago, la feria gastron\u00f3mica, los recorridos, anuncios y firmas de convenio, marcaron el d\u00eda a d\u00eda en todo este evento. No podemos dejar de mencionar a Bernardo Cueto y su equipo de trabajo, que por supuesto lograron representar a nuestra entidad de manera exitosa; recordemos que Bernardo ya se la sabe, pues desde la administraci\u00f3n pasada fue el \u00fanico secretario ratificado; tuvo la oportunidad de conocer estos eventos y el ritmo que llevan, s\u00f3lo que ahora m\u00e1s, con la incansable titular del ejecutivo, que bien me consta, con una barrita y una botella de agua le da para no parar hasta altas horas de la madrugada.<span class=\"Apple-converted-space\">\u00a0<\/span><\/p>\n<p>Antes del Tianguis Tur\u00edstico de M\u00e9xico se realiz\u00f3 la Feria de Berl\u00edn, donde tambi\u00e9n el destino triunf\u00f3 y llev\u00f3 muy buenos n\u00fameros a la feria m\u00e1s grande del mundo tur\u00edsticamente hablando. Previo a eso, los n\u00fameros del Aeropuerto de Canc\u00fan fueron espectaculares durante febrero, dos millones seiscientos diez mil pasajeros es ese mes, 23.5% m\u00e1s que el a\u00f1o pasado; impresionante. 27.9% anual de incremento, con cinco millones quinientos ocho mil 62 pasajeros. As\u00ed sigue el destino en los primeros meses del a\u00f1o.<span class=\"Apple-converted-space\">\u00a0<\/span><\/p>\n<p>Las obras de infraestructura en Canc\u00fan avanzan a un buen ritmo, lo cual garantizar\u00e1 que en algunas, inclusive, pudiera adelantarse los tiempos de t\u00e9rmino, como lo es el Boulevard Colosio, que lleva m\u00e1s de 35%, entrando ya a la ciudad, por lo cual, el caos propio de estas obra, se afectar\u00e1 esa zona. Las dem\u00e1s obras avanzan tambi\u00e9n, aunque se perciben un poco lentas, pero van avanzando a buen ritmo.<span class=\"Apple-converted-space\">\u00a0<\/span><\/p>\n<p>El Tren Maya tambi\u00e9n avanza y en ello uno de los temas es el tema arqueol\u00f3gico, pues su preservaci\u00f3n es fundamental y por ello tambi\u00e9n, la administraci\u00f3n de Mara Lezama trabaja intensamente, para que lo que aqu\u00ed se encuentre, aqu\u00ed se quede, en los museos que sean necesarios. Saber y entender nuestro pasado, ayudar\u00e1 a nuestro futuro. Al tiempo.<span class=\"Apple-converted-space\">\u00a0<\/span><\/p>\n<p>Tres temas considero importantes para el estado, y que deben de tener un seguimiento puntual para no perjudicar nuestros logros tur\u00edsticos: en primer lugar, la seguridad; en segundo, el tema Uber-Taxis, que aunque las reuniones avanzan, la violencia contin\u00faa, sobre todo por algunos socios rebeldes que lo \u00fanico que provocan es da\u00f1ar al destino. Lo m\u00e1s importante aqu\u00ed es el trabajo legislativo que debe hacerse, para garantizar la legalidad ante todo. Ojal\u00e1 sea pronto, y que sea para beneficio de los ciudadanos y no de los taxistas.<span class=\"Apple-converted-space\">\u00a0<\/span><\/p>\n<p>Otro tema que avanza es el del gas natural, que permitir\u00e1 a los cancunenses y playenses optar por una opci\u00f3n m\u00e1s segura y barata, al mismo tiempo que preserva el ambiente. Muy pronto ser\u00e1 una realidad.<span class=\"Apple-converted-space\">\u00a0<\/span><\/p>\n<p>Les sigo invitando a que nos sigan en esta aventura, Junto con mi hermano Arturo Medina, a quien usted conoce muy bien, a disfrutar semanalmente del an\u00e1lisis informativo de lo acontecido en el estado, en M\u00e9xico y en el mundo, a trav\u00e9s de EL ROSTICERO. S\u00edganos en YouTube, Facebook, Twitter e<span class=\"Apple-converted-space\">\u00a0 <\/span>Instagram. Que el camino sea divertido y exitoso. Hasta la pr\u00f3xima. #EMDI #PRC. <span class=\"Apple-converted-space\">\u00a0<\/span><\/p>\n","protected":false},"excerpt":{"rendered":"<p>Desde el camerino Alejandro Rosel Comunicador y conductor Twitter: @AlejandroRosel7 &nbsp; Para: EMDI Y PRC, MI&hellip;<\/p>\n","protected":false},"author":95,"featured_media":49562,"comment_status":"closed","ping_status":"closed","sticky":false,"template":"","format":"standard","meta":{"_acf_changed":false,"_lmt_disableupdate":"","_lmt_disable":"","_mbp_gutenberg_autopost":false,"footnotes":""},"categories":[1008],"tags":[],"class_list":["post-54890","post","type-post","status-publish","format-standard","has-post-thumbnail","hentry","category-alejandro-rosel"],"acf":[],"yoast_head":"<!-- This site is optimized with the Yoast SEO plugin v27.3 - https:\/\/yoast.com\/product\/yoast-seo-wordpress\/ -->\n<title>TIANGUIS TUR\u00cdSTICO 2023\u00a0 | Revista Latitud 21<\/title>\n<meta name=\"description\" content=\"L21, Emprendedores y Negocios en el Caribe Mexicano, es la revista l\u00edder entre el Sector Empresarial y Tur\u00edstico del Caribe Mexicano.\" \/>\n<meta name=\"robots\" content=\"index, follow, max-snippet:-1, max-image-preview:large, max-video-preview:-1\" \/>\n<link rel=\"canonical\" href=\"https:\/\/l21.mx\/?p=54890\" \/>\n<meta name=\"twitter:card\" content=\"summary_large_image\" \/>\n<meta name=\"twitter:title\" content=\"TIANGUIS TUR\u00cdSTICO 2023\u00a0 | Revista Latitud 21\" \/>\n<meta name=\"twitter:description\" content=\"L21, Emprendedores y Negocios en el Caribe Mexicano, es la revista l\u00edder entre el Sector Empresarial y Tur\u00edstico del Caribe Mexicano.\" \/>\n<meta name=\"twitter:image\" content=\"https:\/\/l21.mx\/wp-content\/uploads\/2021\/04\/alejandro-rosel-desde-el-camerino.jpg\" \/>\n<meta name=\"twitter:creator\" content=\"@Latitud21mx\" \/>\n<meta name=\"twitter:site\" content=\"@Latitud21mx\" \/>\n<meta name=\"twitter:label1\" content=\"Escrito por\" \/>\n\t<meta name=\"twitter:data1\" content=\"ahernandez@latitud21.com.mx\" \/>\n\t<meta name=\"twitter:label2\" content=\"Tiempo de lectura\" \/>\n\t<meta name=\"twitter:data2\" content=\"3 minutos\" \/>\n<script type=\"application\/ld+json\" class=\"yoast-schema-graph\">{\"@context\":\"https:\\\/\\\/schema.org\",\"@graph\":[{\"@type\":\"Article\",\"@id\":\"https:\\\/\\\/l21.mx\\\/?p=54890#article\",\"isPartOf\":{\"@id\":\"https:\\\/\\\/l21.mx\\\/?p=54890\"},\"author\":{\"name\":\"ahernandez@latitud21.com.mx\",\"@id\":\"https:\\\/\\\/l21.mx\\\/#\\\/schema\\\/person\\\/b3cb342bb947a88e1fc27e05770479da\"},\"headline\":\"TIANGUIS TUR\u00cdSTICO 2023\u00a0\",\"datePublished\":\"2023-04-01T15:13:21+00:00\",\"mainEntityOfPage\":{\"@id\":\"https:\\\/\\\/l21.mx\\\/?p=54890\"},\"wordCount\":684,\"publisher\":{\"@id\":\"https:\\\/\\\/l21.mx\\\/#organization\"},\"image\":{\"@id\":\"https:\\\/\\\/l21.mx\\\/?p=54890#primaryimage\"},\"thumbnailUrl\":\"https:\\\/\\\/l21.mx\\\/wp-content\\\/uploads\\\/2021\\\/04\\\/alejandro-rosel-desde-el-camerino.jpg\",\"articleSection\":[\"Alejandro Rosel\"],\"inLanguage\":\"es\"},{\"@type\":\"WebPage\",\"@id\":\"https:\\\/\\\/l21.mx\\\/?p=54890\",\"url\":\"https:\\\/\\\/l21.mx\\\/?p=54890\",\"name\":\"TIANGUIS TUR\u00cdSTICO 2023\u00a0 | Revista Latitud 21\",\"isPartOf\":{\"@id\":\"https:\\\/\\\/l21.mx\\\/#website\"},\"primaryImageOfPage\":{\"@id\":\"https:\\\/\\\/l21.mx\\\/?p=54890#primaryimage\"},\"image\":{\"@id\":\"https:\\\/\\\/l21.mx\\\/?p=54890#primaryimage\"},\"thumbnailUrl\":\"https:\\\/\\\/l21.mx\\\/wp-content\\\/uploads\\\/2021\\\/04\\\/alejandro-rosel-desde-el-camerino.jpg\",\"datePublished\":\"2023-04-01T15:13:21+00:00\",\"description\":\"L21, Emprendedores y Negocios en el Caribe Mexicano, es la revista l\u00edder entre el Sector Empresarial y Tur\u00edstico del Caribe Mexicano.\",\"breadcrumb\":{\"@id\":\"https:\\\/\\\/l21.mx\\\/?p=54890#breadcrumb\"},\"inLanguage\":\"es\",\"potentialAction\":[{\"@type\":\"ReadAction\",\"target\":[\"https:\\\/\\\/l21.mx\\\/?p=54890\"]}]},{\"@type\":\"ImageObject\",\"inLanguage\":\"es\",\"@id\":\"https:\\\/\\\/l21.mx\\\/?p=54890#primaryimage\",\"url\":\"https:\\\/\\\/l21.mx\\\/wp-content\\\/uploads\\\/2021\\\/04\\\/alejandro-rosel-desde-el-camerino.jpg\",\"contentUrl\":\"https:\\\/\\\/l21.mx\\\/wp-content\\\/uploads\\\/2021\\\/04\\\/alejandro-rosel-desde-el-camerino.jpg\",\"width\":\"900\",\"height\":\"599\"},{\"@type\":\"BreadcrumbList\",\"@id\":\"https:\\\/\\\/l21.mx\\\/?p=54890#breadcrumb\",\"itemListElement\":[{\"@type\":\"ListItem\",\"position\":1,\"name\":\"Portada\",\"item\":\"https:\\\/\\\/l21.mx\\\/\"},{\"@type\":\"ListItem\",\"position\":2,\"name\":\"TIANGUIS TUR\u00cdSTICO 2023\u00a0\"}]},{\"@type\":\"WebSite\",\"@id\":\"https:\\\/\\\/l21.mx\\\/#website\",\"url\":\"https:\\\/\\\/l21.mx\\\/\",\"name\":\"Revista Latitud 21\",\"description\":\"Emprendedores  y negocios en el Caribe Mexicano\",\"publisher\":{\"@id\":\"https:\\\/\\\/l21.mx\\\/#organization\"},\"potentialAction\":[{\"@type\":\"SearchAction\",\"target\":{\"@type\":\"EntryPoint\",\"urlTemplate\":\"https:\\\/\\\/l21.mx\\\/?s={search_term_string}\"},\"query-input\":{\"@type\":\"PropertyValueSpecification\",\"valueRequired\":true,\"valueName\":\"search_term_string\"}}],\"inLanguage\":\"es\"},{\"@type\":\"Organization\",\"@id\":\"https:\\\/\\\/l21.mx\\\/#organization\",\"name\":\"Grupo Editorial Latitud 21 SA de CV\",\"url\":\"https:\\\/\\\/l21.mx\\\/\",\"logo\":{\"@type\":\"ImageObject\",\"inLanguage\":\"es\",\"@id\":\"https:\\\/\\\/l21.mx\\\/#\\\/schema\\\/logo\\\/image\\\/\",\"url\":\"https:\\\/\\\/l21.mx\\\/wp-content\\\/uploads\\\/2020\\\/10\\\/logo-l21-baja.jpg\",\"contentUrl\":\"https:\\\/\\\/l21.mx\\\/wp-content\\\/uploads\\\/2020\\\/10\\\/logo-l21-baja.jpg\",\"width\":250,\"height\":250,\"caption\":\"Grupo Editorial Latitud 21 SA de CV\"},\"image\":{\"@id\":\"https:\\\/\\\/l21.mx\\\/#\\\/schema\\\/logo\\\/image\\\/\"},\"sameAs\":[\"https:\\\/\\\/www.facebook.com\\\/RevistaLatitud21\\\/\",\"https:\\\/\\\/x.com\\\/Latitud21mx\"]},{\"@type\":\"Person\",\"@id\":\"https:\\\/\\\/l21.mx\\\/#\\\/schema\\\/person\\\/b3cb342bb947a88e1fc27e05770479da\",\"name\":\"ahernandez@latitud21.com.mx\",\"url\":\"https:\\\/\\\/l21.mx\\\/?author=95\"}]}<\/script>\n<!-- \/ Yoast SEO plugin. -->","yoast_head_json":{"title":"TIANGUIS TUR\u00cdSTICO 2023\u00a0 | Revista Latitud 21","description":"L21, Emprendedores y Negocios en el Caribe Mexicano, es la revista l\u00edder entre el Sector Empresarial y Tur\u00edstico del Caribe Mexicano.","robots":{"index":"index","follow":"follow","max-snippet":"max-snippet:-1","max-image-preview":"max-image-preview:large","max-video-preview":"max-video-preview:-1"},"canonical":"https:\/\/l21.mx\/?p=54890","twitter_card":"summary_large_image","twitter_title":"TIANGUIS TUR\u00cdSTICO 2023\u00a0 | Revista Latitud 21","twitter_description":"L21, Emprendedores y Negocios en el Caribe Mexicano, es la revista l\u00edder entre el Sector Empresarial y Tur\u00edstico del Caribe Mexicano.","twitter_image":"https:\/\/l21.mx\/wp-content\/uploads\/2021\/04\/alejandro-rosel-desde-el-camerino.jpg","twitter_creator":"@Latitud21mx","twitter_site":"@Latitud21mx","twitter_misc":{"Escrito por":"ahernandez@latitud21.com.mx","Tiempo de lectura":"3 minutos"},"schema":{"@context":"https:\/\/schema.org","@graph":[{"@type":"Article","@id":"https:\/\/l21.mx\/?p=54890#article","isPartOf":{"@id":"https:\/\/l21.mx\/?p=54890"},"author":{"name":"ahernandez@latitud21.com.mx","@id":"https:\/\/l21.mx\/#\/schema\/person\/b3cb342bb947a88e1fc27e05770479da"},"headline":"TIANGUIS TUR\u00cdSTICO 2023\u00a0","datePublished":"2023-04-01T15:13:21+00:00","mainEntityOfPage":{"@id":"https:\/\/l21.mx\/?p=54890"},"wordCount":684,"publisher":{"@id":"https:\/\/l21.mx\/#organization"},"image":{"@id":"https:\/\/l21.mx\/?p=54890#primaryimage"},"thumbnailUrl":"https:\/\/l21.mx\/wp-content\/uploads\/2021\/04\/alejandro-rosel-desde-el-camerino.jpg","articleSection":["Alejandro Rosel"],"inLanguage":"es"},{"@type":"WebPage","@id":"https:\/\/l21.mx\/?p=54890","url":"https:\/\/l21.mx\/?p=54890","name":"TIANGUIS TUR\u00cdSTICO 2023\u00a0 | Revista Latitud 21","isPartOf":{"@id":"https:\/\/l21.mx\/#website"},"primaryImageOfPage":{"@id":"https:\/\/l21.mx\/?p=54890#primaryimage"},"image":{"@id":"https:\/\/l21.mx\/?p=54890#primaryimage"},"thumbnailUrl":"https:\/\/l21.mx\/wp-content\/uploads\/2021\/04\/alejandro-rosel-desde-el-camerino.jpg","datePublished":"2023-04-01T15:13:21+00:00","description":"L21, Emprendedores y Negocios en el Caribe Mexicano, es la revista l\u00edder entre el Sector Empresarial y Tur\u00edstico del Caribe Mexicano.","breadcrumb":{"@id":"https:\/\/l21.mx\/?p=54890#breadcrumb"},"inLanguage":"es","potentialAction":[{"@type":"ReadAction","target":["https:\/\/l21.mx\/?p=54890"]}]},{"@type":"ImageObject","inLanguage":"es","@id":"https:\/\/l21.mx\/?p=54890#primaryimage","url":"https:\/\/l21.mx\/wp-content\/uploads\/2021\/04\/alejandro-rosel-desde-el-camerino.jpg","contentUrl":"https:\/\/l21.mx\/wp-content\/uploads\/2021\/04\/alejandro-rosel-desde-el-camerino.jpg","width":"900","height":"599"},{"@type":"BreadcrumbList","@id":"https:\/\/l21.mx\/?p=54890#breadcrumb","itemListElement":[{"@type":"ListItem","position":1,"name":"Portada","item":"https:\/\/l21.mx\/"},{"@type":"ListItem","position":2,"name":"TIANGUIS TUR\u00cdSTICO 2023\u00a0"}]},{"@type":"WebSite","@id":"https:\/\/l21.mx\/#website","url":"https:\/\/l21.mx\/","name":"Revista Latitud 21","description":"Emprendedores  y negocios en el Caribe Mexicano","publisher":{"@id":"https:\/\/l21.mx\/#organization"},"potentialAction":[{"@type":"SearchAction","target":{"@type":"EntryPoint","urlTemplate":"https:\/\/l21.mx\/?s={search_term_string}"},"query-input":{"@type":"PropertyValueSpecification","valueRequired":true,"valueName":"search_term_string"}}],"inLanguage":"es"},{"@type":"Organization","@id":"https:\/\/l21.mx\/#organization","name":"Grupo Editorial Latitud 21 SA de CV","url":"https:\/\/l21.mx\/","logo":{"@type":"ImageObject","inLanguage":"es","@id":"https:\/\/l21.mx\/#\/schema\/logo\/image\/","url":"https:\/\/l21.mx\/wp-content\/uploads\/2020\/10\/logo-l21-baja.jpg","contentUrl":"https:\/\/l21.mx\/wp-content\/uploads\/2020\/10\/logo-l21-baja.jpg","width":250,"height":250,"caption":"Grupo Editorial Latitud 21 SA de CV"},"image":{"@id":"https:\/\/l21.mx\/#\/schema\/logo\/image\/"},"sameAs":["https:\/\/www.facebook.com\/RevistaLatitud21\/","https:\/\/x.com\/Latitud21mx"]},{"@type":"Person","@id":"https:\/\/l21.mx\/#\/schema\/person\/b3cb342bb947a88e1fc27e05770479da","name":"ahernandez@latitud21.com.mx","url":"https:\/\/l21.mx\/?author=95"}]}},"amp_enabled":true,"_links":{"self":[{"href":"https:\/\/l21.mx\/index.php?rest_route=\/wp\/v2\/posts\/54890","targetHints":{"allow":["GET"]}}],"collection":[{"href":"https:\/\/l21.mx\/index.php?rest_route=\/wp\/v2\/posts"}],"about":[{"href":"https:\/\/l21.mx\/index.php?rest_route=\/wp\/v2\/types\/post"}],"author":[{"embeddable":true,"href":"https:\/\/l21.mx\/index.php?rest_route=\/wp\/v2\/users\/95"}],"replies":[{"embeddable":true,"href":"https:\/\/l21.mx\/index.php?rest_route=%2Fwp%2Fv2%2Fcomments&post=54890"}],"version-history":[{"count":1,"href":"https:\/\/l21.mx\/index.php?rest_route=\/wp\/v2\/posts\/54890\/revisions"}],"predecessor-version":[{"id":54891,"href":"https:\/\/l21.mx\/index.php?rest_route=\/wp\/v2\/posts\/54890\/revisions\/54891"}],"wp:featuredmedia":[{"embeddable":true,"href":"https:\/\/l21.mx\/index.php?rest_route=\/wp\/v2\/media\/49562"}],"wp:attachment":[{"href":"https:\/\/l21.mx\/index.php?rest_route=%2Fwp%2Fv2%2Fmedia&parent=54890"}],"wp:term":[{"taxonomy":"category","embeddable":true,"href":"https:\/\/l21.mx\/index.php?rest_route=%2Fwp%2Fv2%2Fcategories&post=54890"},{"taxonomy":"post_tag","embeddable":true,"href":"https:\/\/l21.mx\/index.php?rest_route=%2Fwp%2Fv2%2Ftags&post=54890"}],"curies":[{"name":"wp","href":"https:\/\/api.w.org\/{rel}","templated":true}]}}