{"id":54894,"date":"2023-04-01T10:17:26","date_gmt":"2023-04-01T15:17:26","guid":{"rendered":"https:\/\/l21.mx\/?p=54894"},"modified":"2023-04-01T10:18:41","modified_gmt":"2023-04-01T15:18:41","slug":"the-home-depot-abre-en-cancun-su-tienda-numero-135-en-mexico","status":"publish","type":"post","link":"https:\/\/l21.mx\/?p=54894","title":{"rendered":"The Home Depot abre en Canc\u00fan su tienda n\u00famero 135 en M\u00e9xico"},"content":{"rendered":"<p><b>C<\/b>on el fin de robustecer su presencia en el pa\u00eds, The Home Depot abri\u00f3 su cuarta tienda en Quintana Roo, que es la 135 a nivel nacional.<\/p>\n<p>Ubicada en el boulevard Luis Donaldo Colosio, esta nueva sucursal requiri\u00f3 una inversi\u00f3n de 440 millones de pesos y gener\u00f3 570 empleos directos.<span class=\"Apple-converted-space\">\u00a0<\/span><\/p>\n<p>Adem\u00e1s de esta tienda, la firma pretende abrir otras en la Rep\u00fablica Mexicana, reforzar su cadena de suministro, fortalecer su estrategia de retail interconectado y mejorar sus indicadores de servicio al cliente.<\/p>\n<p>A la inauguraci\u00f3n asisti\u00f3 Jos\u00e9 A. Rodr\u00edguez Garza, presidente y director general en M\u00e9xico; \u00c9rika D\u00edaz, vicepresidenta de Mercadotecnia, Venta en L\u00ednea y Servicios Especiales; as\u00ed como Gabriel L\u00f3pez Negrete, vicepresidente de Comercializaci\u00f3n.<\/p>\n<p>Rodr\u00edguez Garza destac\u00f3 el entusiasmo por abrir esta segunda tienda del a\u00f1o. \u201cQueremos seguir creciendo y estar cada vez m\u00e1s cerca de nuestros clientes para ofrecerles la mejor experiencia, impulsar la generaci\u00f3n de empleo y la actividad econ\u00f3mica de Quintana Roo\u201d.<\/p>\n<div data-sliderid=\"70566\" id=\"penci-post-gallery__70566\" class=\"penci-post-gallery-container justified column-3\" data-height=\"150\" data-margin=\"3\"><a class=\"penci-gallery-ite item-gallery-justified\" href=\"https:\/\/l21.mx\/wp-content\/uploads\/2023\/04\/Corte-madero.jpg\" data-rel=\"penci-gallery-image-content\" ><img decoding=\"async\" src=\"https:\/\/l21.mx\/wp-content\/uploads\/2023\/04\/Corte-madero-585x439.jpg\" alt=\"\" title=\"Corte-madero\"><\/a><a class=\"penci-gallery-ite item-gallery-justified\" href=\"https:\/\/l21.mx\/wp-content\/uploads\/2023\/04\/20230309_113650.jpg\" data-rel=\"penci-gallery-image-content\" ><img decoding=\"async\" src=\"https:\/\/l21.mx\/wp-content\/uploads\/2023\/04\/20230309_113650-585x330.jpg\" alt=\"\" title=\"20230309_113650\"><\/a><a class=\"penci-gallery-ite item-gallery-justified\" href=\"https:\/\/l21.mx\/wp-content\/uploads\/2023\/04\/20230309_112819.jpg\" data-rel=\"penci-gallery-image-content\" ><img decoding=\"async\" src=\"https:\/\/l21.mx\/wp-content\/uploads\/2023\/04\/20230309_112819-585x330.jpg\" alt=\"\" title=\"20230309_112819\"><\/a><a class=\"penci-gallery-ite item-gallery-justified\" href=\"https:\/\/l21.mx\/wp-content\/uploads\/2023\/04\/Fachada.jpg\" data-rel=\"penci-gallery-image-content\" ><img decoding=\"async\" src=\"https:\/\/l21.mx\/wp-content\/uploads\/2023\/04\/Fachada-585x261.jpg\" alt=\"\" title=\"Fachada\"><\/a><\/div>\n<p>En tanto, la gobernadora, Mara Lezama Espinosa, agradeci\u00f3 a la compa\u00f1\u00eda por esta inversi\u00f3n, que refleja que Canc\u00fan sigue siendo tierra de oportunidades.<span class=\"Apple-converted-space\">\u00a0<\/span><\/p>\n<p>Adem\u00e1s, destac\u00f3 que m\u00e1s del 70% de la plantilla de esta empresa son mujeres.<\/p>\n<p>Con esta nueva tienda, The Home Depot supera los 1,200 millones de pesos invertidos en el estado, donde opera cuatro tiendas: dos en Canc\u00fan, una en Playa del Carmen y otra en Chetumal.<\/p>\n<p>\u201cLa apertura de esta tienda es el reflejo de que, Canc\u00fan, tiene mucho potencial para las inversiones; tenemos una econom\u00eda din\u00e1mica y s\u00f3lida. Brindamos certeza jur\u00eddica a los empresarios e inversionistas\u201d, coment\u00f3 Ana Patricia Peralta, alcaldesa de Benito Ju\u00e1rez.<\/p>\n<p>Los directivos explicaron que esta nueva tienda brinda la mejor experiencia a sus tres tipos de clientes: Hazlo t\u00fa mismo (Do it yourself \u2013 DIY), Oficio y Profesionales (Pro).<\/p>\n<p>Adem\u00e1s, es una tienda pet friendly, por lo que invitan a sus clientes a que acudan con sus mascotas.<span class=\"Apple-converted-space\">\u00a0<\/span> <span class=\"Apple-converted-space\">\u00a0<\/span><\/p>\n<p>&nbsp;<\/p>\n<h2><strong>Responsabilidad social<span class=\"Apple-converted-space\">\u00a0<\/span><\/strong><\/h2>\n<p>Como parte de su compromiso y eslogan de \u201cDevolver a la Comunidad\u201d como valor de la empresa, antes de su apertura, personal de la tienda Colosio llev\u00f3 a cabo un Equipo Depot, en el Parque Alfredo V. Bonfil, en el que realiz\u00f3 actividades de pintura, jardiner\u00eda y limpieza para mejorar sus instalaciones.<\/p>\n<div data-sliderid=\"4940\" id=\"penci-post-gallery__4940\" class=\"penci-post-gallery-container justified column-3\" data-height=\"150\" data-margin=\"3\"><a class=\"penci-gallery-ite item-gallery-justified\" href=\"https:\/\/l21.mx\/wp-content\/uploads\/2023\/04\/Equipo-Depot-Cancun-1-scaled.jpg\" data-rel=\"penci-gallery-image-content\" ><img decoding=\"async\" src=\"https:\/\/l21.mx\/wp-content\/uploads\/2023\/04\/Equipo-Depot-Cancun-1-585x1041.jpg\" alt=\"\" title=\"Equipo-Depot-Canc\u00fan-(1)\"><\/a><a class=\"penci-gallery-ite item-gallery-justified\" href=\"https:\/\/l21.mx\/wp-content\/uploads\/2023\/04\/Equipo-Depot-Cancun-9-scaled.jpg\" data-rel=\"penci-gallery-image-content\" ><img decoding=\"async\" src=\"https:\/\/l21.mx\/wp-content\/uploads\/2023\/04\/Equipo-Depot-Cancun-9-585x1041.jpg\" alt=\"\" title=\"Equipo-Depot-Canc\u00fan-(9)\"><\/a><a class=\"penci-gallery-ite item-gallery-justified\" href=\"https:\/\/l21.mx\/wp-content\/uploads\/2023\/04\/Equipo-Depot-Cancun-2.jpg\" data-rel=\"penci-gallery-image-content\" ><img decoding=\"async\" src=\"https:\/\/l21.mx\/wp-content\/uploads\/2023\/04\/Equipo-Depot-Cancun-2-585x439.jpg\" alt=\"\" title=\"Equipo-Depot-Canc\u00fan-(2)\"><\/a><\/div>\n","protected":false},"excerpt":{"rendered":"<p>Con el fin de robustecer su presencia en el pa\u00eds, The Home Depot abri\u00f3 su cuarta&hellip;<\/p>\n","protected":false},"author":95,"featured_media":54897,"comment_status":"closed","ping_status":"closed","sticky":false,"template":"","format":"standard","meta":{"_acf_changed":false,"_lmt_disableupdate":"","_lmt_disable":"","_mbp_gutenberg_autopost":false,"footnotes":""},"categories":[4],"tags":[48,360,1660,1659,361,1661],"class_list":["post-54894","post","type-post","status-publish","format-standard","has-post-thumbnail","hentry","category-empresas-y-negocios","tag-cancun","tag-empresas","tag-ferreteria","tag-home-depot","tag-negocios","tag-pet-friendly"],"acf":[],"yoast_head":"<!-- This site is optimized with the Yoast SEO plugin v27.3 - https:\/\/yoast.com\/product\/yoast-seo-wordpress\/ -->\n<title>The Home Depot abre en Canc\u00fan su tienda n\u00famero 135 en M\u00e9xico | Revista Latitud 21<\/title>\n<meta name=\"description\" content=\"L21, Emprendedores y Negocios en el Caribe Mexicano, es la revista l\u00edder entre el Sector Empresarial y Tur\u00edstico del Caribe Mexicano.\" \/>\n<meta name=\"robots\" content=\"index, follow, max-snippet:-1, max-image-preview:large, max-video-preview:-1\" \/>\n<link rel=\"canonical\" href=\"https:\/\/l21.mx\/?p=54894\" \/>\n<meta name=\"twitter:card\" content=\"summary_large_image\" \/>\n<meta name=\"twitter:title\" content=\"The Home Depot abre en Canc\u00fan su tienda n\u00famero 135 en M\u00e9xico | Revista Latitud 21\" \/>\n<meta name=\"twitter:description\" content=\"L21, Emprendedores y Negocios en el Caribe Mexicano, es la revista l\u00edder entre el Sector Empresarial y Tur\u00edstico del Caribe Mexicano.\" \/>\n<meta name=\"twitter:image\" content=\"https:\/\/l21.mx\/wp-content\/uploads\/2023\/04\/Fachada.jpg\" \/>\n<meta name=\"twitter:creator\" content=\"@Latitud21mx\" \/>\n<meta name=\"twitter:site\" content=\"@Latitud21mx\" \/>\n<meta name=\"twitter:label1\" content=\"Escrito por\" \/>\n\t<meta name=\"twitter:data1\" content=\"ahernandez@latitud21.com.mx\" \/>\n\t<meta name=\"twitter:label2\" content=\"Tiempo de lectura\" \/>\n\t<meta name=\"twitter:data2\" content=\"2 minutos\" \/>\n<script type=\"application\/ld+json\" class=\"yoast-schema-graph\">{\"@context\":\"https:\\\/\\\/schema.org\",\"@graph\":[{\"@type\":\"Article\",\"@id\":\"https:\\\/\\\/l21.mx\\\/?p=54894#article\",\"isPartOf\":{\"@id\":\"https:\\\/\\\/l21.mx\\\/?p=54894\"},\"author\":{\"name\":\"ahernandez@latitud21.com.mx\",\"@id\":\"https:\\\/\\\/l21.mx\\\/#\\\/schema\\\/person\\\/b3cb342bb947a88e1fc27e05770479da\"},\"headline\":\"The Home Depot abre en Canc\u00fan su tienda n\u00famero 135 en M\u00e9xico\",\"datePublished\":\"2023-04-01T15:17:26+00:00\",\"dateModified\":\"2023-04-01T15:18:41+00:00\",\"mainEntityOfPage\":{\"@id\":\"https:\\\/\\\/l21.mx\\\/?p=54894\"},\"wordCount\":412,\"publisher\":{\"@id\":\"https:\\\/\\\/l21.mx\\\/#organization\"},\"image\":{\"@id\":\"https:\\\/\\\/l21.mx\\\/?p=54894#primaryimage\"},\"thumbnailUrl\":\"https:\\\/\\\/l21.mx\\\/wp-content\\\/uploads\\\/2023\\\/04\\\/Fachada.jpg\",\"keywords\":[\"Cancun\",\"Empresas\",\"ferreter\u00eda\",\"Home Depot\",\"Negocios\",\"pet friendly\"],\"articleSection\":[\"Empresas y Negocios\"],\"inLanguage\":\"es\"},{\"@type\":\"WebPage\",\"@id\":\"https:\\\/\\\/l21.mx\\\/?p=54894\",\"url\":\"https:\\\/\\\/l21.mx\\\/?p=54894\",\"name\":\"The Home Depot abre en Canc\u00fan su tienda n\u00famero 135 en M\u00e9xico | Revista Latitud 21\",\"isPartOf\":{\"@id\":\"https:\\\/\\\/l21.mx\\\/#website\"},\"primaryImageOfPage\":{\"@id\":\"https:\\\/\\\/l21.mx\\\/?p=54894#primaryimage\"},\"image\":{\"@id\":\"https:\\\/\\\/l21.mx\\\/?p=54894#primaryimage\"},\"thumbnailUrl\":\"https:\\\/\\\/l21.mx\\\/wp-content\\\/uploads\\\/2023\\\/04\\\/Fachada.jpg\",\"datePublished\":\"2023-04-01T15:17:26+00:00\",\"dateModified\":\"2023-04-01T15:18:41+00:00\",\"description\":\"L21, Emprendedores y Negocios en el Caribe Mexicano, es la revista l\u00edder entre el Sector Empresarial y Tur\u00edstico del Caribe Mexicano.\",\"breadcrumb\":{\"@id\":\"https:\\\/\\\/l21.mx\\\/?p=54894#breadcrumb\"},\"inLanguage\":\"es\",\"potentialAction\":[{\"@type\":\"ReadAction\",\"target\":[\"https:\\\/\\\/l21.mx\\\/?p=54894\"]}]},{\"@type\":\"ImageObject\",\"inLanguage\":\"es\",\"@id\":\"https:\\\/\\\/l21.mx\\\/?p=54894#primaryimage\",\"url\":\"https:\\\/\\\/l21.mx\\\/wp-content\\\/uploads\\\/2023\\\/04\\\/Fachada.jpg\",\"contentUrl\":\"https:\\\/\\\/l21.mx\\\/wp-content\\\/uploads\\\/2023\\\/04\\\/Fachada.jpg\",\"width\":1500,\"height\":670},{\"@type\":\"BreadcrumbList\",\"@id\":\"https:\\\/\\\/l21.mx\\\/?p=54894#breadcrumb\",\"itemListElement\":[{\"@type\":\"ListItem\",\"position\":1,\"name\":\"Portada\",\"item\":\"https:\\\/\\\/l21.mx\\\/\"},{\"@type\":\"ListItem\",\"position\":2,\"name\":\"The Home Depot abre en Canc\u00fan su tienda n\u00famero 135 en M\u00e9xico\"}]},{\"@type\":\"WebSite\",\"@id\":\"https:\\\/\\\/l21.mx\\\/#website\",\"url\":\"https:\\\/\\\/l21.mx\\\/\",\"name\":\"Revista Latitud 21\",\"description\":\"Emprendedores  y negocios en el Caribe Mexicano\",\"publisher\":{\"@id\":\"https:\\\/\\\/l21.mx\\\/#organization\"},\"potentialAction\":[{\"@type\":\"SearchAction\",\"target\":{\"@type\":\"EntryPoint\",\"urlTemplate\":\"https:\\\/\\\/l21.mx\\\/?s={search_term_string}\"},\"query-input\":{\"@type\":\"PropertyValueSpecification\",\"valueRequired\":true,\"valueName\":\"search_term_string\"}}],\"inLanguage\":\"es\"},{\"@type\":\"Organization\",\"@id\":\"https:\\\/\\\/l21.mx\\\/#organization\",\"name\":\"Grupo Editorial Latitud 21 SA de CV\",\"url\":\"https:\\\/\\\/l21.mx\\\/\",\"logo\":{\"@type\":\"ImageObject\",\"inLanguage\":\"es\",\"@id\":\"https:\\\/\\\/l21.mx\\\/#\\\/schema\\\/logo\\\/image\\\/\",\"url\":\"https:\\\/\\\/l21.mx\\\/wp-content\\\/uploads\\\/2020\\\/10\\\/logo-l21-baja.jpg\",\"contentUrl\":\"https:\\\/\\\/l21.mx\\\/wp-content\\\/uploads\\\/2020\\\/10\\\/logo-l21-baja.jpg\",\"width\":250,\"height\":250,\"caption\":\"Grupo Editorial Latitud 21 SA de CV\"},\"image\":{\"@id\":\"https:\\\/\\\/l21.mx\\\/#\\\/schema\\\/logo\\\/image\\\/\"},\"sameAs\":[\"https:\\\/\\\/www.facebook.com\\\/RevistaLatitud21\\\/\",\"https:\\\/\\\/x.com\\\/Latitud21mx\"]},{\"@type\":\"Person\",\"@id\":\"https:\\\/\\\/l21.mx\\\/#\\\/schema\\\/person\\\/b3cb342bb947a88e1fc27e05770479da\",\"name\":\"ahernandez@latitud21.com.mx\",\"url\":\"https:\\\/\\\/l21.mx\\\/?author=95\"}]}<\/script>\n<!-- \/ Yoast SEO plugin. -->","yoast_head_json":{"title":"The Home Depot abre en Canc\u00fan su tienda n\u00famero 135 en M\u00e9xico | Revista Latitud 21","description":"L21, Emprendedores y Negocios en el Caribe Mexicano, es la revista l\u00edder entre el Sector Empresarial y Tur\u00edstico del Caribe Mexicano.","robots":{"index":"index","follow":"follow","max-snippet":"max-snippet:-1","max-image-preview":"max-image-preview:large","max-video-preview":"max-video-preview:-1"},"canonical":"https:\/\/l21.mx\/?p=54894","twitter_card":"summary_large_image","twitter_title":"The Home Depot abre en Canc\u00fan su tienda n\u00famero 135 en M\u00e9xico | Revista Latitud 21","twitter_description":"L21, Emprendedores y Negocios en el Caribe Mexicano, es la revista l\u00edder entre el Sector Empresarial y Tur\u00edstico del Caribe Mexicano.","twitter_image":"https:\/\/l21.mx\/wp-content\/uploads\/2023\/04\/Fachada.jpg","twitter_creator":"@Latitud21mx","twitter_site":"@Latitud21mx","twitter_misc":{"Escrito por":"ahernandez@latitud21.com.mx","Tiempo de lectura":"2 minutos"},"schema":{"@context":"https:\/\/schema.org","@graph":[{"@type":"Article","@id":"https:\/\/l21.mx\/?p=54894#article","isPartOf":{"@id":"https:\/\/l21.mx\/?p=54894"},"author":{"name":"ahernandez@latitud21.com.mx","@id":"https:\/\/l21.mx\/#\/schema\/person\/b3cb342bb947a88e1fc27e05770479da"},"headline":"The Home Depot abre en Canc\u00fan su tienda n\u00famero 135 en M\u00e9xico","datePublished":"2023-04-01T15:17:26+00:00","dateModified":"2023-04-01T15:18:41+00:00","mainEntityOfPage":{"@id":"https:\/\/l21.mx\/?p=54894"},"wordCount":412,"publisher":{"@id":"https:\/\/l21.mx\/#organization"},"image":{"@id":"https:\/\/l21.mx\/?p=54894#primaryimage"},"thumbnailUrl":"https:\/\/l21.mx\/wp-content\/uploads\/2023\/04\/Fachada.jpg","keywords":["Cancun","Empresas","ferreter\u00eda","Home Depot","Negocios","pet friendly"],"articleSection":["Empresas y Negocios"],"inLanguage":"es"},{"@type":"WebPage","@id":"https:\/\/l21.mx\/?p=54894","url":"https:\/\/l21.mx\/?p=54894","name":"The Home Depot abre en Canc\u00fan su tienda n\u00famero 135 en M\u00e9xico | Revista Latitud 21","isPartOf":{"@id":"https:\/\/l21.mx\/#website"},"primaryImageOfPage":{"@id":"https:\/\/l21.mx\/?p=54894#primaryimage"},"image":{"@id":"https:\/\/l21.mx\/?p=54894#primaryimage"},"thumbnailUrl":"https:\/\/l21.mx\/wp-content\/uploads\/2023\/04\/Fachada.jpg","datePublished":"2023-04-01T15:17:26+00:00","dateModified":"2023-04-01T15:18:41+00:00","description":"L21, Emprendedores y Negocios en el Caribe Mexicano, es la revista l\u00edder entre el Sector Empresarial y Tur\u00edstico del Caribe Mexicano.","breadcrumb":{"@id":"https:\/\/l21.mx\/?p=54894#breadcrumb"},"inLanguage":"es","potentialAction":[{"@type":"ReadAction","target":["https:\/\/l21.mx\/?p=54894"]}]},{"@type":"ImageObject","inLanguage":"es","@id":"https:\/\/l21.mx\/?p=54894#primaryimage","url":"https:\/\/l21.mx\/wp-content\/uploads\/2023\/04\/Fachada.jpg","contentUrl":"https:\/\/l21.mx\/wp-content\/uploads\/2023\/04\/Fachada.jpg","width":1500,"height":670},{"@type":"BreadcrumbList","@id":"https:\/\/l21.mx\/?p=54894#breadcrumb","itemListElement":[{"@type":"ListItem","position":1,"name":"Portada","item":"https:\/\/l21.mx\/"},{"@type":"ListItem","position":2,"name":"The Home Depot abre en Canc\u00fan su tienda n\u00famero 135 en M\u00e9xico"}]},{"@type":"WebSite","@id":"https:\/\/l21.mx\/#website","url":"https:\/\/l21.mx\/","name":"Revista Latitud 21","description":"Emprendedores  y negocios en el Caribe Mexicano","publisher":{"@id":"https:\/\/l21.mx\/#organization"},"potentialAction":[{"@type":"SearchAction","target":{"@type":"EntryPoint","urlTemplate":"https:\/\/l21.mx\/?s={search_term_string}"},"query-input":{"@type":"PropertyValueSpecification","valueRequired":true,"valueName":"search_term_string"}}],"inLanguage":"es"},{"@type":"Organization","@id":"https:\/\/l21.mx\/#organization","name":"Grupo Editorial Latitud 21 SA de CV","url":"https:\/\/l21.mx\/","logo":{"@type":"ImageObject","inLanguage":"es","@id":"https:\/\/l21.mx\/#\/schema\/logo\/image\/","url":"https:\/\/l21.mx\/wp-content\/uploads\/2020\/10\/logo-l21-baja.jpg","contentUrl":"https:\/\/l21.mx\/wp-content\/uploads\/2020\/10\/logo-l21-baja.jpg","width":250,"height":250,"caption":"Grupo Editorial Latitud 21 SA de CV"},"image":{"@id":"https:\/\/l21.mx\/#\/schema\/logo\/image\/"},"sameAs":["https:\/\/www.facebook.com\/RevistaLatitud21\/","https:\/\/x.com\/Latitud21mx"]},{"@type":"Person","@id":"https:\/\/l21.mx\/#\/schema\/person\/b3cb342bb947a88e1fc27e05770479da","name":"ahernandez@latitud21.com.mx","url":"https:\/\/l21.mx\/?author=95"}]}},"amp_enabled":true,"_links":{"self":[{"href":"https:\/\/l21.mx\/index.php?rest_route=\/wp\/v2\/posts\/54894","targetHints":{"allow":["GET"]}}],"collection":[{"href":"https:\/\/l21.mx\/index.php?rest_route=\/wp\/v2\/posts"}],"about":[{"href":"https:\/\/l21.mx\/index.php?rest_route=\/wp\/v2\/types\/post"}],"author":[{"embeddable":true,"href":"https:\/\/l21.mx\/index.php?rest_route=\/wp\/v2\/users\/95"}],"replies":[{"embeddable":true,"href":"https:\/\/l21.mx\/index.php?rest_route=%2Fwp%2Fv2%2Fcomments&post=54894"}],"version-history":[{"count":3,"href":"https:\/\/l21.mx\/index.php?rest_route=\/wp\/v2\/posts\/54894\/revisions"}],"predecessor-version":[{"id":54906,"href":"https:\/\/l21.mx\/index.php?rest_route=\/wp\/v2\/posts\/54894\/revisions\/54906"}],"wp:featuredmedia":[{"embeddable":true,"href":"https:\/\/l21.mx\/index.php?rest_route=\/wp\/v2\/media\/54897"}],"wp:attachment":[{"href":"https:\/\/l21.mx\/index.php?rest_route=%2Fwp%2Fv2%2Fmedia&parent=54894"}],"wp:term":[{"taxonomy":"category","embeddable":true,"href":"https:\/\/l21.mx\/index.php?rest_route=%2Fwp%2Fv2%2Fcategories&post=54894"},{"taxonomy":"post_tag","embeddable":true,"href":"https:\/\/l21.mx\/index.php?rest_route=%2Fwp%2Fv2%2Ftags&post=54894"}],"curies":[{"name":"wp","href":"https:\/\/api.w.org\/{rel}","templated":true}]}}