{"id":55062,"date":"2023-04-01T11:19:42","date_gmt":"2023-04-01T16:19:42","guid":{"rendered":"https:\/\/l21.mx\/?p=55062"},"modified":"2023-04-01T11:19:42","modified_gmt":"2023-04-01T16:19:42","slug":"abr-16-medio-maraton-cancun-53","status":"publish","type":"post","link":"https:\/\/l21.mx\/?p=55062","title":{"rendered":"Abr 16 \u2022\u00a0Medio Marat\u00f3n Canc\u00fan 53"},"content":{"rendered":"<p>&nbsp;<\/p>\n<p><b>Como parte de los festejos por el aniversario de la fundaci\u00f3n de Canc\u00fan, esta competencia deportiva ofrece a los atletas la posibilidad de correr 5, 10 o 21 kil\u00f3metros. La salida y meta es la Plaza de la Reforma, frente al Ayuntamiento. Se espera la participaci\u00f3n de 1,000 corredores, quienes har\u00e1n su mayor esfuerzo por llegar en los primeros lugares, ya que premiar\u00e1n en efectivo y con trofeo a los tres primeros en ambas ramas: varonil y femenil.<\/b><\/p>\n","protected":false},"excerpt":{"rendered":"<p>&nbsp; Como parte de los festejos por el aniversario de la fundaci\u00f3n de Canc\u00fan, esta competencia&hellip;<\/p>\n","protected":false},"author":95,"featured_media":55047,"comment_status":"closed","ping_status":"closed","sticky":false,"template":"","format":"standard","meta":{"_acf_changed":false,"_lmt_disableupdate":"","_lmt_disable":"","_mbp_gutenberg_autopost":false,"footnotes":""},"categories":[476],"tags":[],"class_list":["post-55062","post","type-post","status-publish","format-standard","has-post-thumbnail","hentry","category-agenda"],"acf":[],"_links":{"self":[{"href":"https:\/\/l21.mx\/index.php?rest_route=\/wp\/v2\/posts\/55062","targetHints":{"allow":["GET"]}}],"collection":[{"href":"https:\/\/l21.mx\/index.php?rest_route=\/wp\/v2\/posts"}],"about":[{"href":"https:\/\/l21.mx\/index.php?rest_route=\/wp\/v2\/types\/post"}],"author":[{"embeddable":true,"href":"https:\/\/l21.mx\/index.php?rest_route=\/wp\/v2\/users\/95"}],"replies":[{"embeddable":true,"href":"https:\/\/l21.mx\/index.php?rest_route=%2Fwp%2Fv2%2Fcomments&post=55062"}],"version-history":[{"count":0,"href":"https:\/\/l21.mx\/index.php?rest_route=\/wp\/v2\/posts\/55062\/revisions"}],"wp:featuredmedia":[{"embeddable":true,"href":"https:\/\/l21.mx\/index.php?rest_route=\/wp\/v2\/media\/55047"}],"wp:attachment":[{"href":"https:\/\/l21.mx\/index.php?rest_route=%2Fwp%2Fv2%2Fmedia&parent=55062"}],"wp:term":[{"taxonomy":"category","embeddable":true,"href":"https:\/\/l21.mx\/index.php?rest_route=%2Fwp%2Fv2%2Fcategories&post=55062"},{"taxonomy":"post_tag","embeddable":true,"href":"https:\/\/l21.mx\/index.php?rest_route=%2Fwp%2Fv2%2Ftags&post=55062"}],"curies":[{"name":"wp","href":"https:\/\/api.w.org\/{rel}","templated":true}]}}