{"id":5514,"date":"2013-12-04T19:17:01","date_gmt":"2013-12-05T01:17:01","guid":{"rendered":"http:\/\/innovatori.space\/lat21\/?p=5514"},"modified":"2013-12-04T19:17:01","modified_gmt":"2013-12-05T01:17:01","slug":"llega-el-primer-avion-con-la-ruta-cancun-slp-de-volaris","status":"publish","type":"post","link":"https:\/\/l21.mx\/?p=5514","title":{"rendered":"LLEGA EL PRIMER AVI\u00d3N CON LA RUTA CANC\u00daN \/SLP DE VOLARIS"},"content":{"rendered":"<p><a href=\"http:\/\/l21.mx\/wp-content\/uploads\/2013\/12\/LLEGA-EL-PRIMER-AVI\u00d3N-CON-LA-RUTA-CANC\u00daN-SLP-DE-VOLARIS.jpg\" data-rel=\"penci-gallery-image-content\" ><img fetchpriority=\"high\" decoding=\"async\" class=\"alignleft size-medium wp-image-5515\" title=\"LLEGA EL PRIMER AVI\u00d3N CON LA RUTA CANC\u00daN-SLP DE VOLARIS\" src=\"http:\/\/l21.mx\/wp-content\/uploads\/2013\/12\/LLEGA-EL-PRIMER-AVI\u00d3N-CON-LA-RUTA-CANC\u00daN-SLP-DE-VOLARIS-300x225.jpg\" alt=\"\" width=\"300\" height=\"225\" srcset=\"https:\/\/l21.mx\/wp-content\/uploads\/2013\/12\/LLEGA-EL-PRIMER-AVI\u00d3N-CON-LA-RUTA-CANC\u00daN-SLP-DE-VOLARIS-300x225.jpg 300w, https:\/\/l21.mx\/wp-content\/uploads\/2013\/12\/LLEGA-EL-PRIMER-AVI\u00d3N-CON-LA-RUTA-CANC\u00daN-SLP-DE-VOLARIS-1024x768.jpg 1024w, https:\/\/l21.mx\/wp-content\/uploads\/2013\/12\/LLEGA-EL-PRIMER-AVI\u00d3N-CON-LA-RUTA-CANC\u00daN-SLP-DE-VOLARIS-768x576.jpg 768w, https:\/\/l21.mx\/wp-content\/uploads\/2013\/12\/LLEGA-EL-PRIMER-AVI\u00d3N-CON-LA-RUTA-CANC\u00daN-SLP-DE-VOLARIS-1536x1152.jpg 1536w, https:\/\/l21.mx\/wp-content\/uploads\/2013\/12\/LLEGA-EL-PRIMER-AVI\u00d3N-CON-LA-RUTA-CANC\u00daN-SLP-DE-VOLARIS-2048x1536.jpg 2048w, https:\/\/l21.mx\/wp-content\/uploads\/2013\/12\/LLEGA-EL-PRIMER-AVI\u00d3N-CON-LA-RUTA-CANC\u00daN-SLP-DE-VOLARIS-1920x1440.jpg 1920w, https:\/\/l21.mx\/wp-content\/uploads\/2013\/12\/LLEGA-EL-PRIMER-AVI\u00d3N-CON-LA-RUTA-CANC\u00daN-SLP-DE-VOLARIS-1170x878.jpg 1170w, https:\/\/l21.mx\/wp-content\/uploads\/2013\/12\/LLEGA-EL-PRIMER-AVI\u00d3N-CON-LA-RUTA-CANC\u00daN-SLP-DE-VOLARIS-585x439.jpg 585w\" sizes=\"(max-width: 300px) 100vw, 300px\" \/><\/a>El Secretario de Turismo Enrique Abup Dip, dio la bienvenida a los pasajeros del primer vuelo de Volaris, procedente de la ciudad de Canc\u00fan, a su llegada al Aeropuerto Internacional\u00a0 Ponciano Arriaga de esta Ciudad Capital.<\/p>\n<p>Acompa\u00f1ado del Administrador Aeroportuario Marco Antonio Camarena, del Presidente de CANACO, Jaime Cant\u00fa, del presidente de los Hoteleros Arturo P\u00e9rez Anzaldo , del Director de Turismo Municipal Rafael Armendariz\u00a0 y de Alejandra Wallen Flores, Nuestra Belleza San Potos\u00ed 2013, el funcionario estatal encabezo\u00a0\u00a0 un breve acto protocolario que incluyo el bautiz\u00f3 del avi\u00f3n y el respectivo corte de list\u00f3n, atestiguando el acto los m\u00e1s de 140 pasajeros, que estaban en la \u00faltima sala de espera para subir al avi\u00f3n ahora con destino a Canc\u00fan.<\/p>\n<p>Abud Dip se\u00f1al\u00f3 que con esta ruta Volaris suma\u00a0 la conexi\u00f3n a dos destinos prioritarios para el sector turismo, de negocios y comercio de nuestro estado, como son Canc\u00fan y Tijuana, cumpliendo las expectativas que ten\u00edamos para incrementar nuestra conectividad a\u00e9rea, uno de los objetivos m\u00e1s buscados por la dependencia y que se pudo concretar gracias\u00a0 a las gestiones del Gobierno del Estado y la empresa que dirige Enrique Beltranena.<\/p>\n<p>El vuelo procedente de la ciudad de Canc\u00fan llego a las 10:40 horas con alrededor de 130 pasajeros y parti\u00f3 de esta Ciudad Capital con 140 pasajeros, iniciando operaciones formalmente en esta plaza, y se suma a la oferta de destinos que tiene la aerol\u00ednea con 95 rutas alrededor de M\u00e9xico y Estados Unidos<\/p>\n<p>Para la aerol\u00ednea Volaris, la apertura de la estaci\u00f3n San Luis Potos\u00ed, es parte de su\u00a0estrategia de viajes punto a punto, lo que les permite viajes m\u00e1s\u00a0r\u00e1pidos\u00a0y\u00a0eficientes:\u00a0\u201cEstamos comprometidos\u00a0con brindar a nuestros\u00a0clientes\u00a0las\u00a0mejores opciones\u00a0para\u00a0viajar,\u00a0y qu\u00e9 mejor forma de\u00a0hacerlo que poniendo a su alcance importantes\u00a0destinos tur\u00edsticos a\u00a0precios irresistibles:\u00a0precios que te hacen viajar\u201d, mencionaron ejecutivos de la aerol\u00ednea.<\/p>\n<p>&nbsp;<\/p>\n","protected":false},"excerpt":{"rendered":"<p>El Secretario de Turismo Enrique Abup Dip, dio la bienvenida a los pasajeros del primer vuelo&hellip;<\/p>\n","protected":false},"author":2,"featured_media":5517,"comment_status":"open","ping_status":"open","sticky":false,"template":"","format":"standard","meta":{"_acf_changed":false,"_lmt_disableupdate":"","_lmt_disable":"","_mbp_gutenberg_autopost":false,"footnotes":""},"categories":[23,8],"tags":[],"class_list":["post-5514","post","type-post","status-publish","format-standard","has-post-thumbnail","hentry","category-noticias","category-turismo"],"acf":[],"_links":{"self":[{"href":"https:\/\/l21.mx\/index.php?rest_route=\/wp\/v2\/posts\/5514","targetHints":{"allow":["GET"]}}],"collection":[{"href":"https:\/\/l21.mx\/index.php?rest_route=\/wp\/v2\/posts"}],"about":[{"href":"https:\/\/l21.mx\/index.php?rest_route=\/wp\/v2\/types\/post"}],"author":[{"embeddable":true,"href":"https:\/\/l21.mx\/index.php?rest_route=\/wp\/v2\/users\/2"}],"replies":[{"embeddable":true,"href":"https:\/\/l21.mx\/index.php?rest_route=%2Fwp%2Fv2%2Fcomments&post=5514"}],"version-history":[{"count":0,"href":"https:\/\/l21.mx\/index.php?rest_route=\/wp\/v2\/posts\/5514\/revisions"}],"wp:featuredmedia":[{"embeddable":true,"href":"https:\/\/l21.mx\/index.php?rest_route=\/wp\/v2\/media\/5517"}],"wp:attachment":[{"href":"https:\/\/l21.mx\/index.php?rest_route=%2Fwp%2Fv2%2Fmedia&parent=5514"}],"wp:term":[{"taxonomy":"category","embeddable":true,"href":"https:\/\/l21.mx\/index.php?rest_route=%2Fwp%2Fv2%2Fcategories&post=5514"},{"taxonomy":"post_tag","embeddable":true,"href":"https:\/\/l21.mx\/index.php?rest_route=%2Fwp%2Fv2%2Ftags&post=5514"}],"curies":[{"name":"wp","href":"https:\/\/api.w.org\/{rel}","templated":true}]}}