{"id":55167,"date":"2023-04-05T20:36:28","date_gmt":"2023-04-06T01:36:28","guid":{"rendered":"https:\/\/l21.mx\/?p=55167"},"modified":"2023-04-05T20:36:28","modified_gmt":"2023-04-06T01:36:28","slug":"inauguran-playa-inclusiva-de-punta-esmeralda-en-solidaridad","status":"publish","type":"post","link":"https:\/\/l21.mx\/?p=55167","title":{"rendered":"Inauguran playa inclusiva de Punta Esmeralda en Solidaridad"},"content":{"rendered":"<p>Certificada con el distintivo Blue Flag, ahora cuenta con instalaciones adecuadas para que las personas con discapacidad puedan disfrutar de su belleza y sus c\u00e1lidas aguas<\/p>\n<p><a href=\"https:\/\/l21.mx\/wp-content\/uploads\/2023\/04\/playa-inclusiva-solidaridad-1.jpeg\" data-rel=\"penci-gallery-image-content\" ><img fetchpriority=\"high\" decoding=\"async\" class=\"alignnone size-full wp-image-55168\" src=\"https:\/\/l21.mx\/wp-content\/uploads\/2023\/04\/playa-inclusiva-solidaridad-1.jpeg\" alt=\"\" width=\"1086\" height=\"724\" srcset=\"https:\/\/l21.mx\/wp-content\/uploads\/2023\/04\/playa-inclusiva-solidaridad-1.jpeg 1086w, https:\/\/l21.mx\/wp-content\/uploads\/2023\/04\/playa-inclusiva-solidaridad-1-300x200.jpeg 300w, https:\/\/l21.mx\/wp-content\/uploads\/2023\/04\/playa-inclusiva-solidaridad-1-1024x683.jpeg 1024w, https:\/\/l21.mx\/wp-content\/uploads\/2023\/04\/playa-inclusiva-solidaridad-1-768x512.jpeg 768w, https:\/\/l21.mx\/wp-content\/uploads\/2023\/04\/playa-inclusiva-solidaridad-1-585x390.jpeg 585w, https:\/\/l21.mx\/wp-content\/uploads\/2023\/04\/playa-inclusiva-solidaridad-1-263x175.jpeg 263w\" sizes=\"(max-width: 1086px) 100vw, 1086px\" \/><\/a><\/p>\n<p>Playa del Carmen, Solidaridad, 5 de abril del 2023.- Para que las personas con discapacidad cuenten con espacios recreativos y de esparcimiento, la presidenta municipal Lili Campos inaugur\u00f3 la playa inclusiva de \u201cPunta Esmeralda\u201d, cuya remodelaci\u00f3n y rehabilitaci\u00f3n se realiz\u00f3 con material reciclado, empleando el manejo circular y las buenas pr\u00e1cticas dentro de las instalaciones y en la playa en general.<\/p>\n<p>\u201cNos importan todas y todos, por eso es importante que existan playas inclusivas, ya que la discapacidad puede llegar a cualquiera. Punta Esmeralda es una playa certificada Blue Flag y ahora cuenta con camino deck, \u00e1rea de anfibios, ba\u00f1os, vestidores, todo adaptado para personas con discapacidad\u201d manifest\u00f3 Lili Campos.<\/p>\n<p>La edil se\u00f1al\u00f3 que ser playa certificada, adem\u00e1s, es un detonante y atractivo tur\u00edstico, porque ahora los viajeros eligen su destino en buscadores por Blue Flag y es as\u00ed como llegan a estas \u00e1reas, por lo que agradeci\u00f3 a las y los colaboradores de la Zofemat por cuidar y conservar las playas limpias. \u201cGracias a su trabajo hoy tenemos ya seis playas certificadas y vamos por seis m\u00e1s\u201d dijo Lili Campos.<\/p>\n<p><a href=\"https:\/\/l21.mx\/wp-content\/uploads\/2023\/04\/playa-inclusiva-solidaridad-2.jpeg\" data-rel=\"penci-gallery-image-content\" ><img decoding=\"async\" class=\"alignnone size-large wp-image-55169\" src=\"https:\/\/l21.mx\/wp-content\/uploads\/2023\/04\/playa-inclusiva-solidaridad-2-1024x683.jpeg\" alt=\"\" width=\"1024\" height=\"683\" srcset=\"https:\/\/l21.mx\/wp-content\/uploads\/2023\/04\/playa-inclusiva-solidaridad-2-1024x683.jpeg 1024w, https:\/\/l21.mx\/wp-content\/uploads\/2023\/04\/playa-inclusiva-solidaridad-2-300x200.jpeg 300w, https:\/\/l21.mx\/wp-content\/uploads\/2023\/04\/playa-inclusiva-solidaridad-2-768x512.jpeg 768w, https:\/\/l21.mx\/wp-content\/uploads\/2023\/04\/playa-inclusiva-solidaridad-2-585x390.jpeg 585w, https:\/\/l21.mx\/wp-content\/uploads\/2023\/04\/playa-inclusiva-solidaridad-2-263x175.jpeg 263w, https:\/\/l21.mx\/wp-content\/uploads\/2023\/04\/playa-inclusiva-solidaridad-2.jpeg 1086w\" sizes=\"(max-width: 1024px) 100vw, 1024px\" \/><\/a><\/p>\n<p>Abund\u00f3 que una sola colilla de cigarro puede contaminar hasta 10 litros de agua, por lo que invit\u00f3 a la ciudadan\u00eda a crear conciencia y no contaminar las playas, en lo que \u201cSargacin\u201d ayuda activamente. No s\u00f3lo es levantar sargazo, sino tambi\u00e9n hay que cernir la arena para retirar colillas de cigarro, residuos pl\u00e1sticos entre otros.<\/p>\n<p>Por su parte, la secretaria de Medio Ambiente Sustentable y Cambio Clim\u00e1tico, Lourdes V\u00e1rguez dijo que \u201ctodas y todos tienen en esta playa un espacio, porque es inclusiva y poco a poco abriremos m\u00e1s espacios donde puedan disfrutar aquellas personas que transitan de forma diferente y puedan hacer uso de todas las \u00e1reas de manera libre\u201d.<\/p>\n","protected":false},"excerpt":{"rendered":"<p>Certificada con el distintivo Blue Flag, ahora cuenta con instalaciones adecuadas para que las personas con&hellip;<\/p>\n","protected":false},"author":100,"featured_media":55170,"comment_status":"closed","ping_status":"closed","sticky":false,"template":"","format":"standard","meta":{"_acf_changed":false,"_lmt_disableupdate":"","_lmt_disable":"","_mbp_gutenberg_autopost":false,"footnotes":""},"categories":[23,1654],"tags":[],"class_list":["post-55167","post","type-post","status-publish","format-standard","has-post-thumbnail","hentry","category-noticias","category-solidaridad"],"acf":[],"_links":{"self":[{"href":"https:\/\/l21.mx\/index.php?rest_route=\/wp\/v2\/posts\/55167","targetHints":{"allow":["GET"]}}],"collection":[{"href":"https:\/\/l21.mx\/index.php?rest_route=\/wp\/v2\/posts"}],"about":[{"href":"https:\/\/l21.mx\/index.php?rest_route=\/wp\/v2\/types\/post"}],"author":[{"embeddable":true,"href":"https:\/\/l21.mx\/index.php?rest_route=\/wp\/v2\/users\/100"}],"replies":[{"embeddable":true,"href":"https:\/\/l21.mx\/index.php?rest_route=%2Fwp%2Fv2%2Fcomments&post=55167"}],"version-history":[{"count":0,"href":"https:\/\/l21.mx\/index.php?rest_route=\/wp\/v2\/posts\/55167\/revisions"}],"wp:featuredmedia":[{"embeddable":true,"href":"https:\/\/l21.mx\/index.php?rest_route=\/wp\/v2\/media\/55170"}],"wp:attachment":[{"href":"https:\/\/l21.mx\/index.php?rest_route=%2Fwp%2Fv2%2Fmedia&parent=55167"}],"wp:term":[{"taxonomy":"category","embeddable":true,"href":"https:\/\/l21.mx\/index.php?rest_route=%2Fwp%2Fv2%2Fcategories&post=55167"},{"taxonomy":"post_tag","embeddable":true,"href":"https:\/\/l21.mx\/index.php?rest_route=%2Fwp%2Fv2%2Ftags&post=55167"}],"curies":[{"name":"wp","href":"https:\/\/api.w.org\/{rel}","templated":true}]}}