{"id":55200,"date":"2023-04-07T19:46:30","date_gmt":"2023-04-08T00:46:30","guid":{"rendered":"https:\/\/l21.mx\/?p=55200"},"modified":"2023-04-07T19:46:30","modified_gmt":"2023-04-08T00:46:30","slug":"ofrece-lili-campos-mas-movilidad-alternativa-para-solidaridad","status":"publish","type":"post","link":"https:\/\/l21.mx\/?p=55200","title":{"rendered":"Ofrece Lili Campos m\u00e1s movilidad alternativa para Solidaridad"},"content":{"rendered":"<p>&nbsp;<\/p>\n<p>\u2022 Las nuevas y renovadas vialidades ofrecen innovador equipamiento con ciclov\u00edas, iluminaci\u00f3n y respeto al medio ambiente, para el disfrute de las familias<\/p>\n<p><a href=\"https:\/\/l21.mx\/wp-content\/uploads\/2023\/04\/WhatsApp-Image-2023-04-07-at-15.08.00.jpeg\" data-rel=\"penci-gallery-image-content\" ><img fetchpriority=\"high\" decoding=\"async\" class=\"alignnone size-medium wp-image-55201\" src=\"https:\/\/l21.mx\/wp-content\/uploads\/2023\/04\/WhatsApp-Image-2023-04-07-at-15.08.00-300x244.jpeg\" alt=\"\" width=\"300\" height=\"244\" srcset=\"https:\/\/l21.mx\/wp-content\/uploads\/2023\/04\/WhatsApp-Image-2023-04-07-at-15.08.00-300x244.jpeg 300w, https:\/\/l21.mx\/wp-content\/uploads\/2023\/04\/WhatsApp-Image-2023-04-07-at-15.08.00-1024x833.jpeg 1024w, https:\/\/l21.mx\/wp-content\/uploads\/2023\/04\/WhatsApp-Image-2023-04-07-at-15.08.00-768x625.jpeg 768w, https:\/\/l21.mx\/wp-content\/uploads\/2023\/04\/WhatsApp-Image-2023-04-07-at-15.08.00-585x476.jpeg 585w, https:\/\/l21.mx\/wp-content\/uploads\/2023\/04\/WhatsApp-Image-2023-04-07-at-15.08.00.jpeg 1048w\" sizes=\"(max-width: 300px) 100vw, 300px\" \/><\/a><\/p>\n<p>Playa del Carmen, Solidaridad, 7 de abril del 2023.- El gobierno municipal que encabeza la presidenta municipal Lili Campos ofrece movilidad alternativa y sustentable a las y los solidarenses, a trav\u00e9s de vialidades con ciclov\u00edas, iluminaci\u00f3n y respeto al medio ambiente.<\/p>\n<p>Lili Campos manifest\u00f3 que con vialidades, como la Avenida 65, dotada de ciclov\u00edas, iluminaci\u00f3n y respeto al medio ambiente, la ciudadan\u00eda puede disfrutarlas con medios alternativos como patines, bicicletas, skooters, incluso caminando.<\/p>\n<p>Asimismo, la edil adelant\u00f3 que se est\u00e1 definiendo el d\u00eda y horarios para hacer de la reci\u00e9n construida avenida un circuito para el disfrute de todas y todos.<\/p>\n<p><a href=\"https:\/\/l21.mx\/wp-content\/uploads\/2023\/04\/WhatsApp-Image-2023-04-07-at-15.08.17-1.jpeg\" data-rel=\"penci-gallery-image-content\" ><img decoding=\"async\" class=\"alignnone size-medium wp-image-55203\" src=\"https:\/\/l21.mx\/wp-content\/uploads\/2023\/04\/WhatsApp-Image-2023-04-07-at-15.08.17-1-300x211.jpeg\" alt=\"\" width=\"300\" height=\"211\" srcset=\"https:\/\/l21.mx\/wp-content\/uploads\/2023\/04\/WhatsApp-Image-2023-04-07-at-15.08.17-1-300x211.jpeg 300w, https:\/\/l21.mx\/wp-content\/uploads\/2023\/04\/WhatsApp-Image-2023-04-07-at-15.08.17-1-1024x720.jpeg 1024w, https:\/\/l21.mx\/wp-content\/uploads\/2023\/04\/WhatsApp-Image-2023-04-07-at-15.08.17-1-768x540.jpeg 768w, https:\/\/l21.mx\/wp-content\/uploads\/2023\/04\/WhatsApp-Image-2023-04-07-at-15.08.17-1-1200x844.jpeg 1200w, https:\/\/l21.mx\/wp-content\/uploads\/2023\/04\/WhatsApp-Image-2023-04-07-at-15.08.17-1-1170x823.jpeg 1170w, https:\/\/l21.mx\/wp-content\/uploads\/2023\/04\/WhatsApp-Image-2023-04-07-at-15.08.17-1-585x411.jpeg 585w, https:\/\/l21.mx\/wp-content\/uploads\/2023\/04\/WhatsApp-Image-2023-04-07-at-15.08.17-1.jpeg 1280w\" sizes=\"(max-width: 300px) 100vw, 300px\" \/><\/a><\/p>\n<p>Por su parte, el presidente de \u00abBicineta\u00bb Javier Resendiz felicit\u00f3 y agradeci\u00f3 al gobierno municipal porque por fin, despu\u00e9s de 10 a\u00f1os, sus peticiones fueron escuchadas. \u00abAhora tenemos vialidades iluminadas y conectadas para dar mayor flujo, confianza y movilidad con medios alternativos\u00bb enfatiz\u00f3.<\/p>\n","protected":false},"excerpt":{"rendered":"<p>&nbsp; \u2022 Las nuevas y renovadas vialidades ofrecen innovador equipamiento con ciclov\u00edas, iluminaci\u00f3n y respeto al&hellip;<\/p>\n","protected":false},"author":100,"featured_media":55202,"comment_status":"closed","ping_status":"closed","sticky":false,"template":"","format":"standard","meta":{"_acf_changed":false,"_lmt_disableupdate":"","_lmt_disable":"","_mbp_gutenberg_autopost":false,"footnotes":""},"categories":[1654],"tags":[],"class_list":["post-55200","post","type-post","status-publish","format-standard","has-post-thumbnail","hentry","category-solidaridad"],"acf":[],"_links":{"self":[{"href":"https:\/\/l21.mx\/index.php?rest_route=\/wp\/v2\/posts\/55200","targetHints":{"allow":["GET"]}}],"collection":[{"href":"https:\/\/l21.mx\/index.php?rest_route=\/wp\/v2\/posts"}],"about":[{"href":"https:\/\/l21.mx\/index.php?rest_route=\/wp\/v2\/types\/post"}],"author":[{"embeddable":true,"href":"https:\/\/l21.mx\/index.php?rest_route=\/wp\/v2\/users\/100"}],"replies":[{"embeddable":true,"href":"https:\/\/l21.mx\/index.php?rest_route=%2Fwp%2Fv2%2Fcomments&post=55200"}],"version-history":[{"count":0,"href":"https:\/\/l21.mx\/index.php?rest_route=\/wp\/v2\/posts\/55200\/revisions"}],"wp:featuredmedia":[{"embeddable":true,"href":"https:\/\/l21.mx\/index.php?rest_route=\/wp\/v2\/media\/55202"}],"wp:attachment":[{"href":"https:\/\/l21.mx\/index.php?rest_route=%2Fwp%2Fv2%2Fmedia&parent=55200"}],"wp:term":[{"taxonomy":"category","embeddable":true,"href":"https:\/\/l21.mx\/index.php?rest_route=%2Fwp%2Fv2%2Fcategories&post=55200"},{"taxonomy":"post_tag","embeddable":true,"href":"https:\/\/l21.mx\/index.php?rest_route=%2Fwp%2Fv2%2Ftags&post=55200"}],"curies":[{"name":"wp","href":"https:\/\/api.w.org\/{rel}","templated":true}]}}