{"id":5521,"date":"2013-12-04T19:20:54","date_gmt":"2013-12-05T01:20:54","guid":{"rendered":"http:\/\/innovatori.space\/lat21\/?p=5521"},"modified":"2013-12-04T19:20:54","modified_gmt":"2013-12-05T01:20:54","slug":"abre-interjet-nueva-ruta-internacional","status":"publish","type":"post","link":"https:\/\/l21.mx\/?p=5521","title":{"rendered":"ABRE INTERJET NUEVA RUTA INTERNACIONAL"},"content":{"rendered":"<p><a href=\"http:\/\/l21.mx\/wp-content\/uploads\/2013\/12\/ABRE-INTERJET-NUEVA-RUTA-INTERNACIONAL.png\" data-rel=\"penci-gallery-image-content\" ><img fetchpriority=\"high\" decoding=\"async\" class=\"alignleft size-full wp-image-5522\" title=\"ABRE INTERJET NUEVA RUTA INTERNACIONAL\" src=\"http:\/\/l21.mx\/wp-content\/uploads\/2013\/12\/ABRE-INTERJET-NUEVA-RUTA-INTERNACIONAL.png\" alt=\"\" width=\"810\" height=\"538\" srcset=\"https:\/\/l21.mx\/wp-content\/uploads\/2013\/12\/ABRE-INTERJET-NUEVA-RUTA-INTERNACIONAL.png 810w, https:\/\/l21.mx\/wp-content\/uploads\/2013\/12\/ABRE-INTERJET-NUEVA-RUTA-INTERNACIONAL-300x199.png 300w, https:\/\/l21.mx\/wp-content\/uploads\/2013\/12\/ABRE-INTERJET-NUEVA-RUTA-INTERNACIONAL-768x510.png 768w, https:\/\/l21.mx\/wp-content\/uploads\/2013\/12\/ABRE-INTERJET-NUEVA-RUTA-INTERNACIONAL-585x389.png 585w, https:\/\/l21.mx\/wp-content\/uploads\/2013\/12\/ABRE-INTERJET-NUEVA-RUTA-INTERNACIONAL-263x175.png 263w\" sizes=\"(max-width: 810px) 100vw, 810px\" \/><\/a><\/p>\n<p><strong>\u2022 Anuncia el inicio de operaciones del vuelo Guadalajara-San<\/strong><br \/>\n<strong>Antonio-Guadalajara<\/strong><br \/>\n<strong>\u2022 Se fortalece la conectividad a\u00e9rea del pa\u00eds y se contribuye a<\/strong><br \/>\n<strong>incrementar el flujo tur\u00edstico y de negocios entre Jalisco y Estados Unidos<\/strong><br \/>\n<strong>\u2022 La apertura de nuevas rutas consolida el Plan Regional de Desarrollo<\/strong><br \/>\n<strong>Aeron\u00e1utico como mecanismo de crecimiento econ\u00f3mico y de intercambio comercial<\/strong><br \/>\n<strong>\u2022 Los boletos tienen una tarifa promocional de 99 d\u00f3lares en viaje\u00a0<\/strong><br \/>\n<strong>sencillo<\/strong><\/p>\n<p>Interjet anuncia el inicio de operaciones de la ruta Guadalajara-San Antonio-Guadalajara, con el cual se fortalece la conectividad a\u00e9rea del pa\u00eds y se contribuye a incrementar el flujo tur\u00edstico y de negocios entre Jalisco y Estados Unidos.<br \/>\nCon este nuevo vuelo internacional, Interjet llega a 14 rutas internacionales y a nueve destinos en el extranjero: Guatemala, La Habana, San Antonio, Miami, San Jos\u00e9 Costa Rica, Nueva York, Orange County, Las Vegas y Bogot\u00e1 con vuelos desde y hacia las ciudades de M\u00e9xico, Toluca, Monterrey y Guadalajara.<br \/>\nInterjet reafirma su compromiso de consolidar el Plan Regional de Desarrollo Aeron\u00e1utico como mecanismo que permite acelerar el crecimiento comercial y tur\u00edstico del pa\u00eds, adem\u00e1s cumple con su filosof\u00eda de que m\u00e1s mexicanos vuelen a precios justos.<br \/>\nPara este nuevo vuelo que iniciar\u00e1 operaciones el 6 de diciembre, los boletos ya est\u00e1n a la venta con una tarifa promocional de 99 d\u00f3lares, precio total en viaje sencillo. Este precio estar\u00e1 vigente hasta el 15 de diciembre y son para volar en el periodo que comprende del 6 al 15 de este mes.<br \/>\nLa nueva ruta de Guadalajara a San Antonio, tiene programado un vuelo diario con el siguiente itinerario:<br \/>\nEl viernes 6 de diciembre saldr\u00e1 a las 14:15 horas y llegar\u00e1 a las 16:20 horas a San Antonio. El Domingo 8 de diciembre el vuelo despegar\u00e1 a las<br \/>\n17:05 horas y aterrizar\u00e1 a las 19:10. A partir del 12 de diciembre operar\u00e1 de manera regular los jueves y domingos saliendo a las 13 horas y aterrizando en la ciudad de San Antonio a las 15:05<\/p>\n<p>De San Antonio a Guadalajara, el viernes 6 el vuelo saldr\u00e1 a las 17:20 horas y llegar\u00e1 a las 19:35. El domingo 8 de diciembre partir\u00e1 a las<br \/>\n20:10<br \/>\nhoras y \u00a0aterrizar\u00e1 a las 22:25 horas. A partir del 12 de diciembre operar\u00e1 de manera regular los jueves y domingos saliendo de San Antonio a las 16:05 horas y llegando a Guadalajara a las 18:20 horas En esta nueva ruta que est\u00e1 anunciando Interjet, los pasajeros podr\u00e1n disfrutar de todos los servicios que ofrece la aerol\u00ednea, como la documentaci\u00f3n de 50 kilos de equipaje en 2 maletas, \u00a0la selecci\u00f3n de asiento sin costo adicional, ba\u00f1o exclusivo para mujeres, mayor espacio entre asientos, descuentos permanentes para los adultos mayores, alimentos y bebidas de cortes\u00eda y bonificaci\u00f3n del 10 por ciento de la tarifa base en monedero electr\u00f3nico del programa de viajero frecuente CLUB INTERJET PAYBACK, entre otros.<\/p>\n","protected":false},"excerpt":{"rendered":"<p>\u2022 Anuncia el inicio de operaciones del vuelo Guadalajara-San Antonio-Guadalajara \u2022 Se fortalece la conectividad a\u00e9rea&hellip;<\/p>\n","protected":false},"author":2,"featured_media":5525,"comment_status":"open","ping_status":"open","sticky":false,"template":"","format":"standard","meta":{"_acf_changed":false,"_lmt_disableupdate":"","_lmt_disable":"","_mbp_gutenberg_autopost":false,"footnotes":""},"categories":[23,8],"tags":[],"class_list":["post-5521","post","type-post","status-publish","format-standard","has-post-thumbnail","hentry","category-noticias","category-turismo"],"acf":[],"_links":{"self":[{"href":"https:\/\/l21.mx\/index.php?rest_route=\/wp\/v2\/posts\/5521","targetHints":{"allow":["GET"]}}],"collection":[{"href":"https:\/\/l21.mx\/index.php?rest_route=\/wp\/v2\/posts"}],"about":[{"href":"https:\/\/l21.mx\/index.php?rest_route=\/wp\/v2\/types\/post"}],"author":[{"embeddable":true,"href":"https:\/\/l21.mx\/index.php?rest_route=\/wp\/v2\/users\/2"}],"replies":[{"embeddable":true,"href":"https:\/\/l21.mx\/index.php?rest_route=%2Fwp%2Fv2%2Fcomments&post=5521"}],"version-history":[{"count":0,"href":"https:\/\/l21.mx\/index.php?rest_route=\/wp\/v2\/posts\/5521\/revisions"}],"wp:featuredmedia":[{"embeddable":true,"href":"https:\/\/l21.mx\/index.php?rest_route=\/wp\/v2\/media\/5525"}],"wp:attachment":[{"href":"https:\/\/l21.mx\/index.php?rest_route=%2Fwp%2Fv2%2Fmedia&parent=5521"}],"wp:term":[{"taxonomy":"category","embeddable":true,"href":"https:\/\/l21.mx\/index.php?rest_route=%2Fwp%2Fv2%2Fcategories&post=5521"},{"taxonomy":"post_tag","embeddable":true,"href":"https:\/\/l21.mx\/index.php?rest_route=%2Fwp%2Fv2%2Ftags&post=5521"}],"curies":[{"name":"wp","href":"https:\/\/api.w.org\/{rel}","templated":true}]}}