{"id":55329,"date":"2023-04-13T15:17:31","date_gmt":"2023-04-13T20:17:31","guid":{"rendered":"https:\/\/l21.mx\/?p=55329"},"modified":"2023-04-13T15:17:31","modified_gmt":"2023-04-13T20:17:31","slug":"the-dolphin-company-anuncia-actividades-gratuitas-por-el-dia-del-delfin","status":"publish","type":"post","link":"https:\/\/l21.mx\/?p=55329","title":{"rendered":"The Dolphin Company anuncia actividades gratuitas por el D\u00eda del Delf\u00edn"},"content":{"rendered":"<p><strong>The Dolphin Company<\/strong>, operador de parques de presencia mundial, anunci\u00f3 que a trav\u00e9s de su marca Dolphin Discovery y el programa Amar es Educar, ofrecer\u00e1 durante una semana diversas actividades inclusivas para el p\u00fablico en general dedicadas a la conmemoraci\u00f3n del <strong>D\u00eda del Delf\u00edn,<\/strong> que se celebra el 14 de abril de cada a\u00f1o con el objetivo de concientizar a las personas acerca de la conservaci\u00f3n de la especie.<\/p>\n<p><a href=\"https:\/\/l21.mx\/wp-content\/uploads\/2023\/04\/dia-del-delfin-dolphin-1.jpeg\" data-rel=\"penci-gallery-image-content\" ><img fetchpriority=\"high\" decoding=\"async\" class=\"alignnone size-medium wp-image-55330\" src=\"https:\/\/l21.mx\/wp-content\/uploads\/2023\/04\/dia-del-delfin-dolphin-1-300x200.jpeg\" alt=\"\" width=\"300\" height=\"200\" srcset=\"https:\/\/l21.mx\/wp-content\/uploads\/2023\/04\/dia-del-delfin-dolphin-1-300x200.jpeg 300w, https:\/\/l21.mx\/wp-content\/uploads\/2023\/04\/dia-del-delfin-dolphin-1-1024x682.jpeg 1024w, https:\/\/l21.mx\/wp-content\/uploads\/2023\/04\/dia-del-delfin-dolphin-1-768x512.jpeg 768w, https:\/\/l21.mx\/wp-content\/uploads\/2023\/04\/dia-del-delfin-dolphin-1-1536x1023.jpeg 1536w, https:\/\/l21.mx\/wp-content\/uploads\/2023\/04\/dia-del-delfin-dolphin-1-1200x800.jpeg 1200w, https:\/\/l21.mx\/wp-content\/uploads\/2023\/04\/dia-del-delfin-dolphin-1-1170x780.jpeg 1170w, https:\/\/l21.mx\/wp-content\/uploads\/2023\/04\/dia-del-delfin-dolphin-1-585x390.jpeg 585w, https:\/\/l21.mx\/wp-content\/uploads\/2023\/04\/dia-del-delfin-dolphin-1-263x175.jpeg 263w, https:\/\/l21.mx\/wp-content\/uploads\/2023\/04\/dia-del-delfin-dolphin-1.jpeg 1600w\" sizes=\"(max-width: 300px) 100vw, 300px\" \/><\/a><\/p>\n<p>Del martes 18 al lunes 24 de abril, <strong>The Dolphin Company<\/strong> visitar\u00e1 m\u00e1s de cinco escuelas de nivel preescolar y primaria para llevar actividades divertidas y educativas que le permitir\u00e1n a ni\u00f1os y ni\u00f1as conocer informaci\u00f3n interesante acerca de los delfines y qu\u00e9 pueden hacer para protegerlos y al medio ambiente en el que se desarrollan. El viernes 21 de abril, ofrecer\u00e1n un ciclo de conferencias que se llevar\u00e1 a cabo de 09:00 a.m. a 01:00 p.m. en el planetario Ka\u2019Yok\u2019 de Canc\u00fan.<\/p>\n<p><em>\u201cCada a\u00f1o nos emociona preparar las actividades del D\u00eda del Delf\u00edn, para nosotros representa la oportunidad de brindar informaci\u00f3n valiosa acerca de esta maravillosa especie, para que la conozcan y eso los inspire a cuidar de ella y del ambiente en el que se desarrolla. Esta edici\u00f3n es especial para nosotros, ya que las actividades y conferencias ser\u00e1n totalmente inclusivas para personas con discapacidad visual y auditiva, esto significa que contaremos con la presencia de dos int\u00e9rpretes de la lengua de se\u00f1as mexicana y que crearemos material en braille para que todos puedan formar parte de este maravilloso evento y no se pierdan ni un detalle de \u00e9l\u201d<\/em>, coment\u00f3 <strong>Paula Lom\u00e1n, Coordinadora de Educaci\u00f3n Ambiental de The Dolphin Company<\/strong>.<\/p>\n<p><a href=\"https:\/\/l21.mx\/wp-content\/uploads\/2023\/04\/dia-del-delfin-dolphin-3.jpeg\" data-rel=\"penci-gallery-image-content\" ><img decoding=\"async\" class=\"alignnone size-medium wp-image-55332\" src=\"https:\/\/l21.mx\/wp-content\/uploads\/2023\/04\/dia-del-delfin-dolphin-3-300x200.jpeg\" alt=\"\" width=\"300\" height=\"200\" srcset=\"https:\/\/l21.mx\/wp-content\/uploads\/2023\/04\/dia-del-delfin-dolphin-3-300x200.jpeg 300w, https:\/\/l21.mx\/wp-content\/uploads\/2023\/04\/dia-del-delfin-dolphin-3-1024x682.jpeg 1024w, https:\/\/l21.mx\/wp-content\/uploads\/2023\/04\/dia-del-delfin-dolphin-3-768x512.jpeg 768w, https:\/\/l21.mx\/wp-content\/uploads\/2023\/04\/dia-del-delfin-dolphin-3-1536x1023.jpeg 1536w, https:\/\/l21.mx\/wp-content\/uploads\/2023\/04\/dia-del-delfin-dolphin-3-1200x800.jpeg 1200w, https:\/\/l21.mx\/wp-content\/uploads\/2023\/04\/dia-del-delfin-dolphin-3-1170x780.jpeg 1170w, https:\/\/l21.mx\/wp-content\/uploads\/2023\/04\/dia-del-delfin-dolphin-3-585x390.jpeg 585w, https:\/\/l21.mx\/wp-content\/uploads\/2023\/04\/dia-del-delfin-dolphin-3-263x175.jpeg 263w, https:\/\/l21.mx\/wp-content\/uploads\/2023\/04\/dia-del-delfin-dolphin-3.jpeg 1600w\" sizes=\"(max-width: 300px) 100vw, 300px\" \/><\/a><\/p>\n<p>Cada a\u00f1o, <strong>The Dolphin Company<\/strong> realiza actividades conmemorativas del d\u00eda del delf\u00edn, lobo marino y manat\u00ed, y en cada ocasi\u00f3n incorpora a ni\u00f1os con diferentes discapacidades, para que toda la comunidad conozca m\u00e1s acerca de las especies que habitan bajo su cuidado.<\/p>\n","protected":false},"excerpt":{"rendered":"<p>The Dolphin Company, operador de parques de presencia mundial, anunci\u00f3 que a trav\u00e9s de su marca&hellip;<\/p>\n","protected":false},"author":100,"featured_media":55331,"comment_status":"closed","ping_status":"closed","sticky":false,"template":"","format":"standard","meta":{"_acf_changed":false,"_lmt_disableupdate":"","_lmt_disable":"","_mbp_gutenberg_autopost":false,"footnotes":""},"categories":[1655,23],"tags":[],"class_list":["post-55329","post","type-post","status-publish","format-standard","has-post-thumbnail","hentry","category-cancun","category-noticias"],"acf":[],"_links":{"self":[{"href":"https:\/\/l21.mx\/index.php?rest_route=\/wp\/v2\/posts\/55329","targetHints":{"allow":["GET"]}}],"collection":[{"href":"https:\/\/l21.mx\/index.php?rest_route=\/wp\/v2\/posts"}],"about":[{"href":"https:\/\/l21.mx\/index.php?rest_route=\/wp\/v2\/types\/post"}],"author":[{"embeddable":true,"href":"https:\/\/l21.mx\/index.php?rest_route=\/wp\/v2\/users\/100"}],"replies":[{"embeddable":true,"href":"https:\/\/l21.mx\/index.php?rest_route=%2Fwp%2Fv2%2Fcomments&post=55329"}],"version-history":[{"count":0,"href":"https:\/\/l21.mx\/index.php?rest_route=\/wp\/v2\/posts\/55329\/revisions"}],"wp:featuredmedia":[{"embeddable":true,"href":"https:\/\/l21.mx\/index.php?rest_route=\/wp\/v2\/media\/55331"}],"wp:attachment":[{"href":"https:\/\/l21.mx\/index.php?rest_route=%2Fwp%2Fv2%2Fmedia&parent=55329"}],"wp:term":[{"taxonomy":"category","embeddable":true,"href":"https:\/\/l21.mx\/index.php?rest_route=%2Fwp%2Fv2%2Fcategories&post=55329"},{"taxonomy":"post_tag","embeddable":true,"href":"https:\/\/l21.mx\/index.php?rest_route=%2Fwp%2Fv2%2Ftags&post=55329"}],"curies":[{"name":"wp","href":"https:\/\/api.w.org\/{rel}","templated":true}]}}