{"id":55344,"date":"2023-04-14T20:55:55","date_gmt":"2023-04-15T01:55:55","guid":{"rendered":"https:\/\/l21.mx\/?p=55344"},"modified":"2023-04-14T20:55:55","modified_gmt":"2023-04-15T01:55:55","slug":"amplia-lili-campos-servicios-de-salud-en-el-dif-solidaridad","status":"publish","type":"post","link":"https:\/\/l21.mx\/?p=55344","title":{"rendered":"Ampl\u00eda Lili Campos servicios de salud en el DIF Solidaridad"},"content":{"rendered":"<p>&nbsp;<\/p>\n<p>\u2022 Entrega para el servicio de la comunidad nuevas instalaciones de la Direcci\u00f3n de los Servicios de Salud, con m\u00e1s consultorios y \u00e1reas de atenci\u00f3n<\/p>\n<p><a href=\"https:\/\/l21.mx\/wp-content\/uploads\/2023\/04\/WhatsApp-Image-2023-04-14-at-17.28.01-1.jpeg\" data-rel=\"penci-gallery-image-content\" ><img fetchpriority=\"high\" decoding=\"async\" class=\"alignnone size-medium wp-image-55346\" src=\"https:\/\/l21.mx\/wp-content\/uploads\/2023\/04\/WhatsApp-Image-2023-04-14-at-17.28.01-1-300x200.jpeg\" alt=\"\" width=\"300\" height=\"200\" srcset=\"https:\/\/l21.mx\/wp-content\/uploads\/2023\/04\/WhatsApp-Image-2023-04-14-at-17.28.01-1-300x200.jpeg 300w, https:\/\/l21.mx\/wp-content\/uploads\/2023\/04\/WhatsApp-Image-2023-04-14-at-17.28.01-1-1024x682.jpeg 1024w, https:\/\/l21.mx\/wp-content\/uploads\/2023\/04\/WhatsApp-Image-2023-04-14-at-17.28.01-1-768x512.jpeg 768w, https:\/\/l21.mx\/wp-content\/uploads\/2023\/04\/WhatsApp-Image-2023-04-14-at-17.28.01-1-1200x800.jpeg 1200w, https:\/\/l21.mx\/wp-content\/uploads\/2023\/04\/WhatsApp-Image-2023-04-14-at-17.28.01-1-1170x780.jpeg 1170w, https:\/\/l21.mx\/wp-content\/uploads\/2023\/04\/WhatsApp-Image-2023-04-14-at-17.28.01-1-585x390.jpeg 585w, https:\/\/l21.mx\/wp-content\/uploads\/2023\/04\/WhatsApp-Image-2023-04-14-at-17.28.01-1-263x175.jpeg 263w, https:\/\/l21.mx\/wp-content\/uploads\/2023\/04\/WhatsApp-Image-2023-04-14-at-17.28.01-1.jpeg 1280w\" sizes=\"(max-width: 300px) 100vw, 300px\" \/><\/a><\/p>\n<p>Playa del Carmen, Solidaridad, 14 de abril del 2023.- La presidenta municipal Lili Campos, acompa\u00f1ada de la presidenta honoraria del DIF Rosita Escobedo Campos, inaugur\u00f3 las nuevas instalaciones de la Direcci\u00f3n de los Servicios de Salud, con m\u00e1s espacios y consultorios en los que se atender\u00e1 a 50 % m\u00e1s de pacientes, llegando a tres mil 700 usuarios mensualmente.<\/p>\n<p>Lili Campos expres\u00f3 que la labor que se realiza a trav\u00e9s del organismo descentralizado es vital, pues quien llega al DIF busca una mano que le ayude, \u201cque le digan: no te preocupes no est\u00e1s sola o solo. Por eso renovamos este espacio que cuenta con cinco psic\u00f3logos, un consultorio con dos odont\u00f3logos, dos de medicina general, uno de nutrici\u00f3n y tambi\u00e9n farmacia, dando todo a favor de la gente, con alma, vida y coraz\u00f3n\u201d.<\/p>\n<p>Rosita Escobedo, asegur\u00f3 que con el apoyo de la edil de Solidaridad los resultados est\u00e1n a la vista de todos. \u201cMe emociona ver proyectos concluidos, esfuerzos palpables, ideas que se fueron gestando y hoy est\u00e1n a la vista de todos; servicios para nuestras familias de Solidaridad\u201d. Los horarios de atenci\u00f3n son de lunes a viernes de 07:00 a 20:00 horas, s\u00e1bados y festivos de 09:00 a 13:00 horas.<\/p>\n<p>Con este renovado espacio, ubicado dentro de las instalaciones del DIF-Solidaridad sobre la Av. 8 entre 30 y 40, se espera incrementar 50% la cobertura de pacientes atendidos en diversas especialidades como: nutrici\u00f3n, psicolog\u00eda, odontolog\u00eda, odontolog\u00eda pedi\u00e1trica, nutrici\u00f3n, enfermer\u00eda, medicina general y salud mental. Aunado a las campa\u00f1as anuales de: optometr\u00eda y oftalmolog\u00eda, mastograf\u00edas, ant\u00edgenos prost\u00e1ticos y pruebas r\u00e1pidas de VIH.<\/p>\n","protected":false},"excerpt":{"rendered":"<p>&nbsp; \u2022 Entrega para el servicio de la comunidad nuevas instalaciones de la Direcci\u00f3n de los&hellip;<\/p>\n","protected":false},"author":100,"featured_media":55345,"comment_status":"closed","ping_status":"closed","sticky":false,"template":"","format":"standard","meta":{"_acf_changed":false,"_lmt_disableupdate":"","_lmt_disable":"","_mbp_gutenberg_autopost":false,"footnotes":""},"categories":[1654],"tags":[],"class_list":["post-55344","post","type-post","status-publish","format-standard","has-post-thumbnail","hentry","category-solidaridad"],"acf":[],"_links":{"self":[{"href":"https:\/\/l21.mx\/index.php?rest_route=\/wp\/v2\/posts\/55344","targetHints":{"allow":["GET"]}}],"collection":[{"href":"https:\/\/l21.mx\/index.php?rest_route=\/wp\/v2\/posts"}],"about":[{"href":"https:\/\/l21.mx\/index.php?rest_route=\/wp\/v2\/types\/post"}],"author":[{"embeddable":true,"href":"https:\/\/l21.mx\/index.php?rest_route=\/wp\/v2\/users\/100"}],"replies":[{"embeddable":true,"href":"https:\/\/l21.mx\/index.php?rest_route=%2Fwp%2Fv2%2Fcomments&post=55344"}],"version-history":[{"count":0,"href":"https:\/\/l21.mx\/index.php?rest_route=\/wp\/v2\/posts\/55344\/revisions"}],"wp:featuredmedia":[{"embeddable":true,"href":"https:\/\/l21.mx\/index.php?rest_route=\/wp\/v2\/media\/55345"}],"wp:attachment":[{"href":"https:\/\/l21.mx\/index.php?rest_route=%2Fwp%2Fv2%2Fmedia&parent=55344"}],"wp:term":[{"taxonomy":"category","embeddable":true,"href":"https:\/\/l21.mx\/index.php?rest_route=%2Fwp%2Fv2%2Fcategories&post=55344"},{"taxonomy":"post_tag","embeddable":true,"href":"https:\/\/l21.mx\/index.php?rest_route=%2Fwp%2Fv2%2Ftags&post=55344"}],"curies":[{"name":"wp","href":"https:\/\/api.w.org\/{rel}","templated":true}]}}