{"id":55377,"date":"2023-04-17T09:42:59","date_gmt":"2023-04-17T14:42:59","guid":{"rendered":"https:\/\/l21.mx\/?p=55377"},"modified":"2023-04-17T09:42:59","modified_gmt":"2023-04-17T14:42:59","slug":"impulsan-a-jovenes-emprendedores-gastronomicos-y-artesanos-de-puerto-morelos","status":"publish","type":"post","link":"https:\/\/l21.mx\/?p=55377","title":{"rendered":"Impulsan a j\u00f3venes emprendedores, gastron\u00f3micos y artesanos de Puerto Morelos"},"content":{"rendered":"<p>&nbsp;<\/p>\n<p>*La Presidenta Municipal de Puerto Morelos pone en marcha el pabell\u00f3n Arte y Saz\u00f3n, que en esta ocasi\u00f3n se fusion\u00f3 con Emprendedor Joven en el parque principal de Leona Vicario<\/p>\n<p><a href=\"https:\/\/l21.mx\/wp-content\/uploads\/2023\/04\/WhatsApp-Image-2023-04-16-at-09.17.07.jpeg\" data-rel=\"penci-gallery-image-content\" ><img fetchpriority=\"high\" decoding=\"async\" class=\"alignnone size-large wp-image-55379\" src=\"https:\/\/l21.mx\/wp-content\/uploads\/2023\/04\/WhatsApp-Image-2023-04-16-at-09.17.07-1024x809.jpeg\" alt=\"\" width=\"1024\" height=\"809\" srcset=\"https:\/\/l21.mx\/wp-content\/uploads\/2023\/04\/WhatsApp-Image-2023-04-16-at-09.17.07-1024x809.jpeg 1024w, https:\/\/l21.mx\/wp-content\/uploads\/2023\/04\/WhatsApp-Image-2023-04-16-at-09.17.07-300x237.jpeg 300w, https:\/\/l21.mx\/wp-content\/uploads\/2023\/04\/WhatsApp-Image-2023-04-16-at-09.17.07-768x607.jpeg 768w, https:\/\/l21.mx\/wp-content\/uploads\/2023\/04\/WhatsApp-Image-2023-04-16-at-09.17.07-1139x900.jpeg 1139w, https:\/\/l21.mx\/wp-content\/uploads\/2023\/04\/WhatsApp-Image-2023-04-16-at-09.17.07-1170x924.jpeg 1170w, https:\/\/l21.mx\/wp-content\/uploads\/2023\/04\/WhatsApp-Image-2023-04-16-at-09.17.07-585x462.jpeg 585w, https:\/\/l21.mx\/wp-content\/uploads\/2023\/04\/WhatsApp-Image-2023-04-16-at-09.17.07.jpeg 1280w\" sizes=\"(max-width: 1024px) 100vw, 1024px\" \/><\/a><\/p>\n<p>Leona Vicario, Puerto Morelos, Quintana Roo, 16 de abril de 2023.\u2014 Los j\u00f3venes emprendedores, prestadores de servicios, gastron\u00f3micos y artesanos son los principales representantes e impulsores de la cultura e identidad del municipio mediante sus creaciones, porque plasman, lo mismo en un platillo que en una artesan\u00eda, nuestras costumbres, tradici\u00f3n, sabor y color, afirm\u00f3 la presidenta municipal Blanca Merari Tziu Mu\u00f1oz.<br \/>\nAl poner en marcha el pabell\u00f3n Arte y Saz\u00f3n, que en la tarde-noche de ayer se fusion\u00f3 con Emprendedor Joven en el parque principal de esta delegaci\u00f3n, sostuvo que \u201cen Puerto Morelos vamos por el rumbo correcto y cumplimos el compromiso con el sector productivo, al proporcionarle espacios propicios para su desarrollo\u201d.<br \/>\nEn el evento, realizado en el Mes del Emprendedor, asegur\u00f3 que continuar\u00e1 el apoyo a esos sectores y se\u00f1al\u00f3 que \u201cs\u00f3lo unidos, en un trabajo coordinado, podremos avanzar en la obtenci\u00f3n de m\u00e1s beneficios\u201d.<br \/>\nSabemos que esto ser\u00e1 un \u00e9xito, esperamos que cada d\u00eda se sumen m\u00e1s j\u00f3venes emprendedores, quienes necesitaban ayuda y espacio para ayudarse y ayudar a sus padres, sostuvo. En este pabell\u00f3n tienen ahora d\u00f3nde mostrar y vender sus productos.<br \/>\nAsimismo, hizo un llamado a los leonenses a unirse todos los d\u00edas para impulsar a los j\u00f3venes emprendedores, artesanos y gastron\u00f3micos locales.<br \/>\nPreviamente, la secretaria de Desarrollo Econ\u00f3mico y Mejora Regulatoria, Marita Reyna Barrera L\u00f3pez, coincidi\u00f3 en que este evento es un logro derivado de la uni\u00f3n de fuerzas y entusiasmo, de la suma de voluntades a favor de los j\u00f3venes emprendedores, gastron\u00f3micos y artesanos, quienes exponen lo mejor de la cultura de Leona Vicario.<br \/>\nEn el evento tambi\u00e9n estuvieron el delegado Limbert Guillermo Cruz Pancardo; Pedro Pablo Trejo Cordero, director general de Desarrollo Econ\u00f3mico y la artesana y emprendedora leonense Isabel Romero Peralta, quien inform\u00f3 que, gracias al apoyo de las autoridades municipales, empezar\u00e1 a vender sus artesan\u00edas en un hotel de la Riviera Maya.<br \/>\nLuego, la Alcaldesa recorri\u00f3 el pabell\u00f3n, en el que participaron 40 expositores, quienes ofertaron bebidas, como smoothies, cerveza de ra\u00edz y sangr\u00eda, adem\u00e1s de helados artesanales, postres, dulces, pasteles, botanas, artesan\u00edas en madera y piel, pulseras y collares artesanales, hamacas personalizadas, textiles, ropa, bordados, productos tejidos, bolsos, zapatos, tlacloyos, chicharrones y esquites.<\/p>\n","protected":false},"excerpt":{"rendered":"<p>&nbsp; *La Presidenta Municipal de Puerto Morelos pone en marcha el pabell\u00f3n Arte y Saz\u00f3n, que&hellip;<\/p>\n","protected":false},"author":100,"featured_media":55378,"comment_status":"closed","ping_status":"closed","sticky":false,"template":"","format":"standard","meta":{"_acf_changed":false,"_lmt_disableupdate":"","_lmt_disable":"","_mbp_gutenberg_autopost":false,"footnotes":""},"categories":[23,1656],"tags":[],"class_list":["post-55377","post","type-post","status-publish","format-standard","has-post-thumbnail","hentry","category-noticias","category-quintana-roo"],"acf":[],"_links":{"self":[{"href":"https:\/\/l21.mx\/index.php?rest_route=\/wp\/v2\/posts\/55377","targetHints":{"allow":["GET"]}}],"collection":[{"href":"https:\/\/l21.mx\/index.php?rest_route=\/wp\/v2\/posts"}],"about":[{"href":"https:\/\/l21.mx\/index.php?rest_route=\/wp\/v2\/types\/post"}],"author":[{"embeddable":true,"href":"https:\/\/l21.mx\/index.php?rest_route=\/wp\/v2\/users\/100"}],"replies":[{"embeddable":true,"href":"https:\/\/l21.mx\/index.php?rest_route=%2Fwp%2Fv2%2Fcomments&post=55377"}],"version-history":[{"count":0,"href":"https:\/\/l21.mx\/index.php?rest_route=\/wp\/v2\/posts\/55377\/revisions"}],"wp:featuredmedia":[{"embeddable":true,"href":"https:\/\/l21.mx\/index.php?rest_route=\/wp\/v2\/media\/55378"}],"wp:attachment":[{"href":"https:\/\/l21.mx\/index.php?rest_route=%2Fwp%2Fv2%2Fmedia&parent=55377"}],"wp:term":[{"taxonomy":"category","embeddable":true,"href":"https:\/\/l21.mx\/index.php?rest_route=%2Fwp%2Fv2%2Fcategories&post=55377"},{"taxonomy":"post_tag","embeddable":true,"href":"https:\/\/l21.mx\/index.php?rest_route=%2Fwp%2Fv2%2Ftags&post=55377"}],"curies":[{"name":"wp","href":"https:\/\/api.w.org\/{rel}","templated":true}]}}