{"id":55390,"date":"2023-04-17T22:06:50","date_gmt":"2023-04-18T03:06:50","guid":{"rendered":"https:\/\/l21.mx\/?p=55390"},"modified":"2023-04-17T22:06:50","modified_gmt":"2023-04-18T03:06:50","slug":"avanza-nueva-ley-de-movilidad-en-quintana-roo","status":"publish","type":"post","link":"https:\/\/l21.mx\/?p=55390","title":{"rendered":"Avanza nueva Ley de Movilidad en Quintana Roo"},"content":{"rendered":"<p>&nbsp;<\/p>\n<p>-Concluyen las mesas de trabajo y logran integrar una iniciativa que ser\u00e1 presentada ante el Congreso de Quintana Roo<\/p>\n<p>Chetumal.- Una propuesta de Ley de Movilidad consensuada con los diversos sectores sociales y de transporte ser\u00e1 presentada ante el Congreso del Estado y por primera vez, una iniciativa de movilidad incluye las voces de la ciudadan\u00eda.<\/p>\n<p>Las diversas reuniones de trabajo encabezadas por la secretaria de Gobierno, Cristina Torres G\u00f3mez, el titular de Movilidad, Rodrigo Alcazar, as\u00ed como diputados locales y transportistas comenz\u00f3 desde el mes de enero y concluyeron esta segunda semana de abril.<\/p>\n<p>Al respecto, Julia Ortiz, Gerente de Pol\u00edticas P\u00fablicas de Uber, destac\u00f3 la disposici\u00f3n del Gobierno del Estado para integrarlos a todos y avanzar en una iniciativa que permita a los ciudadanos contar con un mejor y eficiente servicio p\u00fablico de transporte.<\/p>\n<p>\u201cDe esta manera la Gobernadora lleva una iniciativa que integra soluciones a diversas problem\u00e1ticas y que permite el trabajo a trav\u00e9s de diversas plataformas\u201d, dijo Julia Ortiz, Gerente de Pol\u00edticas P\u00fablicas de Uber.<\/p>\n<p>El representante del frente \u00fanico de transportistas de trabajadores del volante de Quintana Roo, dijo que este ejercicio de escucharlos a todos permite el trabajo en el marco del respeto.<\/p>\n<p>Por primera vez en muchos a\u00f1os con esta iniciativa, las plataformas digitales podr\u00e1n operar en legalidad en una manera justa para los concesionarios estatales y los beneficiados ser\u00e1n los ciudadanos quintanarroenses y los visitantes.<\/p>\n<p>Por su parte, la diputada local, Mildred \u00c1vila, destac\u00f3 que este ejercicio de di\u00e1logo permiti\u00f3 integrar una propuesta de iniciativa detallada de manera minuciosa y escuchando a todos como lo ha impulsado la Gobernadora.<\/p>\n","protected":false},"excerpt":{"rendered":"<p>&nbsp; -Concluyen las mesas de trabajo y logran integrar una iniciativa que ser\u00e1 presentada ante el&hellip;<\/p>\n","protected":false},"author":100,"featured_media":55391,"comment_status":"closed","ping_status":"closed","sticky":false,"template":"","format":"standard","meta":{"_acf_changed":false,"_lmt_disableupdate":"","_lmt_disable":"","_mbp_gutenberg_autopost":false,"footnotes":""},"categories":[23,1656],"tags":[],"class_list":["post-55390","post","type-post","status-publish","format-standard","has-post-thumbnail","hentry","category-noticias","category-quintana-roo"],"acf":[],"_links":{"self":[{"href":"https:\/\/l21.mx\/index.php?rest_route=\/wp\/v2\/posts\/55390","targetHints":{"allow":["GET"]}}],"collection":[{"href":"https:\/\/l21.mx\/index.php?rest_route=\/wp\/v2\/posts"}],"about":[{"href":"https:\/\/l21.mx\/index.php?rest_route=\/wp\/v2\/types\/post"}],"author":[{"embeddable":true,"href":"https:\/\/l21.mx\/index.php?rest_route=\/wp\/v2\/users\/100"}],"replies":[{"embeddable":true,"href":"https:\/\/l21.mx\/index.php?rest_route=%2Fwp%2Fv2%2Fcomments&post=55390"}],"version-history":[{"count":0,"href":"https:\/\/l21.mx\/index.php?rest_route=\/wp\/v2\/posts\/55390\/revisions"}],"wp:featuredmedia":[{"embeddable":true,"href":"https:\/\/l21.mx\/index.php?rest_route=\/wp\/v2\/media\/55391"}],"wp:attachment":[{"href":"https:\/\/l21.mx\/index.php?rest_route=%2Fwp%2Fv2%2Fmedia&parent=55390"}],"wp:term":[{"taxonomy":"category","embeddable":true,"href":"https:\/\/l21.mx\/index.php?rest_route=%2Fwp%2Fv2%2Fcategories&post=55390"},{"taxonomy":"post_tag","embeddable":true,"href":"https:\/\/l21.mx\/index.php?rest_route=%2Fwp%2Fv2%2Ftags&post=55390"}],"curies":[{"name":"wp","href":"https:\/\/api.w.org\/{rel}","templated":true}]}}