{"id":55422,"date":"2023-04-18T22:18:27","date_gmt":"2023-04-19T03:18:27","guid":{"rendered":"https:\/\/l21.mx\/?p=55422"},"modified":"2023-04-18T22:18:27","modified_gmt":"2023-04-19T03:18:27","slug":"lili-campos-trabaja-de-la-mano-con-la-juventud-solidarense","status":"publish","type":"post","link":"https:\/\/l21.mx\/?p=55422","title":{"rendered":"Lili Campos trabaja de la mano con la juventud solidarense"},"content":{"rendered":"<p>&nbsp;<\/p>\n<p>\u2022 Realiza el \u201cForo Emprendimiento Juvenil\u201d para capacitar y apoyar a estudiantes emprendedores<\/p>\n<p><a href=\"https:\/\/l21.mx\/wp-content\/uploads\/2023\/04\/WhatsApp-Image-2023-04-18-at-16.09.25.jpeg\" data-rel=\"penci-gallery-image-content\" ><img fetchpriority=\"high\" decoding=\"async\" class=\"alignnone size-medium wp-image-55424\" src=\"https:\/\/l21.mx\/wp-content\/uploads\/2023\/04\/WhatsApp-Image-2023-04-18-at-16.09.25-300x200.jpeg\" alt=\"\" width=\"300\" height=\"200\" srcset=\"https:\/\/l21.mx\/wp-content\/uploads\/2023\/04\/WhatsApp-Image-2023-04-18-at-16.09.25-300x200.jpeg 300w, https:\/\/l21.mx\/wp-content\/uploads\/2023\/04\/WhatsApp-Image-2023-04-18-at-16.09.25-1024x682.jpeg 1024w, https:\/\/l21.mx\/wp-content\/uploads\/2023\/04\/WhatsApp-Image-2023-04-18-at-16.09.25-768x512.jpeg 768w, https:\/\/l21.mx\/wp-content\/uploads\/2023\/04\/WhatsApp-Image-2023-04-18-at-16.09.25-1200x800.jpeg 1200w, https:\/\/l21.mx\/wp-content\/uploads\/2023\/04\/WhatsApp-Image-2023-04-18-at-16.09.25-1170x780.jpeg 1170w, https:\/\/l21.mx\/wp-content\/uploads\/2023\/04\/WhatsApp-Image-2023-04-18-at-16.09.25-585x390.jpeg 585w, https:\/\/l21.mx\/wp-content\/uploads\/2023\/04\/WhatsApp-Image-2023-04-18-at-16.09.25-263x175.jpeg 263w, https:\/\/l21.mx\/wp-content\/uploads\/2023\/04\/WhatsApp-Image-2023-04-18-at-16.09.25.jpeg 1280w\" sizes=\"(max-width: 300px) 100vw, 300px\" \/><\/a><\/p>\n<p>Playa del Carmen, Solidaridad, 18 de abril del 2023. \u2013 A trav\u00e9s del Instituto de la Juventud, el gobierno municipal que encabeza Lili Campos realiz\u00f3 el \u00abForo Emprendimiento Juvenil\u00bb en las instalaciones de la Universidad Aut\u00f3noma de Quintana Roo (UQROO), para dar capacitaci\u00f3n y apoyos a las y los j\u00f3venes emprendedores.<\/p>\n<p>La presidenta Lili Campos extern\u00f3 a los estudiantes que todos tienen la puerta abierta. El gobierno municipal brinda apoyo, vinculaci\u00f3n y asesor\u00edas en todos los sectores para que puedan emprender y lograr ser empresarios. \u201cSi queremos una sociedad productiva no basta decir, \u00b4\u00e9chale ganas\u00b4, sino trabajar de la mano gobierno y estudiantes, para que el d\u00eda de ma\u00f1ana logren sus sue\u00f1os y se conviertan en una realidad\u201d les dijo.<\/p>\n<p>Lili Campos ofreci\u00f3 a los estudiantes emprendedores que as\u00ed lo decidan, su apoyo a trav\u00e9s del Instituto de la Juventud, con notarios para formalizar su constituci\u00f3n legal, as\u00ed como la ayuda de contadores para que de manera gratuita les lleven su contabilidad y tengan todo en orden.<\/p>\n<p>Por su parte, el director del Instituto Enrique Mart\u00ednez dijo que se trabaja con este sector de la poblaci\u00f3n solidarense para que emprendan y crezcan, fortalezcan sus conocimientos y habilidades con las herramientas necesarias, as\u00ed como con espacios donde puedan comercializar sus productos y servicios.<\/p>\n","protected":false},"excerpt":{"rendered":"<p>&nbsp; \u2022 Realiza el \u201cForo Emprendimiento Juvenil\u201d para capacitar y apoyar a estudiantes emprendedores Playa del&hellip;<\/p>\n","protected":false},"author":100,"featured_media":55423,"comment_status":"closed","ping_status":"closed","sticky":false,"template":"","format":"standard","meta":{"_acf_changed":false,"_lmt_disableupdate":"","_lmt_disable":"","_mbp_gutenberg_autopost":false,"footnotes":""},"categories":[1654],"tags":[],"class_list":["post-55422","post","type-post","status-publish","format-standard","has-post-thumbnail","hentry","category-solidaridad"],"acf":[],"_links":{"self":[{"href":"https:\/\/l21.mx\/index.php?rest_route=\/wp\/v2\/posts\/55422","targetHints":{"allow":["GET"]}}],"collection":[{"href":"https:\/\/l21.mx\/index.php?rest_route=\/wp\/v2\/posts"}],"about":[{"href":"https:\/\/l21.mx\/index.php?rest_route=\/wp\/v2\/types\/post"}],"author":[{"embeddable":true,"href":"https:\/\/l21.mx\/index.php?rest_route=\/wp\/v2\/users\/100"}],"replies":[{"embeddable":true,"href":"https:\/\/l21.mx\/index.php?rest_route=%2Fwp%2Fv2%2Fcomments&post=55422"}],"version-history":[{"count":0,"href":"https:\/\/l21.mx\/index.php?rest_route=\/wp\/v2\/posts\/55422\/revisions"}],"wp:featuredmedia":[{"embeddable":true,"href":"https:\/\/l21.mx\/index.php?rest_route=\/wp\/v2\/media\/55423"}],"wp:attachment":[{"href":"https:\/\/l21.mx\/index.php?rest_route=%2Fwp%2Fv2%2Fmedia&parent=55422"}],"wp:term":[{"taxonomy":"category","embeddable":true,"href":"https:\/\/l21.mx\/index.php?rest_route=%2Fwp%2Fv2%2Fcategories&post=55422"},{"taxonomy":"post_tag","embeddable":true,"href":"https:\/\/l21.mx\/index.php?rest_route=%2Fwp%2Fv2%2Ftags&post=55422"}],"curies":[{"name":"wp","href":"https:\/\/api.w.org\/{rel}","templated":true}]}}