{"id":55428,"date":"2023-04-18T22:20:55","date_gmt":"2023-04-19T03:20:55","guid":{"rendered":"https:\/\/l21.mx\/?p=55428"},"modified":"2023-04-18T22:20:55","modified_gmt":"2023-04-19T03:20:55","slug":"encuentro-de-gobernadores-sur-sureste-con-el-embajador-de-estados-unidos","status":"publish","type":"post","link":"https:\/\/l21.mx\/?p=55428","title":{"rendered":"Encuentro de Gobernadores Sur-Sureste con el embajador de Estados Unidos"},"content":{"rendered":"<p>El futuro de M\u00e9xico est\u00e1 en el desarrollo del Sur-Sureste: Mara Lezama<\/p>\n<p>&#8211; Durante el 7\u00ba Encuentro de Gobernadores Sur-Sureste con el embajador de EUA, Ken Salazar y gobernadores de la regi\u00f3n, anunci\u00f3 que el pr\u00f3ximo jueves se reunir\u00e1n en Quintana Roo para trabajar en los temas integrales de esta regi\u00f3n<\/p>\n<p><a href=\"https:\/\/l21.mx\/wp-content\/uploads\/2023\/04\/WhatsApp-Image-2023-04-18-at-18.06.01.jpeg\" data-rel=\"penci-gallery-image-content\" ><img fetchpriority=\"high\" decoding=\"async\" class=\"alignnone size-medium wp-image-55431\" src=\"https:\/\/l21.mx\/wp-content\/uploads\/2023\/04\/WhatsApp-Image-2023-04-18-at-18.06.01-300x200.jpeg\" alt=\"\" width=\"300\" height=\"200\" srcset=\"https:\/\/l21.mx\/wp-content\/uploads\/2023\/04\/WhatsApp-Image-2023-04-18-at-18.06.01-300x200.jpeg 300w, https:\/\/l21.mx\/wp-content\/uploads\/2023\/04\/WhatsApp-Image-2023-04-18-at-18.06.01-1024x684.jpeg 1024w, https:\/\/l21.mx\/wp-content\/uploads\/2023\/04\/WhatsApp-Image-2023-04-18-at-18.06.01-768x513.jpeg 768w, https:\/\/l21.mx\/wp-content\/uploads\/2023\/04\/WhatsApp-Image-2023-04-18-at-18.06.01-1536x1025.jpeg 1536w, https:\/\/l21.mx\/wp-content\/uploads\/2023\/04\/WhatsApp-Image-2023-04-18-at-18.06.01-1200x801.jpeg 1200w, https:\/\/l21.mx\/wp-content\/uploads\/2023\/04\/WhatsApp-Image-2023-04-18-at-18.06.01-1170x781.jpeg 1170w, https:\/\/l21.mx\/wp-content\/uploads\/2023\/04\/WhatsApp-Image-2023-04-18-at-18.06.01-585x390.jpeg 585w, https:\/\/l21.mx\/wp-content\/uploads\/2023\/04\/WhatsApp-Image-2023-04-18-at-18.06.01-263x175.jpeg 263w, https:\/\/l21.mx\/wp-content\/uploads\/2023\/04\/WhatsApp-Image-2023-04-18-at-18.06.01.jpeg 1600w\" sizes=\"(max-width: 300px) 100vw, 300px\" \/><\/a><\/p>\n<p>Chiapas.- La gobernadora Mara Lezama Espinosa particip\u00f3 en el 7\u00ba Encuentro de Gobernadores, con la presencia del embajador de los Estados Unidos Ken Salazar, y gobernadores del Sur-Sureste, en el que se realizaron trabajos para que, dentro de un Nuevo Acuerdo, se promuevan y fortalezca esta regi\u00f3n de M\u00e9xico. Anunci\u00f3 que la pr\u00f3xima reuni\u00f3n ser\u00e1 en la ciudad de Canc\u00fan.<\/p>\n<p>Con la presencia de los gobernadores de Campeche, Yucat\u00e1n, Tabasco, Oaxaca y Chiapas, Mara Lezama dej\u00f3 en claro que el futuro del pa\u00eds est\u00e1 en el desarrollo del Sur-Sureste, donde actualmente el Gobierno de M\u00e9xico construye una obra hist\u00f3rica como es el Tren Maya.<\/p>\n<p>\u201cEn Quintana Roo se trabaja bajo un Nuevo Acuerdo por el Bienestar y Desarrollo que suma el trabajo en unidad de todos los sectores econ\u00f3micos, grupos sociales, gobierno y sociedad civil, a fin que la prosperidad sea compartida\u201d, a\u00f1adi\u00f3.<\/p>\n<p>Mara Lezama precis\u00f3 que el Sur-Sureste tiene infinitas oportunidades para su desarrollo, pero tambi\u00e9n rezagos, retos muy profundos a los que se debe hacer frente con unidad, con una visi\u00f3n com\u00fan y con respuestas creativas y decisiones pol\u00edticas firmes.<\/p>\n<p>Asimismo, destac\u00f3 que la regi\u00f3n Sur-Sureste, por primera vez en d\u00e9cadas, recibe una inversi\u00f3n hist\u00f3rica en infraestructura como son el Tren Maya, el corredor interoce\u00e1nico del Istmo de Tehuantepec y la refiner\u00eda Dos Bocas.<\/p>\n<p>Propuso que, como Coordinadora de la Comisi\u00f3n para el Desarrollo de la Regi\u00f3n Sur-Sureste de la Conago, se haga una agenda tem\u00e1tica y un programa de trabajo y sea esta Comisi\u00f3n el mecanismo sustentable para darle continuidad y agilidad a los proyectos.<\/p>\n<p><a href=\"https:\/\/l21.mx\/wp-content\/uploads\/2023\/04\/WhatsApp-Image-2023-04-18-at-18.06.02.jpeg\" data-rel=\"penci-gallery-image-content\" ><img decoding=\"async\" class=\"alignnone size-medium wp-image-55429\" src=\"https:\/\/l21.mx\/wp-content\/uploads\/2023\/04\/WhatsApp-Image-2023-04-18-at-18.06.02-287x300.jpeg\" alt=\"\" width=\"287\" height=\"300\" srcset=\"https:\/\/l21.mx\/wp-content\/uploads\/2023\/04\/WhatsApp-Image-2023-04-18-at-18.06.02-287x300.jpeg 287w, https:\/\/l21.mx\/wp-content\/uploads\/2023\/04\/WhatsApp-Image-2023-04-18-at-18.06.02-980x1024.jpeg 980w, https:\/\/l21.mx\/wp-content\/uploads\/2023\/04\/WhatsApp-Image-2023-04-18-at-18.06.02-768x802.jpeg 768w, https:\/\/l21.mx\/wp-content\/uploads\/2023\/04\/WhatsApp-Image-2023-04-18-at-18.06.02-1471x1536.jpeg 1471w, https:\/\/l21.mx\/wp-content\/uploads\/2023\/04\/WhatsApp-Image-2023-04-18-at-18.06.02-862x900.jpeg 862w, https:\/\/l21.mx\/wp-content\/uploads\/2023\/04\/WhatsApp-Image-2023-04-18-at-18.06.02-1170x1222.jpeg 1170w, https:\/\/l21.mx\/wp-content\/uploads\/2023\/04\/WhatsApp-Image-2023-04-18-at-18.06.02-585x611.jpeg 585w, https:\/\/l21.mx\/wp-content\/uploads\/2023\/04\/WhatsApp-Image-2023-04-18-at-18.06.02.jpeg 1532w\" sizes=\"(max-width: 287px) 100vw, 287px\" \/><\/a><\/p>\n<p>Los temas que se desarrollaron en este encuentro fueron: Avances en el desarrollo econ\u00f3mico del sur sureste y anuncios de proyectos; Sur-Sureste M\u00e9xico. El Epicentro de la conservaci\u00f3n y oportunidades del cambio clim\u00e1tico, con presentaciones, di\u00e1logo y actualizaciones sobre los esfuerzos de conservaci\u00f3n en curso en y entre los estados de la regi\u00f3n.<\/p>\n<p>Por su parte, el embajador Ken Salazar, reconoci\u00f3 la disposici\u00f3n de los gobernadores para trabajar coordinados en busca de mejorar las condiciones de vida de sus ciudadanos atrayendo proyectos e inversi\u00f3n que permite mayor empleo y bienestar social.<\/p>\n<p>\u201cHay muchas oportunidades en el Sur-Sureste y como dice Mara, agarrar el toro por los cuernos para que a trav\u00e9s de la Conago se impulse a la regi\u00f3n\u201d, a\u00f1adi\u00f3.<\/p>\n","protected":false},"excerpt":{"rendered":"<p>El futuro de M\u00e9xico est\u00e1 en el desarrollo del Sur-Sureste: Mara Lezama &#8211; Durante el 7\u00ba&hellip;<\/p>\n","protected":false},"author":100,"featured_media":55430,"comment_status":"closed","ping_status":"closed","sticky":false,"template":"","format":"standard","meta":{"_acf_changed":false,"_lmt_disableupdate":"","_lmt_disable":"","_mbp_gutenberg_autopost":false,"footnotes":""},"categories":[23,1656],"tags":[],"class_list":["post-55428","post","type-post","status-publish","format-standard","has-post-thumbnail","hentry","category-noticias","category-quintana-roo"],"acf":[],"_links":{"self":[{"href":"https:\/\/l21.mx\/index.php?rest_route=\/wp\/v2\/posts\/55428","targetHints":{"allow":["GET"]}}],"collection":[{"href":"https:\/\/l21.mx\/index.php?rest_route=\/wp\/v2\/posts"}],"about":[{"href":"https:\/\/l21.mx\/index.php?rest_route=\/wp\/v2\/types\/post"}],"author":[{"embeddable":true,"href":"https:\/\/l21.mx\/index.php?rest_route=\/wp\/v2\/users\/100"}],"replies":[{"embeddable":true,"href":"https:\/\/l21.mx\/index.php?rest_route=%2Fwp%2Fv2%2Fcomments&post=55428"}],"version-history":[{"count":0,"href":"https:\/\/l21.mx\/index.php?rest_route=\/wp\/v2\/posts\/55428\/revisions"}],"wp:featuredmedia":[{"embeddable":true,"href":"https:\/\/l21.mx\/index.php?rest_route=\/wp\/v2\/media\/55430"}],"wp:attachment":[{"href":"https:\/\/l21.mx\/index.php?rest_route=%2Fwp%2Fv2%2Fmedia&parent=55428"}],"wp:term":[{"taxonomy":"category","embeddable":true,"href":"https:\/\/l21.mx\/index.php?rest_route=%2Fwp%2Fv2%2Fcategories&post=55428"},{"taxonomy":"post_tag","embeddable":true,"href":"https:\/\/l21.mx\/index.php?rest_route=%2Fwp%2Fv2%2Ftags&post=55428"}],"curies":[{"name":"wp","href":"https:\/\/api.w.org\/{rel}","templated":true}]}}