{"id":55447,"date":"2023-04-19T15:09:10","date_gmt":"2023-04-19T20:09:10","guid":{"rendered":"https:\/\/l21.mx\/?p=55447"},"modified":"2023-04-19T15:09:10","modified_gmt":"2023-04-19T20:09:10","slug":"saldo-blanco-en-temporada-vacacional-en-playa-del-carmen","status":"publish","type":"post","link":"https:\/\/l21.mx\/?p=55447","title":{"rendered":"Saldo blanco en temporada vacacional en Playa del Carmen"},"content":{"rendered":"<p>\u2022 Durante el informe semanal, la presidenta municipal dio a conocer que se refuerza la iluminaci\u00f3n de la ciudad, se instalan sem\u00e1foros y se atiende a Puerto Aventuras<\/p>\n<p><a href=\"https:\/\/l21.mx\/wp-content\/uploads\/2023\/04\/WhatsApp-Image-2023-04-19-at-14.29.47.jpeg\" data-rel=\"penci-gallery-image-content\" ><img fetchpriority=\"high\" decoding=\"async\" class=\"alignnone size-medium wp-image-55449\" src=\"https:\/\/l21.mx\/wp-content\/uploads\/2023\/04\/WhatsApp-Image-2023-04-19-at-14.29.47-300x200.jpeg\" alt=\"\" width=\"300\" height=\"200\" srcset=\"https:\/\/l21.mx\/wp-content\/uploads\/2023\/04\/WhatsApp-Image-2023-04-19-at-14.29.47-300x200.jpeg 300w, https:\/\/l21.mx\/wp-content\/uploads\/2023\/04\/WhatsApp-Image-2023-04-19-at-14.29.47-1024x682.jpeg 1024w, https:\/\/l21.mx\/wp-content\/uploads\/2023\/04\/WhatsApp-Image-2023-04-19-at-14.29.47-768x512.jpeg 768w, https:\/\/l21.mx\/wp-content\/uploads\/2023\/04\/WhatsApp-Image-2023-04-19-at-14.29.47-1200x800.jpeg 1200w, https:\/\/l21.mx\/wp-content\/uploads\/2023\/04\/WhatsApp-Image-2023-04-19-at-14.29.47-1170x780.jpeg 1170w, https:\/\/l21.mx\/wp-content\/uploads\/2023\/04\/WhatsApp-Image-2023-04-19-at-14.29.47-585x390.jpeg 585w, https:\/\/l21.mx\/wp-content\/uploads\/2023\/04\/WhatsApp-Image-2023-04-19-at-14.29.47-263x175.jpeg 263w, https:\/\/l21.mx\/wp-content\/uploads\/2023\/04\/WhatsApp-Image-2023-04-19-at-14.29.47.jpeg 1280w\" sizes=\"(max-width: 300px) 100vw, 300px\" \/><\/a><\/p>\n<p>Playa del Carmen, Solidaridad, 19 de abril del 2023.- Las vacaciones de Semana Santa en Solidaridad concluyeron con saldo blanco, inform\u00f3 la presidenta Lili Campos durante su Informe Semanal, resultado del operativo a cargo de autoridades municipales, estatales y federales en las arterias p\u00fablicas y en la zona de playas, las cuales fueron visitadas por m\u00e1s de 198 mil personas.<\/p>\n<p>Lili Campos destac\u00f3 que, adem\u00e1s, se refuerza la iluminaci\u00f3n en las zonas de circulaci\u00f3n vehicular para garantizar la seguridad de todas y todos los solidarenses. Hasta el d\u00eda de hoy, Solidaridad se encuentra iluminado al 92%. \u201cEs preciso recordar que tenemos un proyecto de iluminaci\u00f3n integral que contempla siete mil luminarias, abarca avenidas primarias y del primer cuadro de la ciudad, m\u00e1s las que se han rehabilitado\u201d explic\u00f3.<\/p>\n<p>La edil a\u00f1adi\u00f3 que en ese proyecto est\u00e1 el programa de sem\u00e1foros inteligentes en algunos cruces, donde ya se est\u00e1n instalando y en otros solo se les est\u00e1 dando mantenimiento, lo que mejorar\u00e1 el tr\u00e1fico vehicular y coadyuvar en alg\u00fan caso de emergencia. \u201cEn el centro de control podemos controlar los sem\u00e1foros, por lo que, en caso de alguna emergencia, desde ese centro podemos activar en verde o en rojo los sem\u00e1foros para que pueda pasar ya sea una ambulancia o una patrulla\u201d dijo.<\/p>\n<p>Puerto Aventuras tambi\u00e9n dar\u00e1 un paso adelante para disponer de mejores servicios y una mejor imagen urbana. En breve se instalar\u00e1n los primeros sem\u00e1foros en el cruzamiento de la Calzada del Sol con Gal\u00e1n de Noche y sobre la Calzada Puerto Maya cruzamiento con Calzada del Sol.<\/p>\n<p>Para finalizar, la presidenta indic\u00f3 que este 23 de abril, por primera vez en Am\u00e9rica Latina, se llevar\u00e1 a cabo en nuestro municipio el evento Gran Fondo World Tour 2023, el circuito internacional, semiprofesional y amateur m\u00e1s grande del mundo, que recorrer\u00e1 tres municipios del estado. \u201cQueremos posicionar a nuestro destino en otros mercados y atraer todo tipo de eventos deportivos, ampliando nuestra gama de atractivos, en beneficio de la econom\u00eda de las familias solidarenses\u201d.<\/p>\n","protected":false},"excerpt":{"rendered":"<p>\u2022 Durante el informe semanal, la presidenta municipal dio a conocer que se refuerza la iluminaci\u00f3n&hellip;<\/p>\n","protected":false},"author":100,"featured_media":55448,"comment_status":"closed","ping_status":"closed","sticky":false,"template":"","format":"standard","meta":{"_acf_changed":false,"_lmt_disableupdate":"","_lmt_disable":"","_mbp_gutenberg_autopost":false,"footnotes":""},"categories":[23,1654],"tags":[],"class_list":["post-55447","post","type-post","status-publish","format-standard","has-post-thumbnail","hentry","category-noticias","category-solidaridad"],"acf":[],"_links":{"self":[{"href":"https:\/\/l21.mx\/index.php?rest_route=\/wp\/v2\/posts\/55447","targetHints":{"allow":["GET"]}}],"collection":[{"href":"https:\/\/l21.mx\/index.php?rest_route=\/wp\/v2\/posts"}],"about":[{"href":"https:\/\/l21.mx\/index.php?rest_route=\/wp\/v2\/types\/post"}],"author":[{"embeddable":true,"href":"https:\/\/l21.mx\/index.php?rest_route=\/wp\/v2\/users\/100"}],"replies":[{"embeddable":true,"href":"https:\/\/l21.mx\/index.php?rest_route=%2Fwp%2Fv2%2Fcomments&post=55447"}],"version-history":[{"count":0,"href":"https:\/\/l21.mx\/index.php?rest_route=\/wp\/v2\/posts\/55447\/revisions"}],"wp:featuredmedia":[{"embeddable":true,"href":"https:\/\/l21.mx\/index.php?rest_route=\/wp\/v2\/media\/55448"}],"wp:attachment":[{"href":"https:\/\/l21.mx\/index.php?rest_route=%2Fwp%2Fv2%2Fmedia&parent=55447"}],"wp:term":[{"taxonomy":"category","embeddable":true,"href":"https:\/\/l21.mx\/index.php?rest_route=%2Fwp%2Fv2%2Fcategories&post=55447"},{"taxonomy":"post_tag","embeddable":true,"href":"https:\/\/l21.mx\/index.php?rest_route=%2Fwp%2Fv2%2Ftags&post=55447"}],"curies":[{"name":"wp","href":"https:\/\/api.w.org\/{rel}","templated":true}]}}