{"id":55484,"date":"2023-04-20T20:39:23","date_gmt":"2023-04-21T01:39:23","guid":{"rendered":"https:\/\/l21.mx\/?p=55484"},"modified":"2023-04-20T20:40:05","modified_gmt":"2023-04-21T01:40:05","slug":"compra-tayikistan-avion-presidencial-de-mexico-por-1625-mdp","status":"publish","type":"post","link":"https:\/\/l21.mx\/?p=55484","title":{"rendered":"Compra Tayikist\u00e1n avi\u00f3n presidencial de M\u00e9xico por 1,658 mdp"},"content":{"rendered":"<p>&nbsp;<\/p>\n<p>Lo que parec\u00eda impensable, ocurri\u00f3: despu\u00e9s de tanto tiempo de intentos, y que hasta se rif\u00f3,: el avi\u00f3n presidencial de M\u00e9xico que Andr\u00e9s Manuel L\u00f3pez Obrador se neg\u00f3 a usar fue comprado por el gobierno de Tayikist\u00e1n.<\/p>\n<p>El gobierno federal de M\u00e9xico inform\u00f3 que la transacci\u00f3n fue por un costo de mil 658 millones 684 mil 400 pesos y que ya se hizo la transferencia.<\/p>\n<p>L\u00f3pez Obrador inform\u00f3 en sus redes sociales que el avi\u00f3n<strong>\u00a0fue comprado por el gobierno de Tayikist\u00e1n y que incluso ya fue pagado.<\/strong><\/p>\n<p><a href=\"https:\/\/l21.mx\/wp-content\/uploads\/2023\/04\/avion2-scaled.jpg\" data-rel=\"penci-gallery-image-content\" ><img fetchpriority=\"high\" decoding=\"async\" class=\"alignnone size-medium wp-image-55486\" src=\"https:\/\/l21.mx\/wp-content\/uploads\/2023\/04\/avion2-300x200.jpg\" alt=\"\" width=\"300\" height=\"200\" srcset=\"https:\/\/l21.mx\/wp-content\/uploads\/2023\/04\/avion2-300x200.jpg 300w, https:\/\/l21.mx\/wp-content\/uploads\/2023\/04\/avion2-1024x683.jpg 1024w, https:\/\/l21.mx\/wp-content\/uploads\/2023\/04\/avion2-768x512.jpg 768w, https:\/\/l21.mx\/wp-content\/uploads\/2023\/04\/avion2-1536x1024.jpg 1536w, https:\/\/l21.mx\/wp-content\/uploads\/2023\/04\/avion2-2048x1365.jpg 2048w, https:\/\/l21.mx\/wp-content\/uploads\/2023\/04\/avion2-1200x800.jpg 1200w, https:\/\/l21.mx\/wp-content\/uploads\/2023\/04\/avion2-1920x1280.jpg 1920w, https:\/\/l21.mx\/wp-content\/uploads\/2023\/04\/avion2-1170x780.jpg 1170w, https:\/\/l21.mx\/wp-content\/uploads\/2023\/04\/avion2-585x390.jpg 585w, https:\/\/l21.mx\/wp-content\/uploads\/2023\/04\/avion2-263x175.jpg 263w\" sizes=\"(max-width: 300px) 100vw, 300px\" \/><\/a><\/p>\n<p>Incluso, dijo que el pago se realiz\u00f3 \u201ca la cuenta del Instituto para Devolver al Pueblo lo Robado. Este dinero se invertir\u00e1 en dos hospitales, en Tlapa, Guerrero y en Tuxtepec, Oaxaca, que ser\u00e1n construidos por los ingenieros militares e inaugurados antes de terminar nuestro mandato\u201d.<\/p>\n<p>Por su parte, Jorge Mendoza, director de Banobras, inform\u00f3 que el gobierno de <strong>Tayikist\u00e1n ya pag\u00f3 el total del avi\u00f3n presidencial\u00a0<\/strong>y que tiene diez d\u00edas para llevarse el Boeing 787-8 de M\u00e9xico.<\/p>\n<p>En el\u00a0<strong>video, grabado desde el avi\u00f3n presidencial,\u00a0<\/strong>L\u00f3pez Obrador estuvo acompa\u00f1ado del secretario de Defensa, Luis Cresencio Sandoval Gonz\u00e1lez, del director del Instituto para devolverle al pueblo lo robado, Ernesto Prieto y del director de Banobras, Jorge Mendoza.<\/p>\n","protected":false},"excerpt":{"rendered":"<p>&nbsp; Lo que parec\u00eda impensable, ocurri\u00f3: despu\u00e9s de tanto tiempo de intentos, y que hasta se&hellip;<\/p>\n","protected":false},"author":100,"featured_media":55485,"comment_status":"closed","ping_status":"closed","sticky":false,"template":"","format":"standard","meta":{"_acf_changed":false,"_lmt_disableupdate":"","_lmt_disable":"","_mbp_gutenberg_autopost":false,"footnotes":""},"categories":[23],"tags":[],"class_list":["post-55484","post","type-post","status-publish","format-standard","has-post-thumbnail","hentry","category-noticias"],"acf":[],"_links":{"self":[{"href":"https:\/\/l21.mx\/index.php?rest_route=\/wp\/v2\/posts\/55484","targetHints":{"allow":["GET"]}}],"collection":[{"href":"https:\/\/l21.mx\/index.php?rest_route=\/wp\/v2\/posts"}],"about":[{"href":"https:\/\/l21.mx\/index.php?rest_route=\/wp\/v2\/types\/post"}],"author":[{"embeddable":true,"href":"https:\/\/l21.mx\/index.php?rest_route=\/wp\/v2\/users\/100"}],"replies":[{"embeddable":true,"href":"https:\/\/l21.mx\/index.php?rest_route=%2Fwp%2Fv2%2Fcomments&post=55484"}],"version-history":[{"count":0,"href":"https:\/\/l21.mx\/index.php?rest_route=\/wp\/v2\/posts\/55484\/revisions"}],"wp:featuredmedia":[{"embeddable":true,"href":"https:\/\/l21.mx\/index.php?rest_route=\/wp\/v2\/media\/55485"}],"wp:attachment":[{"href":"https:\/\/l21.mx\/index.php?rest_route=%2Fwp%2Fv2%2Fmedia&parent=55484"}],"wp:term":[{"taxonomy":"category","embeddable":true,"href":"https:\/\/l21.mx\/index.php?rest_route=%2Fwp%2Fv2%2Fcategories&post=55484"},{"taxonomy":"post_tag","embeddable":true,"href":"https:\/\/l21.mx\/index.php?rest_route=%2Fwp%2Fv2%2Ftags&post=55484"}],"curies":[{"name":"wp","href":"https:\/\/api.w.org\/{rel}","templated":true}]}}