{"id":55536,"date":"2023-04-22T18:34:54","date_gmt":"2023-04-22T23:34:54","guid":{"rendered":"https:\/\/l21.mx\/?p=55536"},"modified":"2023-04-22T18:34:54","modified_gmt":"2023-04-22T23:34:54","slug":"eligen-en-solidaridad-cabildo-infantil-por-un-dia","status":"publish","type":"post","link":"https:\/\/l21.mx\/?p=55536","title":{"rendered":"Eligen en Solidaridad Cabildo Infantil por un D\u00eda"},"content":{"rendered":"<p>&nbsp;<\/p>\n<p>\u2022 Su primera participaci\u00f3n ser\u00e1 el 27 de abril en el sal\u00f3n de sesiones \u201cLeona Vicario\u201d, a las 10 horas<\/p>\n<p><a href=\"https:\/\/l21.mx\/wp-content\/uploads\/2023\/04\/WhatsApp-Image-2023-04-22-at-16.47.16.jpeg\" data-rel=\"penci-gallery-image-content\" ><img fetchpriority=\"high\" decoding=\"async\" class=\"alignnone size-medium wp-image-55537\" src=\"https:\/\/l21.mx\/wp-content\/uploads\/2023\/04\/WhatsApp-Image-2023-04-22-at-16.47.16-300x225.jpeg\" alt=\"\" width=\"300\" height=\"225\" srcset=\"https:\/\/l21.mx\/wp-content\/uploads\/2023\/04\/WhatsApp-Image-2023-04-22-at-16.47.16-300x225.jpeg 300w, https:\/\/l21.mx\/wp-content\/uploads\/2023\/04\/WhatsApp-Image-2023-04-22-at-16.47.16-1024x768.jpeg 1024w, https:\/\/l21.mx\/wp-content\/uploads\/2023\/04\/WhatsApp-Image-2023-04-22-at-16.47.16-768x576.jpeg 768w, https:\/\/l21.mx\/wp-content\/uploads\/2023\/04\/WhatsApp-Image-2023-04-22-at-16.47.16-1536x1152.jpeg 1536w, https:\/\/l21.mx\/wp-content\/uploads\/2023\/04\/WhatsApp-Image-2023-04-22-at-16.47.16-1200x900.jpeg 1200w, https:\/\/l21.mx\/wp-content\/uploads\/2023\/04\/WhatsApp-Image-2023-04-22-at-16.47.16-1170x878.jpeg 1170w, https:\/\/l21.mx\/wp-content\/uploads\/2023\/04\/WhatsApp-Image-2023-04-22-at-16.47.16-585x439.jpeg 585w, https:\/\/l21.mx\/wp-content\/uploads\/2023\/04\/WhatsApp-Image-2023-04-22-at-16.47.16.jpeg 1600w\" sizes=\"(max-width: 300px) 100vw, 300px\" \/><\/a><\/p>\n<p>Playa del Carmen, Solidaridad, a 22 de abril de 2023.- Un total de 25 estudiantes de quinto y sexto grados de primaria de escuelas p\u00fablicas y privadas participaron en la elecci\u00f3n del \u201cCabildo Infantil por un D\u00eda\u201d convocado por el gobierno municipal que encabeza Lili Campos.<\/p>\n<p>Los participantes presentaron una exposici\u00f3n oral de diversos temas, como mecanismo de exposici\u00f3n ciudadana donde son escuchados y tomamos en cuenta, dio a conocer el director de Educaci\u00f3n Desarrollo Humano y Bibliotecas P\u00fablicas, Javier Basurto Campos. \u201cCon estas acciones enfocamos a las y los ni\u00f1os de Solidaridad a retomar temas de gran valor en la familia y la sociedad\u00bb indic\u00f3.<\/p>\n<p>Los estudiantes emitieron ideas y propuestas sobre: Derechos de las Ni\u00f1as y los Ni\u00f1os; La biodiversidad y los efectos del cambio clim\u00e1tico; La escuela que quiero; El uso adecuado de la tecnolog\u00eda; Democracia y combate contra la corrupci\u00f3n; Acoso escolar (Bullying); Educaci\u00f3n y los valores en la familia, as\u00ed como Ni\u00f1as y ni\u00f1os saludables.<\/p>\n<p>Finalmente, el Cabildo Infantil fue seleccionado por el jurado y conformado por 17 ni\u00f1os, que consta de un presidente municipal infantil, un s\u00edndico municipal infantil y 15 regidores infantiles.<\/p>\n<p>Posteriormente, se dio a conocer que se llevar\u00e1 a cabo la primera participaci\u00f3n de los menores el 27 de abril en las instalaciones del sal\u00f3n de sesiones \u201cLeona Vicario\u201d en punto de las 10 horas.<\/p>\n","protected":false},"excerpt":{"rendered":"<p>&nbsp; \u2022 Su primera participaci\u00f3n ser\u00e1 el 27 de abril en el sal\u00f3n de sesiones \u201cLeona&hellip;<\/p>\n","protected":false},"author":100,"featured_media":55538,"comment_status":"closed","ping_status":"closed","sticky":false,"template":"","format":"standard","meta":{"_acf_changed":false,"_lmt_disableupdate":"","_lmt_disable":"","_mbp_gutenberg_autopost":false,"footnotes":""},"categories":[1654],"tags":[],"class_list":["post-55536","post","type-post","status-publish","format-standard","has-post-thumbnail","hentry","category-solidaridad"],"acf":[],"_links":{"self":[{"href":"https:\/\/l21.mx\/index.php?rest_route=\/wp\/v2\/posts\/55536","targetHints":{"allow":["GET"]}}],"collection":[{"href":"https:\/\/l21.mx\/index.php?rest_route=\/wp\/v2\/posts"}],"about":[{"href":"https:\/\/l21.mx\/index.php?rest_route=\/wp\/v2\/types\/post"}],"author":[{"embeddable":true,"href":"https:\/\/l21.mx\/index.php?rest_route=\/wp\/v2\/users\/100"}],"replies":[{"embeddable":true,"href":"https:\/\/l21.mx\/index.php?rest_route=%2Fwp%2Fv2%2Fcomments&post=55536"}],"version-history":[{"count":0,"href":"https:\/\/l21.mx\/index.php?rest_route=\/wp\/v2\/posts\/55536\/revisions"}],"wp:featuredmedia":[{"embeddable":true,"href":"https:\/\/l21.mx\/index.php?rest_route=\/wp\/v2\/media\/55538"}],"wp:attachment":[{"href":"https:\/\/l21.mx\/index.php?rest_route=%2Fwp%2Fv2%2Fmedia&parent=55536"}],"wp:term":[{"taxonomy":"category","embeddable":true,"href":"https:\/\/l21.mx\/index.php?rest_route=%2Fwp%2Fv2%2Fcategories&post=55536"},{"taxonomy":"post_tag","embeddable":true,"href":"https:\/\/l21.mx\/index.php?rest_route=%2Fwp%2Fv2%2Ftags&post=55536"}],"curies":[{"name":"wp","href":"https:\/\/api.w.org\/{rel}","templated":true}]}}